{"id":981,"date":"2019-09-18T22:12:21","date_gmt":"2019-09-18T21:12:21","guid":{"rendered":"http:\/\/www.aupadre.fr\/?p=981"},"modified":"2021-12-04T00:29:11","modified_gmt":"2021-12-03T23:29:11","slug":"parking-rakett","status":"publish","type":"post","link":"https:\/\/www.aupadre.fr\/?p=981","title":{"rendered":"Contre le racket des parkings, Signez la p\u00e9tition"},"content":{"rendered":"\n<p> Augmentation constante des frais de transport&#8230; conditions de trajets  d\u00e9grad\u00e9es, carence de bus dans des tranches horaires acceptables&#8230; Et  maintenant parkings payants ! Tandis que la R\u00e9gion finance des parkings  relais gratuits&#8230; STOP !!<\/p>\n\n\n\n<figure class=\"wp-block-image size-large is-resized\"><img loading=\"lazy\" decoding=\"async\" src=\"http:\/\/www.aupadre.fr\/wp-content\/uploads\/2019\/11\/thumbnail_tract-gratuit-102019.jpg\" alt=\"\" class=\"wp-image-1191\" width=\"208\" height=\"145\"\/><\/figure>\n\n\n\n<div class=\"wp-block-image\"><figure class=\"alignright\"><a href=\"https:\/\/www.mesopinions.com\/petition\/social\/contre-racket-parkings-transilien-lignen\/73304\" target=\"_blank\" rel=\"noreferrer noopener\"><img loading=\"lazy\" decoding=\"async\" width=\"100\" height=\"100\" src=\"http:\/\/www.aupadre.fr\/wp-content\/uploads\/2019\/09\/petition-sign2-1-e1569088129786.png\" alt=\"lien html\" class=\"wp-image-1027\"\/><\/a><\/figure><\/div>\n\n\n\n<p>Les d\u00e9cisions prises par la Communaut\u00e9 de Communes C\u0153ur d\u2019Yvelines (CCCY) sont incompr\u00e9hensibles.<br> <\/p>\n\n\n\n<p>\u2022 Aucune concertation avec les usagers, pourtant premiers concern\u00e9s&nbsp;! A croire que nos d\u00e9cideurs ne prennent pas les transports en commun&nbsp;et ne savent pas ce que nous vivons.<\/p>\n\n\n\n<p>\u2022 Choix d\u2019un parking payant, \u00ab \u00e0 but lucratif \u00bb, sans transparence sur les d\u00e9cisions, ni sur l\u2019appel d\u2019offre. Alors que le Conseil r\u00e9gional se prononce pour la gratuit\u00e9&nbsp;!<\/p>\n\n\n\n<p>\u2022 Transfert des b\u00e9n\u00e9fices vers le Priv\u00e9, tandis qu\u2019ils pourraient revenir aux communes.<\/p>\n\n\n\n<p>\u2022 Quelles r\u00e8gles de gestion des \u00ab files d\u2019attente \u00bb en cas de saturation des abonnements ? (par ex, \u00e0 Villiers, on ne peut plus souscrire d\u2019abonnement\u2026). Quelles garanties d\u2019acc\u00e8s&nbsp;? Va-t-on pratiquer le surbooking au risque d\u2019\u00e9vincer des abonn\u00e9s ?<\/p>\n\n\n\n<p>\u2022 Variabilit\u00e9 des prix entre communes limitrophes&nbsp;(ex. 20 \u20ac Villiers, 17 \u20ac M\u00e9r\u00e9, 35 \u20ac Houdan) et sans quotient familial, c\u2019est-\u00e0-dire un peu plus porteuse d\u2019in\u00e9galit\u00e9 sociale.<\/p>\n\n\n\n<p>\u2022 Un non-sens \u00e9cologiqu<strong>e<\/strong> tandis qu\u2019il faut inciter \u00e0 utiliser les transports en commun.<\/p>\n\n\n\n<p>\u2022 Une mesure qui ne r\u00e9soudra pas, \u00e0 long terme, l\u2019engorgement des parkings, qui seront seulement devenus payants\u2026<\/p>\n\n\n\n<p>Site internet de la ville de Montfort\nl\u2019Amaury : <em>les parkings \u00ab deviendront payants, avec un tarif diff\u00e9renci\u00e9\nplus avantageux pour les habitants de C\u0153ur d\u2019Yvelines afin d\u2019\u00e9carter les\nv\u00e9hicules des territoires voisins, principaux responsables de la saturation du\nparc\u2026\u00bb<\/em><\/p>\n\n\n\n<p>Pourquoi les \u00e9lus n\u2019ont-ils pas travaill\u00e9 ensemble pour assurer la gratuit\u00e9 de tous les parkings&nbsp;?<\/p>\n\n\n\n<p>Parce qu\u2019elle alerte depuis 2004 les communes sur les besoins de la population, AUPADRE met en ligne une p\u00e9tition&nbsp;: \u00a0\u00bb Pour que TOUS les parkings soient gratuits au plus proche du domicile\u00a0\u00bb.<\/p>\n\n\n\n<figure class=\"wp-block-image\"><img loading=\"lazy\" decoding=\"async\" width=\"1024\" height=\"725\" src=\"http:\/\/www.aupadre.fr\/wp-content\/uploads\/2019\/09\/Cherchez-lerreur-1-1024x725.jpg\" alt=\"\" class=\"wp-image-1042\" srcset=\"https:\/\/www.aupadre.fr\/wp-content\/uploads\/2019\/09\/Cherchez-lerreur-1-1024x725.jpg 1024w, https:\/\/www.aupadre.fr\/wp-content\/uploads\/2019\/09\/Cherchez-lerreur-1-300x212.jpg 300w, https:\/\/www.aupadre.fr\/wp-content\/uploads\/2019\/09\/Cherchez-lerreur-1-768x544.jpg 768w\" sizes=\"auto, (max-width: 1024px) 100vw, 1024px\" \/><\/figure>\n\n\n\n<figure class=\"wp-block-image\"><img loading=\"lazy\" decoding=\"async\" width=\"620\" height=\"296\" src=\"http:\/\/www.aupadre.fr\/wp-content\/uploads\/2019\/09\/Budget-CCCY.png\" alt=\"\" class=\"wp-image-1009\" srcset=\"https:\/\/www.aupadre.fr\/wp-content\/uploads\/2019\/09\/Budget-CCCY.png 620w, https:\/\/www.aupadre.fr\/wp-content\/uploads\/2019\/09\/Budget-CCCY-300x143.png 300w\" sizes=\"auto, (max-width: 620px) 100vw, 620px\" \/><\/figure>\n\n\n\n<p style=\"font-size:34px\">Lettre d&rsquo;Aupadre \u00e0 la Communaut\u00e9 de commune C\u0153ur d&rsquo;Yvelines<a href=\"http:\/\/www.aupadre.fr\/wp-content\/uploads\/2019\/09\/Lettre-aux-%C3%A9lus-ParkingsV4-compressed.pdf\"> ICI<\/a><\/p>\n\n\n\n<p style=\"font-size:31px\"><\/p>\n\n\n\n<p style=\"font-size:31px\"><a href=\"https:\/\/www.mesopinions.com\/petition\/social\/contre-racket-parkings-transilien-ligne\/73304\">Pour que TOUS les parkings soient gratuits au plus proche du domicile<\/a><\/p>\n","protected":false},"excerpt":{"rendered":"<p>Augmentation constante des frais de transport&#8230; conditions de trajets d\u00e9grad\u00e9es, carence de bus dans des tranches horaires acceptables&#8230; Et maintenant parkings payants ! Tandis que la R\u00e9gion finance des parkings relais gratuits&#8230; STOP !! Les d\u00e9cisions prises par la Communaut\u00e9&hellip; <\/p>\n","protected":false},"author":1,"featured_media":0,"comment_status":"open","ping_status":"closed","sticky":false,"template":"","format":"standard","meta":{"_monsterinsights_skip_tracking":false,"_monsterinsights_sitenote_active":false,"_monsterinsights_sitenote_note":"","_monsterinsights_sitenote_category":0,"footnotes":""},"categories":[1],"tags":[118,89,22,33,21],"class_list":["post-981","post","type-post","status-publish","format-standard","hentry","category-actions-encours","tag-118","tag-aupadre-2","tag-gratuite","tag-ligne-n","tag-parkings"],"yoast_head":"<!-- This site is optimized with the Yoast SEO plugin v27.5 - https:\/\/yoast.com\/product\/yoast-seo-wordpress\/ -->\n<title>Contre le racket des parkings, Signez la p\u00e9tition - AUPADRE<\/title>\n<meta name=\"robots\" content=\"index, follow, max-snippet:-1, max-image-preview:large, max-video-preview:-1\" \/>\n<link rel=\"canonical\" href=\"https:\/\/www.aupadre.fr\/?p=981\" \/>\n<meta property=\"og:locale\" content=\"fr_FR\" \/>\n<meta property=\"og:type\" content=\"article\" \/>\n<meta property=\"og:title\" content=\"Contre le racket des parkings, Signez la p\u00e9tition - AUPADRE\" \/>\n<meta property=\"og:description\" content=\"Augmentation constante des frais de transport&#8230; conditions de trajets d\u00e9grad\u00e9es, carence de bus dans des tranches horaires acceptables&#8230; Et maintenant parkings payants ! Tandis que la R\u00e9gion finance des parkings relais gratuits&#8230; STOP !! Les d\u00e9cisions prises par la Communaut\u00e9&hellip;\" \/>\n<meta property=\"og:url\" content=\"https:\/\/www.aupadre.fr\/?p=981\" \/>\n<meta property=\"og:site_name\" content=\"AUPADRE\" \/>\n<meta property=\"article:published_time\" content=\"2019-09-18T21:12:21+00:00\" \/>\n<meta property=\"article:modified_time\" content=\"2021-12-03T23:29:11+00:00\" \/>\n<meta property=\"og:image\" content=\"http:\/\/www.aupadre.fr\/wp-content\/uploads\/2019\/11\/thumbnail_tract-gratuit-102019.jpg\" \/>\n<meta name=\"author\" content=\"aupadre\" \/>\n<meta name=\"twitter:card\" content=\"summary_large_image\" \/>\n<meta name=\"twitter:label1\" content=\"\u00c9crit par\" \/>\n\t<meta name=\"twitter:data1\" content=\"aupadre\" \/>\n\t<meta name=\"twitter:label2\" content=\"Dur\u00e9e de lecture estim\u00e9e\" \/>\n\t<meta name=\"twitter:data2\" content=\"2 minutes\" \/>\n<script type=\"application\/ld+json\" class=\"yoast-schema-graph\">{\"@context\":\"https:\\\/\\\/schema.org\",\"@graph\":[{\"@type\":\"Article\",\"@id\":\"https:\\\/\\\/www.aupadre.fr\\\/?p=981#article\",\"isPartOf\":{\"@id\":\"https:\\\/\\\/www.aupadre.fr\\\/?p=981\"},\"author\":{\"name\":\"aupadre\",\"@id\":\"http:\\\/\\\/www.aupadre.fr\\\/#\\\/schema\\\/person\\\/2a5c43cd0e7c94bf9b848a9d302cd22b\"},\"headline\":\"Contre le racket des parkings, Signez la p\u00e9tition\",\"datePublished\":\"2019-09-18T21:12:21+00:00\",\"dateModified\":\"2021-12-03T23:29:11+00:00\",\"mainEntityOfPage\":{\"@id\":\"https:\\\/\\\/www.aupadre.fr\\\/?p=981\"},\"wordCount\":357,\"commentCount\":23,\"image\":{\"@id\":\"https:\\\/\\\/www.aupadre.fr\\\/?p=981#primaryimage\"},\"thumbnailUrl\":\"http:\\\/\\\/www.aupadre.fr\\\/wp-content\\\/uploads\\\/2019\\\/11\\\/thumbnail_tract-gratuit-102019.jpg\",\"keywords\":[\"2019\",\"Aupadre\",\"gratuit\u00e9\",\"ligne N\",\"Parkings\"],\"articleSection\":[\"Actions en cours\"],\"inLanguage\":\"fr-FR\",\"potentialAction\":[{\"@type\":\"CommentAction\",\"name\":\"Comment\",\"target\":[\"https:\\\/\\\/www.aupadre.fr\\\/?p=981#respond\"]}]},{\"@type\":\"WebPage\",\"@id\":\"https:\\\/\\\/www.aupadre.fr\\\/?p=981\",\"url\":\"https:\\\/\\\/www.aupadre.fr\\\/?p=981\",\"name\":\"Contre le racket des parkings, Signez la p\u00e9tition - AUPADRE\",\"isPartOf\":{\"@id\":\"http:\\\/\\\/www.aupadre.fr\\\/#website\"},\"primaryImageOfPage\":{\"@id\":\"https:\\\/\\\/www.aupadre.fr\\\/?p=981#primaryimage\"},\"image\":{\"@id\":\"https:\\\/\\\/www.aupadre.fr\\\/?p=981#primaryimage\"},\"thumbnailUrl\":\"http:\\\/\\\/www.aupadre.fr\\\/wp-content\\\/uploads\\\/2019\\\/11\\\/thumbnail_tract-gratuit-102019.jpg\",\"datePublished\":\"2019-09-18T21:12:21+00:00\",\"dateModified\":\"2021-12-03T23:29:11+00:00\",\"author\":{\"@id\":\"http:\\\/\\\/www.aupadre.fr\\\/#\\\/schema\\\/person\\\/2a5c43cd0e7c94bf9b848a9d302cd22b\"},\"breadcrumb\":{\"@id\":\"https:\\\/\\\/www.aupadre.fr\\\/?p=981#breadcrumb\"},\"inLanguage\":\"fr-FR\",\"potentialAction\":[{\"@type\":\"ReadAction\",\"target\":[\"https:\\\/\\\/www.aupadre.fr\\\/?p=981\"]}]},{\"@type\":\"ImageObject\",\"inLanguage\":\"fr-FR\",\"@id\":\"https:\\\/\\\/www.aupadre.fr\\\/?p=981#primaryimage\",\"url\":\"https:\\\/\\\/www.aupadre.fr\\\/wp-content\\\/uploads\\\/2019\\\/11\\\/thumbnail_tract-gratuit-102019.jpg\",\"contentUrl\":\"https:\\\/\\\/www.aupadre.fr\\\/wp-content\\\/uploads\\\/2019\\\/11\\\/thumbnail_tract-gratuit-102019.jpg\",\"width\":178,\"height\":124},{\"@type\":\"BreadcrumbList\",\"@id\":\"https:\\\/\\\/www.aupadre.fr\\\/?p=981#breadcrumb\",\"itemListElement\":[{\"@type\":\"ListItem\",\"position\":1,\"name\":\"Accueil\",\"item\":\"http:\\\/\\\/www.aupadre.fr\\\/\"},{\"@type\":\"ListItem\",\"position\":2,\"name\":\"Contre le racket des parkings, Signez la p\u00e9tition\"}]},{\"@type\":\"WebSite\",\"@id\":\"http:\\\/\\\/www.aupadre.fr\\\/#website\",\"url\":\"http:\\\/\\\/www.aupadre.fr\\\/\",\"name\":\"AUPADRE\",\"description\":\"Vogue la Gal\u00e8re sur les Rails !!!\",\"potentialAction\":[{\"@type\":\"SearchAction\",\"target\":{\"@type\":\"EntryPoint\",\"urlTemplate\":\"http:\\\/\\\/www.aupadre.fr\\\/?s={search_term_string}\"},\"query-input\":{\"@type\":\"PropertyValueSpecification\",\"valueRequired\":true,\"valueName\":\"search_term_string\"}}],\"inLanguage\":\"fr-FR\"},{\"@type\":\"Person\",\"@id\":\"http:\\\/\\\/www.aupadre.fr\\\/#\\\/schema\\\/person\\\/2a5c43cd0e7c94bf9b848a9d302cd22b\",\"name\":\"aupadre\",\"image\":{\"@type\":\"ImageObject\",\"inLanguage\":\"fr-FR\",\"@id\":\"https:\\\/\\\/secure.gravatar.com\\\/avatar\\\/79e1b929bbf6a78751b9580910210c71f1ea124ba137d86de670a23e3cb7606f?s=96&r=g\",\"url\":\"https:\\\/\\\/secure.gravatar.com\\\/avatar\\\/79e1b929bbf6a78751b9580910210c71f1ea124ba137d86de670a23e3cb7606f?s=96&r=g\",\"contentUrl\":\"https:\\\/\\\/secure.gravatar.com\\\/avatar\\\/79e1b929bbf6a78751b9580910210c71f1ea124ba137d86de670a23e3cb7606f?s=96&r=g\",\"caption\":\"aupadre\"},\"url\":\"https:\\\/\\\/www.aupadre.fr\\\/?author=1\"}]}<\/script>\n<!-- \/ Yoast SEO plugin. -->","yoast_head_json":{"title":"Contre le racket des parkings, Signez la p\u00e9tition - AUPADRE","robots":{"index":"index","follow":"follow","max-snippet":"max-snippet:-1","max-image-preview":"max-image-preview:large","max-video-preview":"max-video-preview:-1"},"canonical":"https:\/\/www.aupadre.fr\/?p=981","og_locale":"fr_FR","og_type":"article","og_title":"Contre le racket des parkings, Signez la p\u00e9tition - AUPADRE","og_description":"Augmentation constante des frais de transport&#8230; conditions de trajets d\u00e9grad\u00e9es, carence de bus dans des tranches horaires acceptables&#8230; Et maintenant parkings payants ! Tandis que la R\u00e9gion finance des parkings relais gratuits&#8230; STOP !! Les d\u00e9cisions prises par la Communaut\u00e9&hellip;","og_url":"https:\/\/www.aupadre.fr\/?p=981","og_site_name":"AUPADRE","article_published_time":"2019-09-18T21:12:21+00:00","article_modified_time":"2021-12-03T23:29:11+00:00","og_image":[{"url":"http:\/\/www.aupadre.fr\/wp-content\/uploads\/2019\/11\/thumbnail_tract-gratuit-102019.jpg","type":"","width":"","height":""}],"author":"aupadre","twitter_card":"summary_large_image","twitter_misc":{"\u00c9crit par":"aupadre","Dur\u00e9e de lecture estim\u00e9e":"2 minutes"},"schema":{"@context":"https:\/\/schema.org","@graph":[{"@type":"Article","@id":"https:\/\/www.aupadre.fr\/?p=981#article","isPartOf":{"@id":"https:\/\/www.aupadre.fr\/?p=981"},"author":{"name":"aupadre","@id":"http:\/\/www.aupadre.fr\/#\/schema\/person\/2a5c43cd0e7c94bf9b848a9d302cd22b"},"headline":"Contre le racket des parkings, Signez la p\u00e9tition","datePublished":"2019-09-18T21:12:21+00:00","dateModified":"2021-12-03T23:29:11+00:00","mainEntityOfPage":{"@id":"https:\/\/www.aupadre.fr\/?p=981"},"wordCount":357,"commentCount":23,"image":{"@id":"https:\/\/www.aupadre.fr\/?p=981#primaryimage"},"thumbnailUrl":"http:\/\/www.aupadre.fr\/wp-content\/uploads\/2019\/11\/thumbnail_tract-gratuit-102019.jpg","keywords":["2019","Aupadre","gratuit\u00e9","ligne N","Parkings"],"articleSection":["Actions en cours"],"inLanguage":"fr-FR","potentialAction":[{"@type":"CommentAction","name":"Comment","target":["https:\/\/www.aupadre.fr\/?p=981#respond"]}]},{"@type":"WebPage","@id":"https:\/\/www.aupadre.fr\/?p=981","url":"https:\/\/www.aupadre.fr\/?p=981","name":"Contre le racket des parkings, Signez la p\u00e9tition - AUPADRE","isPartOf":{"@id":"http:\/\/www.aupadre.fr\/#website"},"primaryImageOfPage":{"@id":"https:\/\/www.aupadre.fr\/?p=981#primaryimage"},"image":{"@id":"https:\/\/www.aupadre.fr\/?p=981#primaryimage"},"thumbnailUrl":"http:\/\/www.aupadre.fr\/wp-content\/uploads\/2019\/11\/thumbnail_tract-gratuit-102019.jpg","datePublished":"2019-09-18T21:12:21+00:00","dateModified":"2021-12-03T23:29:11+00:00","author":{"@id":"http:\/\/www.aupadre.fr\/#\/schema\/person\/2a5c43cd0e7c94bf9b848a9d302cd22b"},"breadcrumb":{"@id":"https:\/\/www.aupadre.fr\/?p=981#breadcrumb"},"inLanguage":"fr-FR","potentialAction":[{"@type":"ReadAction","target":["https:\/\/www.aupadre.fr\/?p=981"]}]},{"@type":"ImageObject","inLanguage":"fr-FR","@id":"https:\/\/www.aupadre.fr\/?p=981#primaryimage","url":"https:\/\/www.aupadre.fr\/wp-content\/uploads\/2019\/11\/thumbnail_tract-gratuit-102019.jpg","contentUrl":"https:\/\/www.aupadre.fr\/wp-content\/uploads\/2019\/11\/thumbnail_tract-gratuit-102019.jpg","width":178,"height":124},{"@type":"BreadcrumbList","@id":"https:\/\/www.aupadre.fr\/?p=981#breadcrumb","itemListElement":[{"@type":"ListItem","position":1,"name":"Accueil","item":"http:\/\/www.aupadre.fr\/"},{"@type":"ListItem","position":2,"name":"Contre le racket des parkings, Signez la p\u00e9tition"}]},{"@type":"WebSite","@id":"http:\/\/www.aupadre.fr\/#website","url":"http:\/\/www.aupadre.fr\/","name":"AUPADRE","description":"Vogue la Gal\u00e8re sur les Rails !!!","potentialAction":[{"@type":"SearchAction","target":{"@type":"EntryPoint","urlTemplate":"http:\/\/www.aupadre.fr\/?s={search_term_string}"},"query-input":{"@type":"PropertyValueSpecification","valueRequired":true,"valueName":"search_term_string"}}],"inLanguage":"fr-FR"},{"@type":"Person","@id":"http:\/\/www.aupadre.fr\/#\/schema\/person\/2a5c43cd0e7c94bf9b848a9d302cd22b","name":"aupadre","image":{"@type":"ImageObject","inLanguage":"fr-FR","@id":"https:\/\/secure.gravatar.com\/avatar\/79e1b929bbf6a78751b9580910210c71f1ea124ba137d86de670a23e3cb7606f?s=96&r=g","url":"https:\/\/secure.gravatar.com\/avatar\/79e1b929bbf6a78751b9580910210c71f1ea124ba137d86de670a23e3cb7606f?s=96&r=g","contentUrl":"https:\/\/secure.gravatar.com\/avatar\/79e1b929bbf6a78751b9580910210c71f1ea124ba137d86de670a23e3cb7606f?s=96&r=g","caption":"aupadre"},"url":"https:\/\/www.aupadre.fr\/?author=1"}]}},"_links":{"self":[{"href":"https:\/\/www.aupadre.fr\/index.php?rest_route=\/wp\/v2\/posts\/981","targetHints":{"allow":["GET"]}}],"collection":[{"href":"https:\/\/www.aupadre.fr\/index.php?rest_route=\/wp\/v2\/posts"}],"about":[{"href":"https:\/\/www.aupadre.fr\/index.php?rest_route=\/wp\/v2\/types\/post"}],"author":[{"embeddable":true,"href":"https:\/\/www.aupadre.fr\/index.php?rest_route=\/wp\/v2\/users\/1"}],"replies":[{"embeddable":true,"href":"https:\/\/www.aupadre.fr\/index.php?rest_route=%2Fwp%2Fv2%2Fcomments&post=981"}],"version-history":[{"count":38,"href":"https:\/\/www.aupadre.fr\/index.php?rest_route=\/wp\/v2\/posts\/981\/revisions"}],"predecessor-version":[{"id":1463,"href":"https:\/\/www.aupadre.fr\/index.php?rest_route=\/wp\/v2\/posts\/981\/revisions\/1463"}],"wp:attachment":[{"href":"https:\/\/www.aupadre.fr\/index.php?rest_route=%2Fwp%2Fv2%2Fmedia&parent=981"}],"wp:term":[{"taxonomy":"category","embeddable":true,"href":"https:\/\/www.aupadre.fr\/index.php?rest_route=%2Fwp%2Fv2%2Fcategories&post=981"},{"taxonomy":"post_tag","embeddable":true,"href":"https:\/\/www.aupadre.fr\/index.php?rest_route=%2Fwp%2Fv2%2Ftags&post=981"}],"curies":[{"name":"wp","href":"https:\/\/api.w.org\/{rel}","templated":true}]}}