{"id":92,"date":"2014-06-14T15:17:25","date_gmt":"2014-06-14T14:17:25","guid":{"rendered":"http:\/\/www.aupadre.fr\/?p=92"},"modified":"2019-10-27T18:55:02","modified_gmt":"2019-10-27T17:55:02","slug":"2-secretaires-detat-aux-transport-se-croisent-un-jour-de-greve","status":"publish","type":"post","link":"https:\/\/www.aupadre.fr\/?p=92","title":{"rendered":"2 secr\u00e9taires d&rsquo;Etat aux transports se croisent un jour de gr\u00e8ve"},"content":{"rendered":"<p>Quand l\u2019actuel secr\u00e9taire d\u2019\u00c9tat aux Transport et son pr\u00e9d\u00e9cesseur de l\u2019opposition se croisent \u00e0 l\u2019Assembl\u00e9e un jour de gr\u00e8ve \u00e0 la SNCF, cela donne un \u00e9change d\u2019accusations sur un ton rigolard, le tout sous l\u2019\u0153il des cam\u00e9ras. Les Fran\u00e7ais gal\u00e8rent, comme c\u2019est dr\u00f4le\u2026<br \/>\n<iframe loading=\"lazy\" width=\"700\" height=\"394\" src=\"http:\/\/www.youtube.com\/embed\/AOzCT5V2FqI?feature=oembed\" frameborder=\"0\" allowfullscreen><\/iframe><\/p>\n","protected":false},"excerpt":{"rendered":"<p>Quand l\u2019actuel secr\u00e9taire d\u2019\u00c9tat aux Transport et son pr\u00e9d\u00e9cesseur de l\u2019opposition se croisent \u00e0 l\u2019Assembl\u00e9e un jour de gr\u00e8ve \u00e0 la SNCF, cela donne un \u00e9change d\u2019accusations sur un ton rigolard, le tout sous l\u2019\u0153il des cam\u00e9ras. Les Fran\u00e7ais gal\u00e8rent,&hellip; <\/p>\n","protected":false},"author":2,"featured_media":0,"comment_status":"open","ping_status":"open","sticky":false,"template":"","format":"standard","meta":{"_monsterinsights_skip_tracking":false,"_monsterinsights_sitenote_active":false,"_monsterinsights_sitenote_note":"","_monsterinsights_sitenote_category":0,"footnotes":""},"categories":[5],"tags":[18,20,44],"class_list":["post-92","post","type-post","status-publish","format-standard","hentry","category-liens","tag-greve","tag-transports","tag-video"],"yoast_head":"<!-- This site is optimized with the Yoast SEO plugin v27.5 - https:\/\/yoast.com\/product\/yoast-seo-wordpress\/ -->\n<title>2 secr\u00e9taires d&#039;Etat aux transports se croisent un jour de gr\u00e8ve - AUPADRE<\/title>\n<meta name=\"robots\" content=\"index, follow, max-snippet:-1, max-image-preview:large, max-video-preview:-1\" \/>\n<link rel=\"canonical\" href=\"https:\/\/www.aupadre.fr\/?p=92\" \/>\n<meta property=\"og:locale\" content=\"fr_FR\" \/>\n<meta property=\"og:type\" content=\"article\" \/>\n<meta property=\"og:title\" content=\"2 secr\u00e9taires d&#039;Etat aux transports se croisent un jour de gr\u00e8ve - AUPADRE\" \/>\n<meta property=\"og:description\" content=\"Quand l\u2019actuel secr\u00e9taire d\u2019\u00c9tat aux Transport et son pr\u00e9d\u00e9cesseur de l\u2019opposition se croisent \u00e0 l\u2019Assembl\u00e9e un jour de gr\u00e8ve \u00e0 la SNCF, cela donne un \u00e9change d\u2019accusations sur un ton rigolard, le tout sous l\u2019\u0153il des cam\u00e9ras. Les Fran\u00e7ais gal\u00e8rent,&hellip;\" \/>\n<meta property=\"og:url\" content=\"https:\/\/www.aupadre.fr\/?p=92\" \/>\n<meta property=\"og:site_name\" content=\"AUPADRE\" \/>\n<meta property=\"article:published_time\" content=\"2014-06-14T14:17:25+00:00\" \/>\n<meta property=\"article:modified_time\" content=\"2019-10-27T17:55:02+00:00\" \/>\n<meta name=\"author\" content=\"Xavier\" \/>\n<meta name=\"twitter:card\" content=\"summary_large_image\" \/>\n<meta name=\"twitter:label1\" content=\"\u00c9crit par\" \/>\n\t<meta name=\"twitter:data1\" content=\"Xavier\" \/>\n<script type=\"application\/ld+json\" class=\"yoast-schema-graph\">{\"@context\":\"https:\\\/\\\/schema.org\",\"@graph\":[{\"@type\":\"Article\",\"@id\":\"https:\\\/\\\/www.aupadre.fr\\\/?p=92#article\",\"isPartOf\":{\"@id\":\"https:\\\/\\\/www.aupadre.fr\\\/?p=92\"},\"author\":{\"name\":\"Xavier\",\"@id\":\"http:\\\/\\\/www.aupadre.fr\\\/#\\\/schema\\\/person\\\/a4d65d0845eb7504e7ac0d30b04fc724\"},\"headline\":\"2 secr\u00e9taires d&rsquo;Etat aux transports se croisent un jour de gr\u00e8ve\",\"datePublished\":\"2014-06-14T14:17:25+00:00\",\"dateModified\":\"2019-10-27T17:55:02+00:00\",\"mainEntityOfPage\":{\"@id\":\"https:\\\/\\\/www.aupadre.fr\\\/?p=92\"},\"wordCount\":76,\"commentCount\":0,\"keywords\":[\"gr\u00e8ve\",\"transports\",\"Vid\u00e9o\"],\"articleSection\":[\"Liens et astuces\"],\"inLanguage\":\"fr-FR\",\"potentialAction\":[{\"@type\":\"CommentAction\",\"name\":\"Comment\",\"target\":[\"https:\\\/\\\/www.aupadre.fr\\\/?p=92#respond\"]}]},{\"@type\":\"WebPage\",\"@id\":\"https:\\\/\\\/www.aupadre.fr\\\/?p=92\",\"url\":\"https:\\\/\\\/www.aupadre.fr\\\/?p=92\",\"name\":\"2 secr\u00e9taires d'Etat aux transports se croisent un jour de gr\u00e8ve - AUPADRE\",\"isPartOf\":{\"@id\":\"http:\\\/\\\/www.aupadre.fr\\\/#website\"},\"datePublished\":\"2014-06-14T14:17:25+00:00\",\"dateModified\":\"2019-10-27T17:55:02+00:00\",\"author\":{\"@id\":\"http:\\\/\\\/www.aupadre.fr\\\/#\\\/schema\\\/person\\\/a4d65d0845eb7504e7ac0d30b04fc724\"},\"breadcrumb\":{\"@id\":\"https:\\\/\\\/www.aupadre.fr\\\/?p=92#breadcrumb\"},\"inLanguage\":\"fr-FR\",\"potentialAction\":[{\"@type\":\"ReadAction\",\"target\":[\"https:\\\/\\\/www.aupadre.fr\\\/?p=92\"]}]},{\"@type\":\"BreadcrumbList\",\"@id\":\"https:\\\/\\\/www.aupadre.fr\\\/?p=92#breadcrumb\",\"itemListElement\":[{\"@type\":\"ListItem\",\"position\":1,\"name\":\"Accueil\",\"item\":\"http:\\\/\\\/www.aupadre.fr\\\/\"},{\"@type\":\"ListItem\",\"position\":2,\"name\":\"2 secr\u00e9taires d&rsquo;Etat aux transports se croisent un jour de gr\u00e8ve\"}]},{\"@type\":\"WebSite\",\"@id\":\"http:\\\/\\\/www.aupadre.fr\\\/#website\",\"url\":\"http:\\\/\\\/www.aupadre.fr\\\/\",\"name\":\"AUPADRE\",\"description\":\"Vogue la Gal\u00e8re sur les Rails !!!\",\"potentialAction\":[{\"@type\":\"SearchAction\",\"target\":{\"@type\":\"EntryPoint\",\"urlTemplate\":\"http:\\\/\\\/www.aupadre.fr\\\/?s={search_term_string}\"},\"query-input\":{\"@type\":\"PropertyValueSpecification\",\"valueRequired\":true,\"valueName\":\"search_term_string\"}}],\"inLanguage\":\"fr-FR\"},{\"@type\":\"Person\",\"@id\":\"http:\\\/\\\/www.aupadre.fr\\\/#\\\/schema\\\/person\\\/a4d65d0845eb7504e7ac0d30b04fc724\",\"name\":\"Xavier\",\"image\":{\"@type\":\"ImageObject\",\"inLanguage\":\"fr-FR\",\"@id\":\"https:\\\/\\\/secure.gravatar.com\\\/avatar\\\/ffb6d5ada7569959161d7e666c264373bd0a900188ef369643d330e156b456fa?s=96&r=g\",\"url\":\"https:\\\/\\\/secure.gravatar.com\\\/avatar\\\/ffb6d5ada7569959161d7e666c264373bd0a900188ef369643d330e156b456fa?s=96&r=g\",\"contentUrl\":\"https:\\\/\\\/secure.gravatar.com\\\/avatar\\\/ffb6d5ada7569959161d7e666c264373bd0a900188ef369643d330e156b456fa?s=96&r=g\",\"caption\":\"Xavier\"},\"url\":\"https:\\\/\\\/www.aupadre.fr\\\/?author=2\"}]}<\/script>\n<!-- \/ Yoast SEO plugin. -->","yoast_head_json":{"title":"2 secr\u00e9taires d'Etat aux transports se croisent un jour de gr\u00e8ve - AUPADRE","robots":{"index":"index","follow":"follow","max-snippet":"max-snippet:-1","max-image-preview":"max-image-preview:large","max-video-preview":"max-video-preview:-1"},"canonical":"https:\/\/www.aupadre.fr\/?p=92","og_locale":"fr_FR","og_type":"article","og_title":"2 secr\u00e9taires d'Etat aux transports se croisent un jour de gr\u00e8ve - AUPADRE","og_description":"Quand l\u2019actuel secr\u00e9taire d\u2019\u00c9tat aux Transport et son pr\u00e9d\u00e9cesseur de l\u2019opposition se croisent \u00e0 l\u2019Assembl\u00e9e un jour de gr\u00e8ve \u00e0 la SNCF, cela donne un \u00e9change d\u2019accusations sur un ton rigolard, le tout sous l\u2019\u0153il des cam\u00e9ras. Les Fran\u00e7ais gal\u00e8rent,&hellip;","og_url":"https:\/\/www.aupadre.fr\/?p=92","og_site_name":"AUPADRE","article_published_time":"2014-06-14T14:17:25+00:00","article_modified_time":"2019-10-27T17:55:02+00:00","author":"Xavier","twitter_card":"summary_large_image","twitter_misc":{"\u00c9crit par":"Xavier"},"schema":{"@context":"https:\/\/schema.org","@graph":[{"@type":"Article","@id":"https:\/\/www.aupadre.fr\/?p=92#article","isPartOf":{"@id":"https:\/\/www.aupadre.fr\/?p=92"},"author":{"name":"Xavier","@id":"http:\/\/www.aupadre.fr\/#\/schema\/person\/a4d65d0845eb7504e7ac0d30b04fc724"},"headline":"2 secr\u00e9taires d&rsquo;Etat aux transports se croisent un jour de gr\u00e8ve","datePublished":"2014-06-14T14:17:25+00:00","dateModified":"2019-10-27T17:55:02+00:00","mainEntityOfPage":{"@id":"https:\/\/www.aupadre.fr\/?p=92"},"wordCount":76,"commentCount":0,"keywords":["gr\u00e8ve","transports","Vid\u00e9o"],"articleSection":["Liens et astuces"],"inLanguage":"fr-FR","potentialAction":[{"@type":"CommentAction","name":"Comment","target":["https:\/\/www.aupadre.fr\/?p=92#respond"]}]},{"@type":"WebPage","@id":"https:\/\/www.aupadre.fr\/?p=92","url":"https:\/\/www.aupadre.fr\/?p=92","name":"2 secr\u00e9taires d'Etat aux transports se croisent un jour de gr\u00e8ve - AUPADRE","isPartOf":{"@id":"http:\/\/www.aupadre.fr\/#website"},"datePublished":"2014-06-14T14:17:25+00:00","dateModified":"2019-10-27T17:55:02+00:00","author":{"@id":"http:\/\/www.aupadre.fr\/#\/schema\/person\/a4d65d0845eb7504e7ac0d30b04fc724"},"breadcrumb":{"@id":"https:\/\/www.aupadre.fr\/?p=92#breadcrumb"},"inLanguage":"fr-FR","potentialAction":[{"@type":"ReadAction","target":["https:\/\/www.aupadre.fr\/?p=92"]}]},{"@type":"BreadcrumbList","@id":"https:\/\/www.aupadre.fr\/?p=92#breadcrumb","itemListElement":[{"@type":"ListItem","position":1,"name":"Accueil","item":"http:\/\/www.aupadre.fr\/"},{"@type":"ListItem","position":2,"name":"2 secr\u00e9taires d&rsquo;Etat aux transports se croisent un jour de gr\u00e8ve"}]},{"@type":"WebSite","@id":"http:\/\/www.aupadre.fr\/#website","url":"http:\/\/www.aupadre.fr\/","name":"AUPADRE","description":"Vogue la Gal\u00e8re sur les Rails !!!","potentialAction":[{"@type":"SearchAction","target":{"@type":"EntryPoint","urlTemplate":"http:\/\/www.aupadre.fr\/?s={search_term_string}"},"query-input":{"@type":"PropertyValueSpecification","valueRequired":true,"valueName":"search_term_string"}}],"inLanguage":"fr-FR"},{"@type":"Person","@id":"http:\/\/www.aupadre.fr\/#\/schema\/person\/a4d65d0845eb7504e7ac0d30b04fc724","name":"Xavier","image":{"@type":"ImageObject","inLanguage":"fr-FR","@id":"https:\/\/secure.gravatar.com\/avatar\/ffb6d5ada7569959161d7e666c264373bd0a900188ef369643d330e156b456fa?s=96&r=g","url":"https:\/\/secure.gravatar.com\/avatar\/ffb6d5ada7569959161d7e666c264373bd0a900188ef369643d330e156b456fa?s=96&r=g","contentUrl":"https:\/\/secure.gravatar.com\/avatar\/ffb6d5ada7569959161d7e666c264373bd0a900188ef369643d330e156b456fa?s=96&r=g","caption":"Xavier"},"url":"https:\/\/www.aupadre.fr\/?author=2"}]}},"_links":{"self":[{"href":"https:\/\/www.aupadre.fr\/index.php?rest_route=\/wp\/v2\/posts\/92","targetHints":{"allow":["GET"]}}],"collection":[{"href":"https:\/\/www.aupadre.fr\/index.php?rest_route=\/wp\/v2\/posts"}],"about":[{"href":"https:\/\/www.aupadre.fr\/index.php?rest_route=\/wp\/v2\/types\/post"}],"author":[{"embeddable":true,"href":"https:\/\/www.aupadre.fr\/index.php?rest_route=\/wp\/v2\/users\/2"}],"replies":[{"embeddable":true,"href":"https:\/\/www.aupadre.fr\/index.php?rest_route=%2Fwp%2Fv2%2Fcomments&post=92"}],"version-history":[{"count":3,"href":"https:\/\/www.aupadre.fr\/index.php?rest_route=\/wp\/v2\/posts\/92\/revisions"}],"predecessor-version":[{"id":175,"href":"https:\/\/www.aupadre.fr\/index.php?rest_route=\/wp\/v2\/posts\/92\/revisions\/175"}],"wp:attachment":[{"href":"https:\/\/www.aupadre.fr\/index.php?rest_route=%2Fwp%2Fv2%2Fmedia&parent=92"}],"wp:term":[{"taxonomy":"category","embeddable":true,"href":"https:\/\/www.aupadre.fr\/index.php?rest_route=%2Fwp%2Fv2%2Fcategories&post=92"},{"taxonomy":"post_tag","embeddable":true,"href":"https:\/\/www.aupadre.fr\/index.php?rest_route=%2Fwp%2Fv2%2Ftags&post=92"}],"curies":[{"name":"wp","href":"https:\/\/api.w.org\/{rel}","templated":true}]}}