{"id":887,"date":"2019-01-20T16:36:13","date_gmt":"2019-01-20T15:36:13","guid":{"rendered":"http:\/\/www.aupadre.fr\/?p=887"},"modified":"2019-10-26T16:14:32","modified_gmt":"2019-10-26T14:14:32","slug":"grand-debat-acces-aux-transports-publics","status":"publish","type":"post","link":"https:\/\/www.aupadre.fr\/?p=887","title":{"rendered":"Grand d\u00e9bat : ACC\u00c8S AUX TRANSPORTS PUBLICS"},"content":{"rendered":"<p>AUPADRE&nbsp; \u2013 Grand d\u00e9bat<\/p>\n<p><strong>Une contribution autour de l\u2019acc\u00e8s aux transports publics.<\/strong><\/p>\n<p>Face aux enjeux d&rsquo;aujourd&rsquo;hui et de demain, la question de l&rsquo;acc\u00e8s aux transports collectifs dans la grande p\u00e9riph\u00e9rie urbaine rev\u00eat un aspect prioritaire. C&rsquo;est pourquoi Aupadre s&rsquo;y implique depuis sa fondation, en 2001, avec rigueur et r\u00e9gularit\u00e9 et toutes les bonnes volont\u00e9s locales.<!--more--><\/p>\n<p><strong>En effet cette question de l&rsquo;acc\u00e8s aux transports publics rev\u00eat au moins 3 enjeux fondamentaux :<\/strong><\/p>\n<ul>\n<li>Elle constitue <strong>un enjeu social <\/strong>premier d&rsquo;\u00e9galit\u00e9 d&rsquo;acc\u00e8s aux services publics, \u00e0 la sante, la culture, l&rsquo;acc\u00e8s aux administrations\u2026, dans un contexte de rar\u00e9faction drastique des services de proximit\u00e9, r\u00e9pondant ainsi pour partie au risque d&rsquo;exclusion sociale croissant ;<\/li>\n<li>Elle constitue un <strong>enjeu \u00e9conomique fort d&rsquo;acc\u00e8s \u00e0 l&#8217;emploi et aux \u00e9tudes <\/strong>pour la population locale, \u00e9puis\u00e9e par des dysfonctionnements en chaine et la chert\u00e9 de ces transports pourtant vecteurs de revenus et donc d&rsquo;imp\u00f4ts<\/li>\n<li>Elle constitue un <strong>enjeu \u00e9cologique vital <\/strong>de limitation de l&rsquo;usage des v\u00e9hicules personnels indispensables pour la sant\u00e9 publique des populations actuelles et des futures g\u00e9n\u00e9rations.<\/li>\n<\/ul>\n<p>Aupadre a donc d\u00e9cid\u00e9 de s&rsquo;impliquer dans le d\u00e9bat national en cours et de ne pas rester silencieuse sur ces enjeux cruciaux pour nos habitants de la grande p\u00e9riph\u00e9rie, en souhaitant qu&rsquo;on sorte enfin d&rsquo;une posture parisienne de l&rsquo;entre soi surdot\u00e9, en suscitant un \u00e9clairage circonstanci\u00e9 et produit par les int\u00e9ress\u00e9s de bonne volont\u00e9.<\/p>\n<p>Elle a donc d\u00e9cid\u00e9 de produire un apport autour de 3 th\u00e8mes :<\/p>\n<ul>\n<li><strong>L\u2019acc\u00e8s aux emplois des contribuables et l\u2019acc\u00e8s aux \u00e9tudes par le biais des transports en communs <\/strong>(cette question comprend \u00e9galement l&rsquo;acc\u00e8s aux gares routi\u00e8res et ferroviaires)<\/li>\n<li><strong>L\u2019exclusion territoriale li\u00e9e \u00e0 la faiblesse de l\u2019offre de services collectifs en grande p\u00e9riph\u00e9rie urbaine <\/strong><\/li>\n<li><strong>L\u2019\u00e9quit\u00e9 fiscale : <\/strong>tout le monde doit-il contribuer \u00e0 l&rsquo;effort national tandis que chacun est cens\u00e9&nbsp;b\u00e9n\u00e9ficier de services publics ou doit-on se contenter de faire reposer sur moins de 50 % de la population (c&rsquo;est \u00e0 dire sur une \u00ab\u00a0classe moyenne\u00a0\u00bb en rar\u00e9faction) l&rsquo;effort de contribution \u00e0 l\u2019IR ?<\/li>\n<\/ul>\n<p>L&rsquo;organisation des d\u00e9bats est \u00e0 venir, mais chacun peut contribuer d\u00e8s maintenant autour de ces 3 th\u00e8mes pour en enrichir le contenu.<\/p>\n<p><em>Nb : Plus vos contributions seront factuelles, pr\u00e9cises et objectiv\u00e9es par des exemples (co\u00fbts subis, pr\u00e9judices v\u00e9cus, exemples de l&rsquo;incapacit\u00e9 \u00e0 acc\u00e9der aux services souhait\u00e9s, etc.), plus nous avons de chances que ces exp\u00e9riences soient prises en consid\u00e9ration par ceux qui ne vivent pas ce que nous vivons.<\/em><\/p>\n<p>Ces contributions seront bient\u00f4t \u00e0 suivre dans nos pages, ainsi que les \u00e9ventuels regroupements&nbsp;:<\/p>\n<p><a href=\"http:\/\/www.aupadre.fr\"><strong>http:\/\/www.aupadre.fr<\/strong><\/a><\/p>\n","protected":false},"excerpt":{"rendered":"<p>AUPADRE&nbsp; \u2013 Grand d\u00e9bat Une contribution autour de l\u2019acc\u00e8s aux transports publics. Face aux enjeux d&rsquo;aujourd&rsquo;hui et de demain, la question de l&rsquo;acc\u00e8s aux transports collectifs dans la grande p\u00e9riph\u00e9rie urbaine rev\u00eat un aspect prioritaire. C&rsquo;est pourquoi Aupadre s&rsquo;y implique&hellip; <\/p>\n","protected":false},"author":2,"featured_media":0,"comment_status":"open","ping_status":"open","sticky":false,"template":"","format":"standard","meta":{"_monsterinsights_skip_tracking":false,"_monsterinsights_sitenote_active":false,"_monsterinsights_sitenote_note":"","_monsterinsights_sitenote_category":0,"footnotes":""},"categories":[2],"tags":[118,120,89,50,119,33,36,19,20],"class_list":["post-887","post","type-post","status-publish","format-standard","hentry","category-actionspassees","tag-118","tag-acces-aux-transports-publics","tag-aupadre-2","tag-elus","tag-grand-debat","tag-ligne-n","tag-service","tag-sncf","tag-transports"],"yoast_head":"<!-- This site is optimized with the Yoast SEO plugin v27.5 - https:\/\/yoast.com\/product\/yoast-seo-wordpress\/ -->\n<title>Grand d\u00e9bat : ACC\u00c8S AUX TRANSPORTS PUBLICS - AUPADRE<\/title>\n<meta name=\"robots\" content=\"index, follow, max-snippet:-1, max-image-preview:large, max-video-preview:-1\" \/>\n<link rel=\"canonical\" href=\"https:\/\/www.aupadre.fr\/?p=887\" \/>\n<meta property=\"og:locale\" content=\"fr_FR\" \/>\n<meta property=\"og:type\" content=\"article\" \/>\n<meta property=\"og:title\" content=\"Grand d\u00e9bat : ACC\u00c8S AUX TRANSPORTS PUBLICS - AUPADRE\" \/>\n<meta property=\"og:description\" content=\"AUPADRE&nbsp; \u2013 Grand d\u00e9bat Une contribution autour de l\u2019acc\u00e8s aux transports publics. Face aux enjeux d&rsquo;aujourd&rsquo;hui et de demain, la question de l&rsquo;acc\u00e8s aux transports collectifs dans la grande p\u00e9riph\u00e9rie urbaine rev\u00eat un aspect prioritaire. C&rsquo;est pourquoi Aupadre s&rsquo;y implique&hellip;\" \/>\n<meta property=\"og:url\" content=\"https:\/\/www.aupadre.fr\/?p=887\" \/>\n<meta property=\"og:site_name\" content=\"AUPADRE\" \/>\n<meta property=\"article:published_time\" content=\"2019-01-20T15:36:13+00:00\" \/>\n<meta property=\"article:modified_time\" content=\"2019-10-26T14:14:32+00:00\" \/>\n<meta name=\"author\" content=\"Xavier\" \/>\n<meta name=\"twitter:card\" content=\"summary_large_image\" \/>\n<meta name=\"twitter:label1\" content=\"\u00c9crit par\" \/>\n\t<meta name=\"twitter:data1\" content=\"Xavier\" \/>\n\t<meta name=\"twitter:label2\" content=\"Dur\u00e9e de lecture estim\u00e9e\" \/>\n\t<meta name=\"twitter:data2\" content=\"2 minutes\" \/>\n<script type=\"application\/ld+json\" class=\"yoast-schema-graph\">{\"@context\":\"https:\\\/\\\/schema.org\",\"@graph\":[{\"@type\":\"Article\",\"@id\":\"https:\\\/\\\/www.aupadre.fr\\\/?p=887#article\",\"isPartOf\":{\"@id\":\"https:\\\/\\\/www.aupadre.fr\\\/?p=887\"},\"author\":{\"name\":\"Xavier\",\"@id\":\"http:\\\/\\\/www.aupadre.fr\\\/#\\\/schema\\\/person\\\/a4d65d0845eb7504e7ac0d30b04fc724\"},\"headline\":\"Grand d\u00e9bat : ACC\u00c8S AUX TRANSPORTS PUBLICS\",\"datePublished\":\"2019-01-20T15:36:13+00:00\",\"dateModified\":\"2019-10-26T14:14:32+00:00\",\"mainEntityOfPage\":{\"@id\":\"https:\\\/\\\/www.aupadre.fr\\\/?p=887\"},\"wordCount\":487,\"commentCount\":1,\"keywords\":[\"2019\",\"acc\u00e8s aux transports publics\",\"Aupadre\",\"\u00c9lus\",\"Grand d\u00e9bat\",\"ligne N\",\"service\",\"SNCF\",\"transports\"],\"articleSection\":[\"Actions pass\u00e9es\"],\"inLanguage\":\"fr-FR\",\"potentialAction\":[{\"@type\":\"CommentAction\",\"name\":\"Comment\",\"target\":[\"https:\\\/\\\/www.aupadre.fr\\\/?p=887#respond\"]}]},{\"@type\":\"WebPage\",\"@id\":\"https:\\\/\\\/www.aupadre.fr\\\/?p=887\",\"url\":\"https:\\\/\\\/www.aupadre.fr\\\/?p=887\",\"name\":\"Grand d\u00e9bat : ACC\u00c8S AUX TRANSPORTS PUBLICS - AUPADRE\",\"isPartOf\":{\"@id\":\"http:\\\/\\\/www.aupadre.fr\\\/#website\"},\"datePublished\":\"2019-01-20T15:36:13+00:00\",\"dateModified\":\"2019-10-26T14:14:32+00:00\",\"author\":{\"@id\":\"http:\\\/\\\/www.aupadre.fr\\\/#\\\/schema\\\/person\\\/a4d65d0845eb7504e7ac0d30b04fc724\"},\"breadcrumb\":{\"@id\":\"https:\\\/\\\/www.aupadre.fr\\\/?p=887#breadcrumb\"},\"inLanguage\":\"fr-FR\",\"potentialAction\":[{\"@type\":\"ReadAction\",\"target\":[\"https:\\\/\\\/www.aupadre.fr\\\/?p=887\"]}]},{\"@type\":\"BreadcrumbList\",\"@id\":\"https:\\\/\\\/www.aupadre.fr\\\/?p=887#breadcrumb\",\"itemListElement\":[{\"@type\":\"ListItem\",\"position\":1,\"name\":\"Accueil\",\"item\":\"http:\\\/\\\/www.aupadre.fr\\\/\"},{\"@type\":\"ListItem\",\"position\":2,\"name\":\"Grand d\u00e9bat : ACC\u00c8S AUX TRANSPORTS PUBLICS\"}]},{\"@type\":\"WebSite\",\"@id\":\"http:\\\/\\\/www.aupadre.fr\\\/#website\",\"url\":\"http:\\\/\\\/www.aupadre.fr\\\/\",\"name\":\"AUPADRE\",\"description\":\"Vogue la Gal\u00e8re sur les Rails !!!\",\"potentialAction\":[{\"@type\":\"SearchAction\",\"target\":{\"@type\":\"EntryPoint\",\"urlTemplate\":\"http:\\\/\\\/www.aupadre.fr\\\/?s={search_term_string}\"},\"query-input\":{\"@type\":\"PropertyValueSpecification\",\"valueRequired\":true,\"valueName\":\"search_term_string\"}}],\"inLanguage\":\"fr-FR\"},{\"@type\":\"Person\",\"@id\":\"http:\\\/\\\/www.aupadre.fr\\\/#\\\/schema\\\/person\\\/a4d65d0845eb7504e7ac0d30b04fc724\",\"name\":\"Xavier\",\"image\":{\"@type\":\"ImageObject\",\"inLanguage\":\"fr-FR\",\"@id\":\"https:\\\/\\\/secure.gravatar.com\\\/avatar\\\/ffb6d5ada7569959161d7e666c264373bd0a900188ef369643d330e156b456fa?s=96&r=g\",\"url\":\"https:\\\/\\\/secure.gravatar.com\\\/avatar\\\/ffb6d5ada7569959161d7e666c264373bd0a900188ef369643d330e156b456fa?s=96&r=g\",\"contentUrl\":\"https:\\\/\\\/secure.gravatar.com\\\/avatar\\\/ffb6d5ada7569959161d7e666c264373bd0a900188ef369643d330e156b456fa?s=96&r=g\",\"caption\":\"Xavier\"},\"url\":\"https:\\\/\\\/www.aupadre.fr\\\/?author=2\"}]}<\/script>\n<!-- \/ Yoast SEO plugin. -->","yoast_head_json":{"title":"Grand d\u00e9bat : ACC\u00c8S AUX TRANSPORTS PUBLICS - AUPADRE","robots":{"index":"index","follow":"follow","max-snippet":"max-snippet:-1","max-image-preview":"max-image-preview:large","max-video-preview":"max-video-preview:-1"},"canonical":"https:\/\/www.aupadre.fr\/?p=887","og_locale":"fr_FR","og_type":"article","og_title":"Grand d\u00e9bat : ACC\u00c8S AUX TRANSPORTS PUBLICS - AUPADRE","og_description":"AUPADRE&nbsp; \u2013 Grand d\u00e9bat Une contribution autour de l\u2019acc\u00e8s aux transports publics. Face aux enjeux d&rsquo;aujourd&rsquo;hui et de demain, la question de l&rsquo;acc\u00e8s aux transports collectifs dans la grande p\u00e9riph\u00e9rie urbaine rev\u00eat un aspect prioritaire. C&rsquo;est pourquoi Aupadre s&rsquo;y implique&hellip;","og_url":"https:\/\/www.aupadre.fr\/?p=887","og_site_name":"AUPADRE","article_published_time":"2019-01-20T15:36:13+00:00","article_modified_time":"2019-10-26T14:14:32+00:00","author":"Xavier","twitter_card":"summary_large_image","twitter_misc":{"\u00c9crit par":"Xavier","Dur\u00e9e de lecture estim\u00e9e":"2 minutes"},"schema":{"@context":"https:\/\/schema.org","@graph":[{"@type":"Article","@id":"https:\/\/www.aupadre.fr\/?p=887#article","isPartOf":{"@id":"https:\/\/www.aupadre.fr\/?p=887"},"author":{"name":"Xavier","@id":"http:\/\/www.aupadre.fr\/#\/schema\/person\/a4d65d0845eb7504e7ac0d30b04fc724"},"headline":"Grand d\u00e9bat : ACC\u00c8S AUX TRANSPORTS PUBLICS","datePublished":"2019-01-20T15:36:13+00:00","dateModified":"2019-10-26T14:14:32+00:00","mainEntityOfPage":{"@id":"https:\/\/www.aupadre.fr\/?p=887"},"wordCount":487,"commentCount":1,"keywords":["2019","acc\u00e8s aux transports publics","Aupadre","\u00c9lus","Grand d\u00e9bat","ligne N","service","SNCF","transports"],"articleSection":["Actions pass\u00e9es"],"inLanguage":"fr-FR","potentialAction":[{"@type":"CommentAction","name":"Comment","target":["https:\/\/www.aupadre.fr\/?p=887#respond"]}]},{"@type":"WebPage","@id":"https:\/\/www.aupadre.fr\/?p=887","url":"https:\/\/www.aupadre.fr\/?p=887","name":"Grand d\u00e9bat : ACC\u00c8S AUX TRANSPORTS PUBLICS - AUPADRE","isPartOf":{"@id":"http:\/\/www.aupadre.fr\/#website"},"datePublished":"2019-01-20T15:36:13+00:00","dateModified":"2019-10-26T14:14:32+00:00","author":{"@id":"http:\/\/www.aupadre.fr\/#\/schema\/person\/a4d65d0845eb7504e7ac0d30b04fc724"},"breadcrumb":{"@id":"https:\/\/www.aupadre.fr\/?p=887#breadcrumb"},"inLanguage":"fr-FR","potentialAction":[{"@type":"ReadAction","target":["https:\/\/www.aupadre.fr\/?p=887"]}]},{"@type":"BreadcrumbList","@id":"https:\/\/www.aupadre.fr\/?p=887#breadcrumb","itemListElement":[{"@type":"ListItem","position":1,"name":"Accueil","item":"http:\/\/www.aupadre.fr\/"},{"@type":"ListItem","position":2,"name":"Grand d\u00e9bat : ACC\u00c8S AUX TRANSPORTS PUBLICS"}]},{"@type":"WebSite","@id":"http:\/\/www.aupadre.fr\/#website","url":"http:\/\/www.aupadre.fr\/","name":"AUPADRE","description":"Vogue la Gal\u00e8re sur les Rails !!!","potentialAction":[{"@type":"SearchAction","target":{"@type":"EntryPoint","urlTemplate":"http:\/\/www.aupadre.fr\/?s={search_term_string}"},"query-input":{"@type":"PropertyValueSpecification","valueRequired":true,"valueName":"search_term_string"}}],"inLanguage":"fr-FR"},{"@type":"Person","@id":"http:\/\/www.aupadre.fr\/#\/schema\/person\/a4d65d0845eb7504e7ac0d30b04fc724","name":"Xavier","image":{"@type":"ImageObject","inLanguage":"fr-FR","@id":"https:\/\/secure.gravatar.com\/avatar\/ffb6d5ada7569959161d7e666c264373bd0a900188ef369643d330e156b456fa?s=96&r=g","url":"https:\/\/secure.gravatar.com\/avatar\/ffb6d5ada7569959161d7e666c264373bd0a900188ef369643d330e156b456fa?s=96&r=g","contentUrl":"https:\/\/secure.gravatar.com\/avatar\/ffb6d5ada7569959161d7e666c264373bd0a900188ef369643d330e156b456fa?s=96&r=g","caption":"Xavier"},"url":"https:\/\/www.aupadre.fr\/?author=2"}]}},"_links":{"self":[{"href":"https:\/\/www.aupadre.fr\/index.php?rest_route=\/wp\/v2\/posts\/887","targetHints":{"allow":["GET"]}}],"collection":[{"href":"https:\/\/www.aupadre.fr\/index.php?rest_route=\/wp\/v2\/posts"}],"about":[{"href":"https:\/\/www.aupadre.fr\/index.php?rest_route=\/wp\/v2\/types\/post"}],"author":[{"embeddable":true,"href":"https:\/\/www.aupadre.fr\/index.php?rest_route=\/wp\/v2\/users\/2"}],"replies":[{"embeddable":true,"href":"https:\/\/www.aupadre.fr\/index.php?rest_route=%2Fwp%2Fv2%2Fcomments&post=887"}],"version-history":[{"count":5,"href":"https:\/\/www.aupadre.fr\/index.php?rest_route=\/wp\/v2\/posts\/887\/revisions"}],"predecessor-version":[{"id":1138,"href":"https:\/\/www.aupadre.fr\/index.php?rest_route=\/wp\/v2\/posts\/887\/revisions\/1138"}],"wp:attachment":[{"href":"https:\/\/www.aupadre.fr\/index.php?rest_route=%2Fwp%2Fv2%2Fmedia&parent=887"}],"wp:term":[{"taxonomy":"category","embeddable":true,"href":"https:\/\/www.aupadre.fr\/index.php?rest_route=%2Fwp%2Fv2%2Fcategories&post=887"},{"taxonomy":"post_tag","embeddable":true,"href":"https:\/\/www.aupadre.fr\/index.php?rest_route=%2Fwp%2Fv2%2Ftags&post=887"}],"curies":[{"name":"wp","href":"https:\/\/api.w.org\/{rel}","templated":true}]}}