{"id":879,"date":"2018-11-15T20:59:00","date_gmt":"2018-11-15T19:59:00","guid":{"rendered":"http:\/\/www.aupadre.fr\/?p=879"},"modified":"2019-10-26T16:15:59","modified_gmt":"2019-10-26T14:15:59","slug":"enfin-la-prolongation-jusqua-dreux","status":"publish","type":"post","link":"https:\/\/www.aupadre.fr\/?p=879","title":{"rendered":"Enfin la prolongation jusqu&rsquo;\u00e0 Dreux"},"content":{"rendered":"<p style=\"text-align: left;\">Au sortir de la R\u00e9union avec la SNCF ce soir, nous avons eu la confirmation de la prolongation de l&rsquo;abonnement jusqu&rsquo;a Dreux.<\/p>\n<p>Selon ces informations, les tarifs seront les suivants :<\/p>\n<p>Dreux-Houdan 116\u20ac par mois (contre 210\u20ac aujourd&rsquo;hui). Mais surtout,<\/p>\n<p>Dreux-Paris 166\u20ac par mois (354\u20ac auparavant).<\/p>\n<p>Tarifs applicables \u00e0 partir du 1 janvier 2019 pour les abonnements hebdo et mensuel. Achetable \u00e0 Dreux a partir du 20 decembre. L&rsquo;annuel sera dispo en septembre 2019.<\/p>\n<p>Nous n&rsquo;avons pas l&rsquo;information sur les tarifs hebdo, moins utiles.<\/p>\n","protected":false},"excerpt":{"rendered":"<p>Au sortir de la R\u00e9union avec la SNCF ce soir, nous avons eu la confirmation de la prolongation de l&rsquo;abonnement jusqu&rsquo;a Dreux. Selon ces informations, les tarifs seront les suivants : Dreux-Houdan 116\u20ac par mois (contre 210\u20ac aujourd&rsquo;hui). Mais surtout,&hellip; <\/p>\n","protected":false},"author":2,"featured_media":0,"comment_status":"open","ping_status":"open","sticky":false,"template":"","format":"standard","meta":{"_monsterinsights_skip_tracking":false,"_monsterinsights_sitenote_active":false,"_monsterinsights_sitenote_note":"","_monsterinsights_sitenote_category":0,"footnotes":""},"categories":[2],"tags":[115,50,33,117,19],"class_list":["post-879","post","type-post","status-publish","format-standard","hentry","category-actionspassees","tag-115","tag-elus","tag-ligne-n","tag-region-centre","tag-sncf"],"yoast_head":"<!-- This site is optimized with the Yoast SEO plugin v27.5 - https:\/\/yoast.com\/product\/yoast-seo-wordpress\/ -->\n<title>Enfin la prolongation jusqu&#039;\u00e0 Dreux - AUPADRE<\/title>\n<meta name=\"robots\" content=\"index, follow, max-snippet:-1, max-image-preview:large, max-video-preview:-1\" \/>\n<link rel=\"canonical\" href=\"https:\/\/www.aupadre.fr\/?p=879\" \/>\n<meta property=\"og:locale\" content=\"fr_FR\" \/>\n<meta property=\"og:type\" content=\"article\" \/>\n<meta property=\"og:title\" content=\"Enfin la prolongation jusqu&#039;\u00e0 Dreux - AUPADRE\" \/>\n<meta property=\"og:description\" content=\"Au sortir de la R\u00e9union avec la SNCF ce soir, nous avons eu la confirmation de la prolongation de l&rsquo;abonnement jusqu&rsquo;a Dreux. Selon ces informations, les tarifs seront les suivants : Dreux-Houdan 116\u20ac par mois (contre 210\u20ac aujourd&rsquo;hui). Mais surtout,&hellip;\" \/>\n<meta property=\"og:url\" content=\"https:\/\/www.aupadre.fr\/?p=879\" \/>\n<meta property=\"og:site_name\" content=\"AUPADRE\" \/>\n<meta property=\"article:published_time\" content=\"2018-11-15T19:59:00+00:00\" \/>\n<meta property=\"article:modified_time\" content=\"2019-10-26T14:15:59+00:00\" \/>\n<meta name=\"author\" content=\"Xavier\" \/>\n<meta name=\"twitter:card\" content=\"summary_large_image\" \/>\n<meta name=\"twitter:label1\" content=\"\u00c9crit par\" \/>\n\t<meta name=\"twitter:data1\" content=\"Xavier\" \/>\n<script type=\"application\/ld+json\" class=\"yoast-schema-graph\">{\"@context\":\"https:\\\/\\\/schema.org\",\"@graph\":[{\"@type\":\"Article\",\"@id\":\"https:\\\/\\\/www.aupadre.fr\\\/?p=879#article\",\"isPartOf\":{\"@id\":\"https:\\\/\\\/www.aupadre.fr\\\/?p=879\"},\"author\":{\"name\":\"Xavier\",\"@id\":\"http:\\\/\\\/www.aupadre.fr\\\/#\\\/schema\\\/person\\\/a4d65d0845eb7504e7ac0d30b04fc724\"},\"headline\":\"Enfin la prolongation jusqu&rsquo;\u00e0 Dreux\",\"datePublished\":\"2018-11-15T19:59:00+00:00\",\"dateModified\":\"2019-10-26T14:15:59+00:00\",\"mainEntityOfPage\":{\"@id\":\"https:\\\/\\\/www.aupadre.fr\\\/?p=879\"},\"wordCount\":85,\"commentCount\":0,\"keywords\":[\"2018\",\"\u00c9lus\",\"ligne N\",\"R\u00e9gion Centre\",\"SNCF\"],\"articleSection\":[\"Actions pass\u00e9es\"],\"inLanguage\":\"fr-FR\",\"potentialAction\":[{\"@type\":\"CommentAction\",\"name\":\"Comment\",\"target\":[\"https:\\\/\\\/www.aupadre.fr\\\/?p=879#respond\"]}]},{\"@type\":\"WebPage\",\"@id\":\"https:\\\/\\\/www.aupadre.fr\\\/?p=879\",\"url\":\"https:\\\/\\\/www.aupadre.fr\\\/?p=879\",\"name\":\"Enfin la prolongation jusqu'\u00e0 Dreux - AUPADRE\",\"isPartOf\":{\"@id\":\"http:\\\/\\\/www.aupadre.fr\\\/#website\"},\"datePublished\":\"2018-11-15T19:59:00+00:00\",\"dateModified\":\"2019-10-26T14:15:59+00:00\",\"author\":{\"@id\":\"http:\\\/\\\/www.aupadre.fr\\\/#\\\/schema\\\/person\\\/a4d65d0845eb7504e7ac0d30b04fc724\"},\"breadcrumb\":{\"@id\":\"https:\\\/\\\/www.aupadre.fr\\\/?p=879#breadcrumb\"},\"inLanguage\":\"fr-FR\",\"potentialAction\":[{\"@type\":\"ReadAction\",\"target\":[\"https:\\\/\\\/www.aupadre.fr\\\/?p=879\"]}]},{\"@type\":\"BreadcrumbList\",\"@id\":\"https:\\\/\\\/www.aupadre.fr\\\/?p=879#breadcrumb\",\"itemListElement\":[{\"@type\":\"ListItem\",\"position\":1,\"name\":\"Accueil\",\"item\":\"http:\\\/\\\/www.aupadre.fr\\\/\"},{\"@type\":\"ListItem\",\"position\":2,\"name\":\"Enfin la prolongation jusqu&rsquo;\u00e0 Dreux\"}]},{\"@type\":\"WebSite\",\"@id\":\"http:\\\/\\\/www.aupadre.fr\\\/#website\",\"url\":\"http:\\\/\\\/www.aupadre.fr\\\/\",\"name\":\"AUPADRE\",\"description\":\"Vogue la Gal\u00e8re sur les Rails !!!\",\"potentialAction\":[{\"@type\":\"SearchAction\",\"target\":{\"@type\":\"EntryPoint\",\"urlTemplate\":\"http:\\\/\\\/www.aupadre.fr\\\/?s={search_term_string}\"},\"query-input\":{\"@type\":\"PropertyValueSpecification\",\"valueRequired\":true,\"valueName\":\"search_term_string\"}}],\"inLanguage\":\"fr-FR\"},{\"@type\":\"Person\",\"@id\":\"http:\\\/\\\/www.aupadre.fr\\\/#\\\/schema\\\/person\\\/a4d65d0845eb7504e7ac0d30b04fc724\",\"name\":\"Xavier\",\"image\":{\"@type\":\"ImageObject\",\"inLanguage\":\"fr-FR\",\"@id\":\"https:\\\/\\\/secure.gravatar.com\\\/avatar\\\/ffb6d5ada7569959161d7e666c264373bd0a900188ef369643d330e156b456fa?s=96&r=g\",\"url\":\"https:\\\/\\\/secure.gravatar.com\\\/avatar\\\/ffb6d5ada7569959161d7e666c264373bd0a900188ef369643d330e156b456fa?s=96&r=g\",\"contentUrl\":\"https:\\\/\\\/secure.gravatar.com\\\/avatar\\\/ffb6d5ada7569959161d7e666c264373bd0a900188ef369643d330e156b456fa?s=96&r=g\",\"caption\":\"Xavier\"},\"url\":\"https:\\\/\\\/www.aupadre.fr\\\/?author=2\"}]}<\/script>\n<!-- \/ Yoast SEO plugin. -->","yoast_head_json":{"title":"Enfin la prolongation jusqu'\u00e0 Dreux - AUPADRE","robots":{"index":"index","follow":"follow","max-snippet":"max-snippet:-1","max-image-preview":"max-image-preview:large","max-video-preview":"max-video-preview:-1"},"canonical":"https:\/\/www.aupadre.fr\/?p=879","og_locale":"fr_FR","og_type":"article","og_title":"Enfin la prolongation jusqu'\u00e0 Dreux - AUPADRE","og_description":"Au sortir de la R\u00e9union avec la SNCF ce soir, nous avons eu la confirmation de la prolongation de l&rsquo;abonnement jusqu&rsquo;a Dreux. Selon ces informations, les tarifs seront les suivants : Dreux-Houdan 116\u20ac par mois (contre 210\u20ac aujourd&rsquo;hui). Mais surtout,&hellip;","og_url":"https:\/\/www.aupadre.fr\/?p=879","og_site_name":"AUPADRE","article_published_time":"2018-11-15T19:59:00+00:00","article_modified_time":"2019-10-26T14:15:59+00:00","author":"Xavier","twitter_card":"summary_large_image","twitter_misc":{"\u00c9crit par":"Xavier"},"schema":{"@context":"https:\/\/schema.org","@graph":[{"@type":"Article","@id":"https:\/\/www.aupadre.fr\/?p=879#article","isPartOf":{"@id":"https:\/\/www.aupadre.fr\/?p=879"},"author":{"name":"Xavier","@id":"http:\/\/www.aupadre.fr\/#\/schema\/person\/a4d65d0845eb7504e7ac0d30b04fc724"},"headline":"Enfin la prolongation jusqu&rsquo;\u00e0 Dreux","datePublished":"2018-11-15T19:59:00+00:00","dateModified":"2019-10-26T14:15:59+00:00","mainEntityOfPage":{"@id":"https:\/\/www.aupadre.fr\/?p=879"},"wordCount":85,"commentCount":0,"keywords":["2018","\u00c9lus","ligne N","R\u00e9gion Centre","SNCF"],"articleSection":["Actions pass\u00e9es"],"inLanguage":"fr-FR","potentialAction":[{"@type":"CommentAction","name":"Comment","target":["https:\/\/www.aupadre.fr\/?p=879#respond"]}]},{"@type":"WebPage","@id":"https:\/\/www.aupadre.fr\/?p=879","url":"https:\/\/www.aupadre.fr\/?p=879","name":"Enfin la prolongation jusqu'\u00e0 Dreux - AUPADRE","isPartOf":{"@id":"http:\/\/www.aupadre.fr\/#website"},"datePublished":"2018-11-15T19:59:00+00:00","dateModified":"2019-10-26T14:15:59+00:00","author":{"@id":"http:\/\/www.aupadre.fr\/#\/schema\/person\/a4d65d0845eb7504e7ac0d30b04fc724"},"breadcrumb":{"@id":"https:\/\/www.aupadre.fr\/?p=879#breadcrumb"},"inLanguage":"fr-FR","potentialAction":[{"@type":"ReadAction","target":["https:\/\/www.aupadre.fr\/?p=879"]}]},{"@type":"BreadcrumbList","@id":"https:\/\/www.aupadre.fr\/?p=879#breadcrumb","itemListElement":[{"@type":"ListItem","position":1,"name":"Accueil","item":"http:\/\/www.aupadre.fr\/"},{"@type":"ListItem","position":2,"name":"Enfin la prolongation jusqu&rsquo;\u00e0 Dreux"}]},{"@type":"WebSite","@id":"http:\/\/www.aupadre.fr\/#website","url":"http:\/\/www.aupadre.fr\/","name":"AUPADRE","description":"Vogue la Gal\u00e8re sur les Rails !!!","potentialAction":[{"@type":"SearchAction","target":{"@type":"EntryPoint","urlTemplate":"http:\/\/www.aupadre.fr\/?s={search_term_string}"},"query-input":{"@type":"PropertyValueSpecification","valueRequired":true,"valueName":"search_term_string"}}],"inLanguage":"fr-FR"},{"@type":"Person","@id":"http:\/\/www.aupadre.fr\/#\/schema\/person\/a4d65d0845eb7504e7ac0d30b04fc724","name":"Xavier","image":{"@type":"ImageObject","inLanguage":"fr-FR","@id":"https:\/\/secure.gravatar.com\/avatar\/ffb6d5ada7569959161d7e666c264373bd0a900188ef369643d330e156b456fa?s=96&r=g","url":"https:\/\/secure.gravatar.com\/avatar\/ffb6d5ada7569959161d7e666c264373bd0a900188ef369643d330e156b456fa?s=96&r=g","contentUrl":"https:\/\/secure.gravatar.com\/avatar\/ffb6d5ada7569959161d7e666c264373bd0a900188ef369643d330e156b456fa?s=96&r=g","caption":"Xavier"},"url":"https:\/\/www.aupadre.fr\/?author=2"}]}},"_links":{"self":[{"href":"https:\/\/www.aupadre.fr\/index.php?rest_route=\/wp\/v2\/posts\/879","targetHints":{"allow":["GET"]}}],"collection":[{"href":"https:\/\/www.aupadre.fr\/index.php?rest_route=\/wp\/v2\/posts"}],"about":[{"href":"https:\/\/www.aupadre.fr\/index.php?rest_route=\/wp\/v2\/types\/post"}],"author":[{"embeddable":true,"href":"https:\/\/www.aupadre.fr\/index.php?rest_route=\/wp\/v2\/users\/2"}],"replies":[{"embeddable":true,"href":"https:\/\/www.aupadre.fr\/index.php?rest_route=%2Fwp%2Fv2%2Fcomments&post=879"}],"version-history":[{"count":2,"href":"https:\/\/www.aupadre.fr\/index.php?rest_route=\/wp\/v2\/posts\/879\/revisions"}],"predecessor-version":[{"id":881,"href":"https:\/\/www.aupadre.fr\/index.php?rest_route=\/wp\/v2\/posts\/879\/revisions\/881"}],"wp:attachment":[{"href":"https:\/\/www.aupadre.fr\/index.php?rest_route=%2Fwp%2Fv2%2Fmedia&parent=879"}],"wp:term":[{"taxonomy":"category","embeddable":true,"href":"https:\/\/www.aupadre.fr\/index.php?rest_route=%2Fwp%2Fv2%2Fcategories&post=879"},{"taxonomy":"post_tag","embeddable":true,"href":"https:\/\/www.aupadre.fr\/index.php?rest_route=%2Fwp%2Fv2%2Ftags&post=879"}],"curies":[{"name":"wp","href":"https:\/\/api.w.org\/{rel}","templated":true}]}}