{"id":867,"date":"2018-10-20T11:35:18","date_gmt":"2018-10-20T10:35:18","guid":{"rendered":"http:\/\/www.aupadre.fr\/?p=867"},"modified":"2019-10-26T16:15:00","modified_gmt":"2019-10-26T14:15:00","slug":"aupadre-reclame-le-respect-des-gens-qui-travaillent","status":"publish","type":"post","link":"https:\/\/www.aupadre.fr\/?p=867","title":{"rendered":"Aupadre s&rsquo;associe \u00e0 cette p\u00e9tition citoyenne"},"content":{"rendered":"<p>Aupadre s&rsquo;associe \u00e0 cette p\u00e9tition citoyenne qui vient d&rsquo;\u00eatre lanc\u00e9e sur le parking de M\u00e9r\u00e9-Montfort L&rsquo;Amaury : https:\/\/www.mesopinions.com\/petition\/social\/creer-places-plutot-interdire-stationnement-gare\/50455<\/p>\n<p>Elle tient \u00e0 pr\u00e9ciser que, bien que cr\u00e9\u00e9e en 2001, et bien connue des \u00e9lus de proximit\u00e9, Aupadre n&rsquo;a fait l&rsquo;objet d&rsquo;aucune proposition de concertation pr\u00e9alable \u00e0 ces mesures, ce qui \u00e0 sons sens porte atteinte \u00e0 la d\u00e9mocratie locale.<\/p>\n<p>Elle estime souhaitable de respecter les gens qui travaillent (et qui sont aussi ceux qui apportent des ressources communales). Or, verbaliser \u00e0 outrance quand il n&rsquo;y a pas de v\u00e9ritable solution constitue un d\u00e9ni des difficult\u00e9s rencontr\u00e9es par la population. Les PV sont l\u00e9gitimes lorsqu&rsquo;il y a mise en danger et lorsque des solutions raisonnables existent. Commen\u00e7ons par les mettre en \u0153uvre !<\/p>\n","protected":false},"excerpt":{"rendered":"<p>Aupadre s&rsquo;associe \u00e0 cette p\u00e9tition citoyenne qui vient d&rsquo;\u00eatre lanc\u00e9e sur le parking de M\u00e9r\u00e9-Montfort L&rsquo;Amaury : https:\/\/www.mesopinions.com\/petition\/social\/creer-places-plutot-interdire-stationnement-gare\/50455 Elle tient \u00e0 pr\u00e9ciser que, bien que cr\u00e9\u00e9e en 2001, et bien connue des \u00e9lus de proximit\u00e9, Aupadre n&rsquo;a fait l&rsquo;objet d&rsquo;aucune&hellip; <\/p>\n","protected":false},"author":2,"featured_media":0,"comment_status":"open","ping_status":"open","sticky":false,"template":"","format":"standard","meta":{"_monsterinsights_skip_tracking":false,"_monsterinsights_sitenote_active":false,"_monsterinsights_sitenote_note":"","_monsterinsights_sitenote_category":0,"footnotes":""},"categories":[2],"tags":[115,51,50,22,33,23,21,53,19],"class_list":["post-867","post","type-post","status-publish","format-standard","hentry","category-actionspassees","tag-115","tag-actions","tag-elus","tag-gratuite","tag-ligne-n","tag-mere","tag-parkings","tag-politique","tag-sncf"],"yoast_head":"<!-- This site is optimized with the Yoast SEO plugin v27.5 - https:\/\/yoast.com\/product\/yoast-seo-wordpress\/ -->\n<title>Aupadre s&#039;associe \u00e0 cette p\u00e9tition citoyenne - AUPADRE<\/title>\n<meta name=\"robots\" content=\"index, follow, max-snippet:-1, max-image-preview:large, max-video-preview:-1\" \/>\n<link rel=\"canonical\" href=\"http:\/\/www.aupadre.fr\/?p=867\" \/>\n<meta property=\"og:locale\" content=\"fr_FR\" \/>\n<meta property=\"og:type\" content=\"article\" \/>\n<meta property=\"og:title\" content=\"Aupadre s&#039;associe \u00e0 cette p\u00e9tition citoyenne - AUPADRE\" \/>\n<meta property=\"og:description\" content=\"Aupadre s&rsquo;associe \u00e0 cette p\u00e9tition citoyenne qui vient d&rsquo;\u00eatre lanc\u00e9e sur le parking de M\u00e9r\u00e9-Montfort L&rsquo;Amaury : https:\/\/www.mesopinions.com\/petition\/social\/creer-places-plutot-interdire-stationnement-gare\/50455 Elle tient \u00e0 pr\u00e9ciser que, bien que cr\u00e9\u00e9e en 2001, et bien connue des \u00e9lus de proximit\u00e9, Aupadre n&rsquo;a fait l&rsquo;objet d&rsquo;aucune&hellip;\" \/>\n<meta property=\"og:url\" content=\"http:\/\/www.aupadre.fr\/?p=867\" \/>\n<meta property=\"og:site_name\" content=\"AUPADRE\" \/>\n<meta property=\"article:published_time\" content=\"2018-10-20T10:35:18+00:00\" \/>\n<meta property=\"article:modified_time\" content=\"2019-10-26T14:15:00+00:00\" \/>\n<meta name=\"author\" content=\"Xavier\" \/>\n<meta name=\"twitter:card\" content=\"summary_large_image\" \/>\n<meta name=\"twitter:label1\" content=\"\u00c9crit par\" \/>\n\t<meta name=\"twitter:data1\" content=\"Xavier\" \/>\n\t<meta name=\"twitter:label2\" content=\"Dur\u00e9e de lecture estim\u00e9e\" \/>\n\t<meta name=\"twitter:data2\" content=\"1 minute\" \/>\n<script type=\"application\/ld+json\" class=\"yoast-schema-graph\">{\"@context\":\"https:\\\/\\\/schema.org\",\"@graph\":[{\"@type\":\"Article\",\"@id\":\"http:\\\/\\\/www.aupadre.fr\\\/?p=867#article\",\"isPartOf\":{\"@id\":\"http:\\\/\\\/www.aupadre.fr\\\/?p=867\"},\"author\":{\"name\":\"Xavier\",\"@id\":\"http:\\\/\\\/www.aupadre.fr\\\/#\\\/schema\\\/person\\\/a4d65d0845eb7504e7ac0d30b04fc724\"},\"headline\":\"Aupadre s&rsquo;associe \u00e0 cette p\u00e9tition citoyenne\",\"datePublished\":\"2018-10-20T10:35:18+00:00\",\"dateModified\":\"2019-10-26T14:15:00+00:00\",\"mainEntityOfPage\":{\"@id\":\"http:\\\/\\\/www.aupadre.fr\\\/?p=867\"},\"wordCount\":147,\"commentCount\":0,\"keywords\":[\"2018\",\"actions\",\"\u00c9lus\",\"gratuit\u00e9\",\"ligne N\",\"MERE\",\"Parkings\",\"politique\",\"SNCF\"],\"articleSection\":[\"Actions pass\u00e9es\"],\"inLanguage\":\"fr-FR\",\"potentialAction\":[{\"@type\":\"CommentAction\",\"name\":\"Comment\",\"target\":[\"http:\\\/\\\/www.aupadre.fr\\\/?p=867#respond\"]}]},{\"@type\":\"WebPage\",\"@id\":\"http:\\\/\\\/www.aupadre.fr\\\/?p=867\",\"url\":\"http:\\\/\\\/www.aupadre.fr\\\/?p=867\",\"name\":\"Aupadre s'associe \u00e0 cette p\u00e9tition citoyenne - AUPADRE\",\"isPartOf\":{\"@id\":\"http:\\\/\\\/www.aupadre.fr\\\/#website\"},\"datePublished\":\"2018-10-20T10:35:18+00:00\",\"dateModified\":\"2019-10-26T14:15:00+00:00\",\"author\":{\"@id\":\"http:\\\/\\\/www.aupadre.fr\\\/#\\\/schema\\\/person\\\/a4d65d0845eb7504e7ac0d30b04fc724\"},\"breadcrumb\":{\"@id\":\"http:\\\/\\\/www.aupadre.fr\\\/?p=867#breadcrumb\"},\"inLanguage\":\"fr-FR\",\"potentialAction\":[{\"@type\":\"ReadAction\",\"target\":[\"http:\\\/\\\/www.aupadre.fr\\\/?p=867\"]}]},{\"@type\":\"BreadcrumbList\",\"@id\":\"http:\\\/\\\/www.aupadre.fr\\\/?p=867#breadcrumb\",\"itemListElement\":[{\"@type\":\"ListItem\",\"position\":1,\"name\":\"Accueil\",\"item\":\"http:\\\/\\\/www.aupadre.fr\\\/\"},{\"@type\":\"ListItem\",\"position\":2,\"name\":\"Aupadre s&rsquo;associe \u00e0 cette p\u00e9tition citoyenne\"}]},{\"@type\":\"WebSite\",\"@id\":\"http:\\\/\\\/www.aupadre.fr\\\/#website\",\"url\":\"http:\\\/\\\/www.aupadre.fr\\\/\",\"name\":\"AUPADRE\",\"description\":\"Vogue la Gal\u00e8re sur les Rails !!!\",\"potentialAction\":[{\"@type\":\"SearchAction\",\"target\":{\"@type\":\"EntryPoint\",\"urlTemplate\":\"http:\\\/\\\/www.aupadre.fr\\\/?s={search_term_string}\"},\"query-input\":{\"@type\":\"PropertyValueSpecification\",\"valueRequired\":true,\"valueName\":\"search_term_string\"}}],\"inLanguage\":\"fr-FR\"},{\"@type\":\"Person\",\"@id\":\"http:\\\/\\\/www.aupadre.fr\\\/#\\\/schema\\\/person\\\/a4d65d0845eb7504e7ac0d30b04fc724\",\"name\":\"Xavier\",\"image\":{\"@type\":\"ImageObject\",\"inLanguage\":\"fr-FR\",\"@id\":\"https:\\\/\\\/secure.gravatar.com\\\/avatar\\\/ffb6d5ada7569959161d7e666c264373bd0a900188ef369643d330e156b456fa?s=96&r=g\",\"url\":\"https:\\\/\\\/secure.gravatar.com\\\/avatar\\\/ffb6d5ada7569959161d7e666c264373bd0a900188ef369643d330e156b456fa?s=96&r=g\",\"contentUrl\":\"https:\\\/\\\/secure.gravatar.com\\\/avatar\\\/ffb6d5ada7569959161d7e666c264373bd0a900188ef369643d330e156b456fa?s=96&r=g\",\"caption\":\"Xavier\"},\"url\":\"https:\\\/\\\/www.aupadre.fr\\\/?author=2\"}]}<\/script>\n<!-- \/ Yoast SEO plugin. -->","yoast_head_json":{"title":"Aupadre s'associe \u00e0 cette p\u00e9tition citoyenne - AUPADRE","robots":{"index":"index","follow":"follow","max-snippet":"max-snippet:-1","max-image-preview":"max-image-preview:large","max-video-preview":"max-video-preview:-1"},"canonical":"http:\/\/www.aupadre.fr\/?p=867","og_locale":"fr_FR","og_type":"article","og_title":"Aupadre s'associe \u00e0 cette p\u00e9tition citoyenne - AUPADRE","og_description":"Aupadre s&rsquo;associe \u00e0 cette p\u00e9tition citoyenne qui vient d&rsquo;\u00eatre lanc\u00e9e sur le parking de M\u00e9r\u00e9-Montfort L&rsquo;Amaury : https:\/\/www.mesopinions.com\/petition\/social\/creer-places-plutot-interdire-stationnement-gare\/50455 Elle tient \u00e0 pr\u00e9ciser que, bien que cr\u00e9\u00e9e en 2001, et bien connue des \u00e9lus de proximit\u00e9, Aupadre n&rsquo;a fait l&rsquo;objet d&rsquo;aucune&hellip;","og_url":"http:\/\/www.aupadre.fr\/?p=867","og_site_name":"AUPADRE","article_published_time":"2018-10-20T10:35:18+00:00","article_modified_time":"2019-10-26T14:15:00+00:00","author":"Xavier","twitter_card":"summary_large_image","twitter_misc":{"\u00c9crit par":"Xavier","Dur\u00e9e de lecture estim\u00e9e":"1 minute"},"schema":{"@context":"https:\/\/schema.org","@graph":[{"@type":"Article","@id":"http:\/\/www.aupadre.fr\/?p=867#article","isPartOf":{"@id":"http:\/\/www.aupadre.fr\/?p=867"},"author":{"name":"Xavier","@id":"http:\/\/www.aupadre.fr\/#\/schema\/person\/a4d65d0845eb7504e7ac0d30b04fc724"},"headline":"Aupadre s&rsquo;associe \u00e0 cette p\u00e9tition citoyenne","datePublished":"2018-10-20T10:35:18+00:00","dateModified":"2019-10-26T14:15:00+00:00","mainEntityOfPage":{"@id":"http:\/\/www.aupadre.fr\/?p=867"},"wordCount":147,"commentCount":0,"keywords":["2018","actions","\u00c9lus","gratuit\u00e9","ligne N","MERE","Parkings","politique","SNCF"],"articleSection":["Actions pass\u00e9es"],"inLanguage":"fr-FR","potentialAction":[{"@type":"CommentAction","name":"Comment","target":["http:\/\/www.aupadre.fr\/?p=867#respond"]}]},{"@type":"WebPage","@id":"http:\/\/www.aupadre.fr\/?p=867","url":"http:\/\/www.aupadre.fr\/?p=867","name":"Aupadre s'associe \u00e0 cette p\u00e9tition citoyenne - AUPADRE","isPartOf":{"@id":"http:\/\/www.aupadre.fr\/#website"},"datePublished":"2018-10-20T10:35:18+00:00","dateModified":"2019-10-26T14:15:00+00:00","author":{"@id":"http:\/\/www.aupadre.fr\/#\/schema\/person\/a4d65d0845eb7504e7ac0d30b04fc724"},"breadcrumb":{"@id":"http:\/\/www.aupadre.fr\/?p=867#breadcrumb"},"inLanguage":"fr-FR","potentialAction":[{"@type":"ReadAction","target":["http:\/\/www.aupadre.fr\/?p=867"]}]},{"@type":"BreadcrumbList","@id":"http:\/\/www.aupadre.fr\/?p=867#breadcrumb","itemListElement":[{"@type":"ListItem","position":1,"name":"Accueil","item":"http:\/\/www.aupadre.fr\/"},{"@type":"ListItem","position":2,"name":"Aupadre s&rsquo;associe \u00e0 cette p\u00e9tition citoyenne"}]},{"@type":"WebSite","@id":"http:\/\/www.aupadre.fr\/#website","url":"http:\/\/www.aupadre.fr\/","name":"AUPADRE","description":"Vogue la Gal\u00e8re sur les Rails !!!","potentialAction":[{"@type":"SearchAction","target":{"@type":"EntryPoint","urlTemplate":"http:\/\/www.aupadre.fr\/?s={search_term_string}"},"query-input":{"@type":"PropertyValueSpecification","valueRequired":true,"valueName":"search_term_string"}}],"inLanguage":"fr-FR"},{"@type":"Person","@id":"http:\/\/www.aupadre.fr\/#\/schema\/person\/a4d65d0845eb7504e7ac0d30b04fc724","name":"Xavier","image":{"@type":"ImageObject","inLanguage":"fr-FR","@id":"https:\/\/secure.gravatar.com\/avatar\/ffb6d5ada7569959161d7e666c264373bd0a900188ef369643d330e156b456fa?s=96&r=g","url":"https:\/\/secure.gravatar.com\/avatar\/ffb6d5ada7569959161d7e666c264373bd0a900188ef369643d330e156b456fa?s=96&r=g","contentUrl":"https:\/\/secure.gravatar.com\/avatar\/ffb6d5ada7569959161d7e666c264373bd0a900188ef369643d330e156b456fa?s=96&r=g","caption":"Xavier"},"url":"https:\/\/www.aupadre.fr\/?author=2"}]}},"_links":{"self":[{"href":"https:\/\/www.aupadre.fr\/index.php?rest_route=\/wp\/v2\/posts\/867","targetHints":{"allow":["GET"]}}],"collection":[{"href":"https:\/\/www.aupadre.fr\/index.php?rest_route=\/wp\/v2\/posts"}],"about":[{"href":"https:\/\/www.aupadre.fr\/index.php?rest_route=\/wp\/v2\/types\/post"}],"author":[{"embeddable":true,"href":"https:\/\/www.aupadre.fr\/index.php?rest_route=\/wp\/v2\/users\/2"}],"replies":[{"embeddable":true,"href":"https:\/\/www.aupadre.fr\/index.php?rest_route=%2Fwp%2Fv2%2Fcomments&post=867"}],"version-history":[{"count":5,"href":"https:\/\/www.aupadre.fr\/index.php?rest_route=\/wp\/v2\/posts\/867\/revisions"}],"predecessor-version":[{"id":876,"href":"https:\/\/www.aupadre.fr\/index.php?rest_route=\/wp\/v2\/posts\/867\/revisions\/876"}],"wp:attachment":[{"href":"https:\/\/www.aupadre.fr\/index.php?rest_route=%2Fwp%2Fv2%2Fmedia&parent=867"}],"wp:term":[{"taxonomy":"category","embeddable":true,"href":"https:\/\/www.aupadre.fr\/index.php?rest_route=%2Fwp%2Fv2%2Fcategories&post=867"},{"taxonomy":"post_tag","embeddable":true,"href":"https:\/\/www.aupadre.fr\/index.php?rest_route=%2Fwp%2Fv2%2Ftags&post=867"}],"curies":[{"name":"wp","href":"https:\/\/api.w.org\/{rel}","templated":true}]}}