{"id":818,"date":"2018-05-10T17:02:37","date_gmt":"2018-05-10T16:02:37","guid":{"rendered":"http:\/\/www.aupadre.fr\/?p=818"},"modified":"2019-01-29T12:14:24","modified_gmt":"2019-01-29T11:14:24","slug":"communique-daupadre-greves-2018","status":"publish","type":"post","link":"https:\/\/www.aupadre.fr\/?p=818","title":{"rendered":"Remboursement int\u00e9gral pour les jours de gr\u00e8ve"},"content":{"rendered":"<p>La SNCF annonce un remboursement partiel des usagers pour les jours de gr\u00e8ve.<\/p>\n<p>Indign\u00e9s par tous les jours de gr\u00e8ve et par le cout social qu\u2019elle g\u00e9n\u00e8re, les usagers de la ligne N (Paris-Dreux) estiment que ce n&rsquo;est pas suffisant. Avec eux, les adh\u00e9rents d&rsquo;AUPADRE r\u00e9clament un remboursement int\u00e9gral des usagers pour les jours de gr\u00e8ve.<\/p>\n<p>Il est indispensable que le service des trains redevienne normal tr\u00e8s rapidement&nbsp;: des entreprises perdent des contrats, des salari\u00e9s s\u2019usent et perdent leur emploi. Le cout social, la fatigue et les accompagnements m\u00e9dicaux sont consid\u00e9rables, au point qu\u2019il serait temps que les deux parties se mettent r\u00e9ellement \u00e0 n\u00e9gocier plut\u00f4t que maintenir ce rapport de force st\u00e9rile, autiste et couteux dont nous sommes tous otages.<\/p>\n<p>D\u00e8s maintenant AUPADRE r\u00e9clament le remboursement int\u00e9gral et l&rsquo;arr\u00eat imm\u00e9diat de la gr\u00e8ve, et appelle les usagers de la ligne N \u00e0 rejoindre la juste lutte d&rsquo;AUPADRE !<\/p>\n<p><a title=\"Agissons ENSEMBLE : Adh\u00e9rez \u00e0 AUPADRE   !!!\" href=\"http:\/\/www.aupadre.fr\/?p=328\">Adh\u00e9rez !<\/a><\/p>\n","protected":false},"excerpt":{"rendered":"<p>La SNCF annonce un remboursement partiel des usagers pour les jours de gr\u00e8ve. Indign\u00e9s par tous les jours de gr\u00e8ve et par le cout social qu\u2019elle g\u00e9n\u00e8re, les usagers de la ligne N (Paris-Dreux) estiment que ce n&rsquo;est pas suffisant.&hellip; <\/p>\n","protected":false},"author":2,"featured_media":0,"comment_status":"open","ping_status":"open","sticky":false,"template":"","format":"standard","meta":{"_monsterinsights_skip_tracking":false,"_monsterinsights_sitenote_active":false,"_monsterinsights_sitenote_note":"","_monsterinsights_sitenote_category":0,"footnotes":""},"categories":[2],"tags":[115,85,89,18],"class_list":["post-818","post","type-post","status-publish","format-standard","hentry","category-actionspassees","tag-115","tag-action-de-letat","tag-aupadre-2","tag-greve"],"yoast_head":"<!-- This site is optimized with the Yoast SEO plugin v27.5 - https:\/\/yoast.com\/product\/yoast-seo-wordpress\/ -->\n<title>Remboursement int\u00e9gral pour les jours de gr\u00e8ve - AUPADRE<\/title>\n<meta name=\"robots\" content=\"index, follow, max-snippet:-1, max-image-preview:large, max-video-preview:-1\" \/>\n<link rel=\"canonical\" href=\"https:\/\/www.aupadre.fr\/?p=818\" \/>\n<meta property=\"og:locale\" content=\"fr_FR\" \/>\n<meta property=\"og:type\" content=\"article\" \/>\n<meta property=\"og:title\" content=\"Remboursement int\u00e9gral pour les jours de gr\u00e8ve - AUPADRE\" \/>\n<meta property=\"og:description\" content=\"La SNCF annonce un remboursement partiel des usagers pour les jours de gr\u00e8ve. Indign\u00e9s par tous les jours de gr\u00e8ve et par le cout social qu\u2019elle g\u00e9n\u00e8re, les usagers de la ligne N (Paris-Dreux) estiment que ce n&rsquo;est pas suffisant.&hellip;\" \/>\n<meta property=\"og:url\" content=\"https:\/\/www.aupadre.fr\/?p=818\" \/>\n<meta property=\"og:site_name\" content=\"AUPADRE\" \/>\n<meta property=\"article:published_time\" content=\"2018-05-10T16:02:37+00:00\" \/>\n<meta property=\"article:modified_time\" content=\"2019-01-29T11:14:24+00:00\" \/>\n<meta name=\"author\" content=\"Xavier\" \/>\n<meta name=\"twitter:card\" content=\"summary_large_image\" \/>\n<meta name=\"twitter:label1\" content=\"\u00c9crit par\" \/>\n\t<meta name=\"twitter:data1\" content=\"Xavier\" \/>\n\t<meta name=\"twitter:label2\" content=\"Dur\u00e9e de lecture estim\u00e9e\" \/>\n\t<meta name=\"twitter:data2\" content=\"1 minute\" \/>\n<script type=\"application\/ld+json\" class=\"yoast-schema-graph\">{\"@context\":\"https:\\\/\\\/schema.org\",\"@graph\":[{\"@type\":\"Article\",\"@id\":\"https:\\\/\\\/www.aupadre.fr\\\/?p=818#article\",\"isPartOf\":{\"@id\":\"https:\\\/\\\/www.aupadre.fr\\\/?p=818\"},\"author\":{\"name\":\"Xavier\",\"@id\":\"http:\\\/\\\/www.aupadre.fr\\\/#\\\/schema\\\/person\\\/a4d65d0845eb7504e7ac0d30b04fc724\"},\"headline\":\"Remboursement int\u00e9gral pour les jours de gr\u00e8ve\",\"datePublished\":\"2018-05-10T16:02:37+00:00\",\"dateModified\":\"2019-01-29T11:14:24+00:00\",\"mainEntityOfPage\":{\"@id\":\"https:\\\/\\\/www.aupadre.fr\\\/?p=818\"},\"wordCount\":188,\"commentCount\":0,\"keywords\":[\"2018\",\"Action de l'Etat\",\"Aupadre\",\"gr\u00e8ve\"],\"articleSection\":[\"Actions pass\u00e9es\"],\"inLanguage\":\"fr-FR\",\"potentialAction\":[{\"@type\":\"CommentAction\",\"name\":\"Comment\",\"target\":[\"https:\\\/\\\/www.aupadre.fr\\\/?p=818#respond\"]}]},{\"@type\":\"WebPage\",\"@id\":\"https:\\\/\\\/www.aupadre.fr\\\/?p=818\",\"url\":\"https:\\\/\\\/www.aupadre.fr\\\/?p=818\",\"name\":\"Remboursement int\u00e9gral pour les jours de gr\u00e8ve - AUPADRE\",\"isPartOf\":{\"@id\":\"http:\\\/\\\/www.aupadre.fr\\\/#website\"},\"datePublished\":\"2018-05-10T16:02:37+00:00\",\"dateModified\":\"2019-01-29T11:14:24+00:00\",\"author\":{\"@id\":\"http:\\\/\\\/www.aupadre.fr\\\/#\\\/schema\\\/person\\\/a4d65d0845eb7504e7ac0d30b04fc724\"},\"breadcrumb\":{\"@id\":\"https:\\\/\\\/www.aupadre.fr\\\/?p=818#breadcrumb\"},\"inLanguage\":\"fr-FR\",\"potentialAction\":[{\"@type\":\"ReadAction\",\"target\":[\"https:\\\/\\\/www.aupadre.fr\\\/?p=818\"]}]},{\"@type\":\"BreadcrumbList\",\"@id\":\"https:\\\/\\\/www.aupadre.fr\\\/?p=818#breadcrumb\",\"itemListElement\":[{\"@type\":\"ListItem\",\"position\":1,\"name\":\"Accueil\",\"item\":\"http:\\\/\\\/www.aupadre.fr\\\/\"},{\"@type\":\"ListItem\",\"position\":2,\"name\":\"Remboursement int\u00e9gral pour les jours de gr\u00e8ve\"}]},{\"@type\":\"WebSite\",\"@id\":\"http:\\\/\\\/www.aupadre.fr\\\/#website\",\"url\":\"http:\\\/\\\/www.aupadre.fr\\\/\",\"name\":\"AUPADRE\",\"description\":\"Vogue la Gal\u00e8re sur les Rails !!!\",\"potentialAction\":[{\"@type\":\"SearchAction\",\"target\":{\"@type\":\"EntryPoint\",\"urlTemplate\":\"http:\\\/\\\/www.aupadre.fr\\\/?s={search_term_string}\"},\"query-input\":{\"@type\":\"PropertyValueSpecification\",\"valueRequired\":true,\"valueName\":\"search_term_string\"}}],\"inLanguage\":\"fr-FR\"},{\"@type\":\"Person\",\"@id\":\"http:\\\/\\\/www.aupadre.fr\\\/#\\\/schema\\\/person\\\/a4d65d0845eb7504e7ac0d30b04fc724\",\"name\":\"Xavier\",\"image\":{\"@type\":\"ImageObject\",\"inLanguage\":\"fr-FR\",\"@id\":\"https:\\\/\\\/secure.gravatar.com\\\/avatar\\\/ffb6d5ada7569959161d7e666c264373bd0a900188ef369643d330e156b456fa?s=96&r=g\",\"url\":\"https:\\\/\\\/secure.gravatar.com\\\/avatar\\\/ffb6d5ada7569959161d7e666c264373bd0a900188ef369643d330e156b456fa?s=96&r=g\",\"contentUrl\":\"https:\\\/\\\/secure.gravatar.com\\\/avatar\\\/ffb6d5ada7569959161d7e666c264373bd0a900188ef369643d330e156b456fa?s=96&r=g\",\"caption\":\"Xavier\"},\"url\":\"https:\\\/\\\/www.aupadre.fr\\\/?author=2\"}]}<\/script>\n<!-- \/ Yoast SEO plugin. -->","yoast_head_json":{"title":"Remboursement int\u00e9gral pour les jours de gr\u00e8ve - AUPADRE","robots":{"index":"index","follow":"follow","max-snippet":"max-snippet:-1","max-image-preview":"max-image-preview:large","max-video-preview":"max-video-preview:-1"},"canonical":"https:\/\/www.aupadre.fr\/?p=818","og_locale":"fr_FR","og_type":"article","og_title":"Remboursement int\u00e9gral pour les jours de gr\u00e8ve - AUPADRE","og_description":"La SNCF annonce un remboursement partiel des usagers pour les jours de gr\u00e8ve. Indign\u00e9s par tous les jours de gr\u00e8ve et par le cout social qu\u2019elle g\u00e9n\u00e8re, les usagers de la ligne N (Paris-Dreux) estiment que ce n&rsquo;est pas suffisant.&hellip;","og_url":"https:\/\/www.aupadre.fr\/?p=818","og_site_name":"AUPADRE","article_published_time":"2018-05-10T16:02:37+00:00","article_modified_time":"2019-01-29T11:14:24+00:00","author":"Xavier","twitter_card":"summary_large_image","twitter_misc":{"\u00c9crit par":"Xavier","Dur\u00e9e de lecture estim\u00e9e":"1 minute"},"schema":{"@context":"https:\/\/schema.org","@graph":[{"@type":"Article","@id":"https:\/\/www.aupadre.fr\/?p=818#article","isPartOf":{"@id":"https:\/\/www.aupadre.fr\/?p=818"},"author":{"name":"Xavier","@id":"http:\/\/www.aupadre.fr\/#\/schema\/person\/a4d65d0845eb7504e7ac0d30b04fc724"},"headline":"Remboursement int\u00e9gral pour les jours de gr\u00e8ve","datePublished":"2018-05-10T16:02:37+00:00","dateModified":"2019-01-29T11:14:24+00:00","mainEntityOfPage":{"@id":"https:\/\/www.aupadre.fr\/?p=818"},"wordCount":188,"commentCount":0,"keywords":["2018","Action de l'Etat","Aupadre","gr\u00e8ve"],"articleSection":["Actions pass\u00e9es"],"inLanguage":"fr-FR","potentialAction":[{"@type":"CommentAction","name":"Comment","target":["https:\/\/www.aupadre.fr\/?p=818#respond"]}]},{"@type":"WebPage","@id":"https:\/\/www.aupadre.fr\/?p=818","url":"https:\/\/www.aupadre.fr\/?p=818","name":"Remboursement int\u00e9gral pour les jours de gr\u00e8ve - AUPADRE","isPartOf":{"@id":"http:\/\/www.aupadre.fr\/#website"},"datePublished":"2018-05-10T16:02:37+00:00","dateModified":"2019-01-29T11:14:24+00:00","author":{"@id":"http:\/\/www.aupadre.fr\/#\/schema\/person\/a4d65d0845eb7504e7ac0d30b04fc724"},"breadcrumb":{"@id":"https:\/\/www.aupadre.fr\/?p=818#breadcrumb"},"inLanguage":"fr-FR","potentialAction":[{"@type":"ReadAction","target":["https:\/\/www.aupadre.fr\/?p=818"]}]},{"@type":"BreadcrumbList","@id":"https:\/\/www.aupadre.fr\/?p=818#breadcrumb","itemListElement":[{"@type":"ListItem","position":1,"name":"Accueil","item":"http:\/\/www.aupadre.fr\/"},{"@type":"ListItem","position":2,"name":"Remboursement int\u00e9gral pour les jours de gr\u00e8ve"}]},{"@type":"WebSite","@id":"http:\/\/www.aupadre.fr\/#website","url":"http:\/\/www.aupadre.fr\/","name":"AUPADRE","description":"Vogue la Gal\u00e8re sur les Rails !!!","potentialAction":[{"@type":"SearchAction","target":{"@type":"EntryPoint","urlTemplate":"http:\/\/www.aupadre.fr\/?s={search_term_string}"},"query-input":{"@type":"PropertyValueSpecification","valueRequired":true,"valueName":"search_term_string"}}],"inLanguage":"fr-FR"},{"@type":"Person","@id":"http:\/\/www.aupadre.fr\/#\/schema\/person\/a4d65d0845eb7504e7ac0d30b04fc724","name":"Xavier","image":{"@type":"ImageObject","inLanguage":"fr-FR","@id":"https:\/\/secure.gravatar.com\/avatar\/ffb6d5ada7569959161d7e666c264373bd0a900188ef369643d330e156b456fa?s=96&r=g","url":"https:\/\/secure.gravatar.com\/avatar\/ffb6d5ada7569959161d7e666c264373bd0a900188ef369643d330e156b456fa?s=96&r=g","contentUrl":"https:\/\/secure.gravatar.com\/avatar\/ffb6d5ada7569959161d7e666c264373bd0a900188ef369643d330e156b456fa?s=96&r=g","caption":"Xavier"},"url":"https:\/\/www.aupadre.fr\/?author=2"}]}},"_links":{"self":[{"href":"https:\/\/www.aupadre.fr\/index.php?rest_route=\/wp\/v2\/posts\/818","targetHints":{"allow":["GET"]}}],"collection":[{"href":"https:\/\/www.aupadre.fr\/index.php?rest_route=\/wp\/v2\/posts"}],"about":[{"href":"https:\/\/www.aupadre.fr\/index.php?rest_route=\/wp\/v2\/types\/post"}],"author":[{"embeddable":true,"href":"https:\/\/www.aupadre.fr\/index.php?rest_route=\/wp\/v2\/users\/2"}],"replies":[{"embeddable":true,"href":"https:\/\/www.aupadre.fr\/index.php?rest_route=%2Fwp%2Fv2%2Fcomments&post=818"}],"version-history":[{"count":3,"href":"https:\/\/www.aupadre.fr\/index.php?rest_route=\/wp\/v2\/posts\/818\/revisions"}],"predecessor-version":[{"id":897,"href":"https:\/\/www.aupadre.fr\/index.php?rest_route=\/wp\/v2\/posts\/818\/revisions\/897"}],"wp:attachment":[{"href":"https:\/\/www.aupadre.fr\/index.php?rest_route=%2Fwp%2Fv2%2Fmedia&parent=818"}],"wp:term":[{"taxonomy":"category","embeddable":true,"href":"https:\/\/www.aupadre.fr\/index.php?rest_route=%2Fwp%2Fv2%2Fcategories&post=818"},{"taxonomy":"post_tag","embeddable":true,"href":"https:\/\/www.aupadre.fr\/index.php?rest_route=%2Fwp%2Fv2%2Ftags&post=818"}],"curies":[{"name":"wp","href":"https:\/\/api.w.org\/{rel}","templated":true}]}}