{"id":813,"date":"2018-04-11T04:58:20","date_gmt":"2018-04-11T03:58:20","guid":{"rendered":"http:\/\/www.aupadre.fr\/?p=813"},"modified":"2019-10-27T18:54:25","modified_gmt":"2019-10-27T17:54:25","slug":"lexperience-train-dun-usagers-de-la-ligne-n","status":"publish","type":"post","link":"https:\/\/www.aupadre.fr\/?p=813","title":{"rendered":"L\u2019exp\u00e9rience train d\u2019un usagers de la ligne N"},"content":{"rendered":"<pre>Un usagers de la ligne N nous a adress\u00e9 cette semaine le compte rendu de son exp\u00e9rience du transilien de la ligne N depuis le 1 janvier 2018 :\n\nBonjour\nNe pouvant assister \u00e0 l AG je vous communique quelques statistiques personnelles arr\u00eat\u00e9es au 31 mars 2018:\nSur 64 trajets r\u00e9pertori\u00e9s (34 allers et 30 retours) 415 minutes de retards cumul\u00e9s (=pr\u00e8s de 7h) dont 13 trajets (=20%) avec plus de plus 10 minutes (max = 36 minutes). Soit 6.5 min de retard moyen par trajet. Mieux qu' en 2011 (4,9 min), 2012 (2,7 min), 2013 (4,7 min) et 2014 (3.9 min) mais l ann\u00e9e n est pas finie.... Il faut vraiment r\u00e9former le syst\u00e8me \uf609\nBonne journ\u00e9e<\/pre>\n","protected":false},"excerpt":{"rendered":"<p>Un usagers de la ligne N nous a adress\u00e9 cette semaine le compte rendu de son exp\u00e9rience du transilien de la ligne N depuis le 1 janvier 2018 : Bonjour Ne pouvant assister \u00e0 l AG je vous communique quelques&hellip; <\/p>\n","protected":false},"author":2,"featured_media":0,"comment_status":"open","ping_status":"open","sticky":false,"template":"","format":"standard","meta":{"_monsterinsights_skip_tracking":false,"_monsterinsights_sitenote_active":false,"_monsterinsights_sitenote_note":"","_monsterinsights_sitenote_category":0,"footnotes":""},"categories":[5],"tags":[115,33,105],"class_list":["post-813","post","type-post","status-publish","format-standard","hentry","category-liens","tag-115","tag-ligne-n","tag-retard"],"yoast_head":"<!-- This site is optimized with the Yoast SEO plugin v27.5 - https:\/\/yoast.com\/product\/yoast-seo-wordpress\/ -->\n<title>L\u2019exp\u00e9rience train d\u2019un usagers de la ligne N - AUPADRE<\/title>\n<meta name=\"robots\" content=\"index, follow, max-snippet:-1, max-image-preview:large, max-video-preview:-1\" \/>\n<link rel=\"canonical\" href=\"https:\/\/www.aupadre.fr\/?p=813\" \/>\n<meta property=\"og:locale\" content=\"fr_FR\" \/>\n<meta property=\"og:type\" content=\"article\" \/>\n<meta property=\"og:title\" content=\"L\u2019exp\u00e9rience train d\u2019un usagers de la ligne N - AUPADRE\" \/>\n<meta property=\"og:description\" content=\"Un usagers de la ligne N nous a adress\u00e9 cette semaine le compte rendu de son exp\u00e9rience du transilien de la ligne N depuis le 1 janvier 2018 : Bonjour Ne pouvant assister \u00e0 l AG je vous communique quelques&hellip;\" \/>\n<meta property=\"og:url\" content=\"https:\/\/www.aupadre.fr\/?p=813\" \/>\n<meta property=\"og:site_name\" content=\"AUPADRE\" \/>\n<meta property=\"article:published_time\" content=\"2018-04-11T03:58:20+00:00\" \/>\n<meta property=\"article:modified_time\" content=\"2019-10-27T17:54:25+00:00\" \/>\n<meta name=\"author\" content=\"Xavier\" \/>\n<meta name=\"twitter:card\" content=\"summary_large_image\" \/>\n<meta name=\"twitter:label1\" content=\"\u00c9crit par\" \/>\n\t<meta name=\"twitter:data1\" content=\"Xavier\" \/>\n\t<meta name=\"twitter:label2\" content=\"Dur\u00e9e de lecture estim\u00e9e\" \/>\n\t<meta name=\"twitter:data2\" content=\"1 minute\" \/>\n<script type=\"application\/ld+json\" class=\"yoast-schema-graph\">{\"@context\":\"https:\\\/\\\/schema.org\",\"@graph\":[{\"@type\":\"Article\",\"@id\":\"https:\\\/\\\/www.aupadre.fr\\\/?p=813#article\",\"isPartOf\":{\"@id\":\"https:\\\/\\\/www.aupadre.fr\\\/?p=813\"},\"author\":{\"name\":\"Xavier\",\"@id\":\"http:\\\/\\\/www.aupadre.fr\\\/#\\\/schema\\\/person\\\/a4d65d0845eb7504e7ac0d30b04fc724\"},\"headline\":\"L\u2019exp\u00e9rience train d\u2019un usagers de la ligne N\",\"datePublished\":\"2018-04-11T03:58:20+00:00\",\"dateModified\":\"2019-10-27T17:54:25+00:00\",\"mainEntityOfPage\":{\"@id\":\"https:\\\/\\\/www.aupadre.fr\\\/?p=813\"},\"wordCount\":11,\"commentCount\":0,\"keywords\":[\"2018\",\"ligne N\",\"retard\"],\"articleSection\":[\"Liens et astuces\"],\"inLanguage\":\"fr-FR\",\"potentialAction\":[{\"@type\":\"CommentAction\",\"name\":\"Comment\",\"target\":[\"https:\\\/\\\/www.aupadre.fr\\\/?p=813#respond\"]}]},{\"@type\":\"WebPage\",\"@id\":\"https:\\\/\\\/www.aupadre.fr\\\/?p=813\",\"url\":\"https:\\\/\\\/www.aupadre.fr\\\/?p=813\",\"name\":\"L\u2019exp\u00e9rience train d\u2019un usagers de la ligne N - AUPADRE\",\"isPartOf\":{\"@id\":\"http:\\\/\\\/www.aupadre.fr\\\/#website\"},\"datePublished\":\"2018-04-11T03:58:20+00:00\",\"dateModified\":\"2019-10-27T17:54:25+00:00\",\"author\":{\"@id\":\"http:\\\/\\\/www.aupadre.fr\\\/#\\\/schema\\\/person\\\/a4d65d0845eb7504e7ac0d30b04fc724\"},\"breadcrumb\":{\"@id\":\"https:\\\/\\\/www.aupadre.fr\\\/?p=813#breadcrumb\"},\"inLanguage\":\"fr-FR\",\"potentialAction\":[{\"@type\":\"ReadAction\",\"target\":[\"https:\\\/\\\/www.aupadre.fr\\\/?p=813\"]}]},{\"@type\":\"BreadcrumbList\",\"@id\":\"https:\\\/\\\/www.aupadre.fr\\\/?p=813#breadcrumb\",\"itemListElement\":[{\"@type\":\"ListItem\",\"position\":1,\"name\":\"Accueil\",\"item\":\"http:\\\/\\\/www.aupadre.fr\\\/\"},{\"@type\":\"ListItem\",\"position\":2,\"name\":\"L\u2019exp\u00e9rience train d\u2019un usagers de la ligne N\"}]},{\"@type\":\"WebSite\",\"@id\":\"http:\\\/\\\/www.aupadre.fr\\\/#website\",\"url\":\"http:\\\/\\\/www.aupadre.fr\\\/\",\"name\":\"AUPADRE\",\"description\":\"Vogue la Gal\u00e8re sur les Rails !!!\",\"potentialAction\":[{\"@type\":\"SearchAction\",\"target\":{\"@type\":\"EntryPoint\",\"urlTemplate\":\"http:\\\/\\\/www.aupadre.fr\\\/?s={search_term_string}\"},\"query-input\":{\"@type\":\"PropertyValueSpecification\",\"valueRequired\":true,\"valueName\":\"search_term_string\"}}],\"inLanguage\":\"fr-FR\"},{\"@type\":\"Person\",\"@id\":\"http:\\\/\\\/www.aupadre.fr\\\/#\\\/schema\\\/person\\\/a4d65d0845eb7504e7ac0d30b04fc724\",\"name\":\"Xavier\",\"image\":{\"@type\":\"ImageObject\",\"inLanguage\":\"fr-FR\",\"@id\":\"https:\\\/\\\/secure.gravatar.com\\\/avatar\\\/ffb6d5ada7569959161d7e666c264373bd0a900188ef369643d330e156b456fa?s=96&r=g\",\"url\":\"https:\\\/\\\/secure.gravatar.com\\\/avatar\\\/ffb6d5ada7569959161d7e666c264373bd0a900188ef369643d330e156b456fa?s=96&r=g\",\"contentUrl\":\"https:\\\/\\\/secure.gravatar.com\\\/avatar\\\/ffb6d5ada7569959161d7e666c264373bd0a900188ef369643d330e156b456fa?s=96&r=g\",\"caption\":\"Xavier\"},\"url\":\"https:\\\/\\\/www.aupadre.fr\\\/?author=2\"}]}<\/script>\n<!-- \/ Yoast SEO plugin. -->","yoast_head_json":{"title":"L\u2019exp\u00e9rience train d\u2019un usagers de la ligne N - AUPADRE","robots":{"index":"index","follow":"follow","max-snippet":"max-snippet:-1","max-image-preview":"max-image-preview:large","max-video-preview":"max-video-preview:-1"},"canonical":"https:\/\/www.aupadre.fr\/?p=813","og_locale":"fr_FR","og_type":"article","og_title":"L\u2019exp\u00e9rience train d\u2019un usagers de la ligne N - AUPADRE","og_description":"Un usagers de la ligne N nous a adress\u00e9 cette semaine le compte rendu de son exp\u00e9rience du transilien de la ligne N depuis le 1 janvier 2018 : Bonjour Ne pouvant assister \u00e0 l AG je vous communique quelques&hellip;","og_url":"https:\/\/www.aupadre.fr\/?p=813","og_site_name":"AUPADRE","article_published_time":"2018-04-11T03:58:20+00:00","article_modified_time":"2019-10-27T17:54:25+00:00","author":"Xavier","twitter_card":"summary_large_image","twitter_misc":{"\u00c9crit par":"Xavier","Dur\u00e9e de lecture estim\u00e9e":"1 minute"},"schema":{"@context":"https:\/\/schema.org","@graph":[{"@type":"Article","@id":"https:\/\/www.aupadre.fr\/?p=813#article","isPartOf":{"@id":"https:\/\/www.aupadre.fr\/?p=813"},"author":{"name":"Xavier","@id":"http:\/\/www.aupadre.fr\/#\/schema\/person\/a4d65d0845eb7504e7ac0d30b04fc724"},"headline":"L\u2019exp\u00e9rience train d\u2019un usagers de la ligne N","datePublished":"2018-04-11T03:58:20+00:00","dateModified":"2019-10-27T17:54:25+00:00","mainEntityOfPage":{"@id":"https:\/\/www.aupadre.fr\/?p=813"},"wordCount":11,"commentCount":0,"keywords":["2018","ligne N","retard"],"articleSection":["Liens et astuces"],"inLanguage":"fr-FR","potentialAction":[{"@type":"CommentAction","name":"Comment","target":["https:\/\/www.aupadre.fr\/?p=813#respond"]}]},{"@type":"WebPage","@id":"https:\/\/www.aupadre.fr\/?p=813","url":"https:\/\/www.aupadre.fr\/?p=813","name":"L\u2019exp\u00e9rience train d\u2019un usagers de la ligne N - AUPADRE","isPartOf":{"@id":"http:\/\/www.aupadre.fr\/#website"},"datePublished":"2018-04-11T03:58:20+00:00","dateModified":"2019-10-27T17:54:25+00:00","author":{"@id":"http:\/\/www.aupadre.fr\/#\/schema\/person\/a4d65d0845eb7504e7ac0d30b04fc724"},"breadcrumb":{"@id":"https:\/\/www.aupadre.fr\/?p=813#breadcrumb"},"inLanguage":"fr-FR","potentialAction":[{"@type":"ReadAction","target":["https:\/\/www.aupadre.fr\/?p=813"]}]},{"@type":"BreadcrumbList","@id":"https:\/\/www.aupadre.fr\/?p=813#breadcrumb","itemListElement":[{"@type":"ListItem","position":1,"name":"Accueil","item":"http:\/\/www.aupadre.fr\/"},{"@type":"ListItem","position":2,"name":"L\u2019exp\u00e9rience train d\u2019un usagers de la ligne N"}]},{"@type":"WebSite","@id":"http:\/\/www.aupadre.fr\/#website","url":"http:\/\/www.aupadre.fr\/","name":"AUPADRE","description":"Vogue la Gal\u00e8re sur les Rails !!!","potentialAction":[{"@type":"SearchAction","target":{"@type":"EntryPoint","urlTemplate":"http:\/\/www.aupadre.fr\/?s={search_term_string}"},"query-input":{"@type":"PropertyValueSpecification","valueRequired":true,"valueName":"search_term_string"}}],"inLanguage":"fr-FR"},{"@type":"Person","@id":"http:\/\/www.aupadre.fr\/#\/schema\/person\/a4d65d0845eb7504e7ac0d30b04fc724","name":"Xavier","image":{"@type":"ImageObject","inLanguage":"fr-FR","@id":"https:\/\/secure.gravatar.com\/avatar\/ffb6d5ada7569959161d7e666c264373bd0a900188ef369643d330e156b456fa?s=96&r=g","url":"https:\/\/secure.gravatar.com\/avatar\/ffb6d5ada7569959161d7e666c264373bd0a900188ef369643d330e156b456fa?s=96&r=g","contentUrl":"https:\/\/secure.gravatar.com\/avatar\/ffb6d5ada7569959161d7e666c264373bd0a900188ef369643d330e156b456fa?s=96&r=g","caption":"Xavier"},"url":"https:\/\/www.aupadre.fr\/?author=2"}]}},"_links":{"self":[{"href":"https:\/\/www.aupadre.fr\/index.php?rest_route=\/wp\/v2\/posts\/813","targetHints":{"allow":["GET"]}}],"collection":[{"href":"https:\/\/www.aupadre.fr\/index.php?rest_route=\/wp\/v2\/posts"}],"about":[{"href":"https:\/\/www.aupadre.fr\/index.php?rest_route=\/wp\/v2\/types\/post"}],"author":[{"embeddable":true,"href":"https:\/\/www.aupadre.fr\/index.php?rest_route=\/wp\/v2\/users\/2"}],"replies":[{"embeddable":true,"href":"https:\/\/www.aupadre.fr\/index.php?rest_route=%2Fwp%2Fv2%2Fcomments&post=813"}],"version-history":[{"count":2,"href":"https:\/\/www.aupadre.fr\/index.php?rest_route=\/wp\/v2\/posts\/813\/revisions"}],"predecessor-version":[{"id":815,"href":"https:\/\/www.aupadre.fr\/index.php?rest_route=\/wp\/v2\/posts\/813\/revisions\/815"}],"wp:attachment":[{"href":"https:\/\/www.aupadre.fr\/index.php?rest_route=%2Fwp%2Fv2%2Fmedia&parent=813"}],"wp:term":[{"taxonomy":"category","embeddable":true,"href":"https:\/\/www.aupadre.fr\/index.php?rest_route=%2Fwp%2Fv2%2Fcategories&post=813"},{"taxonomy":"post_tag","embeddable":true,"href":"https:\/\/www.aupadre.fr\/index.php?rest_route=%2Fwp%2Fv2%2Ftags&post=813"}],"curies":[{"name":"wp","href":"https:\/\/api.w.org\/{rel}","templated":true}]}}