{"id":785,"date":"2016-10-28T22:22:59","date_gmt":"2016-10-28T21:22:59","guid":{"rendered":"http:\/\/www.aupadre.fr\/?p=785"},"modified":"2019-01-29T12:20:46","modified_gmt":"2019-01-29T11:20:46","slug":"les-demarches-daupadre-depuis-la-rentree","status":"publish","type":"post","link":"https:\/\/www.aupadre.fr\/?p=785","title":{"rendered":"Calendrier d&rsquo;actions Aupadre depuis la rentr\u00e9e"},"content":{"rendered":"<p>&nbsp;<\/p>\n<p>8 septembre : R\u00e9union entre Aupadre et &nbsp;SNCF<\/p>\n<p>20 septembre : R\u00e9union Pr\u00e9sidente du STIF Val\u00e9rie P\u00e9cresse \/Associations (participation de votre association)<\/p>\n<p>11 octobre :&nbsp;Conseil d&rsquo;Admministration d&rsquo;AUPADRE<\/p>\n<p>15 octobre : Lecture partag\u00e9e du CONTRAT qui relie le STIF et SNCF Mobilit\u00e9s<\/p>\n<p>21 octobre : contact \u00e9tabli avec le Journaliste du Parisien et reportage photo sur parking Gare Montfort<\/p>\n<p>25 octobre : R\u00e9union de AUPADRE avec le STIF<\/p>\n<p>27 octobre : Demande de rendez-vous d&rsquo;AUPADRE avec la Communaut\u00e9 de Communes de C\u0153ur d&rsquo;Yvelines<\/p>\n","protected":false},"excerpt":{"rendered":"<p>&nbsp; 8 septembre : R\u00e9union entre Aupadre et &nbsp;SNCF 20 septembre : R\u00e9union Pr\u00e9sidente du STIF Val\u00e9rie P\u00e9cresse \/Associations (participation de votre association) 11 octobre :&nbsp;Conseil d&rsquo;Admministration d&rsquo;AUPADRE 15 octobre : Lecture partag\u00e9e du CONTRAT qui relie le STIF et&hellip; <\/p>\n","protected":false},"author":2,"featured_media":0,"comment_status":"open","ping_status":"open","sticky":false,"template":"","format":"standard","meta":{"_monsterinsights_skip_tracking":false,"_monsterinsights_sitenote_active":false,"_monsterinsights_sitenote_note":"","_monsterinsights_sitenote_category":0,"footnotes":""},"categories":[2],"tags":[],"class_list":["post-785","post","type-post","status-publish","format-standard","hentry","category-actionspassees"],"yoast_head":"<!-- This site is optimized with the Yoast SEO plugin v27.5 - https:\/\/yoast.com\/product\/yoast-seo-wordpress\/ -->\n<title>Calendrier d&#039;actions Aupadre depuis la rentr\u00e9e - AUPADRE<\/title>\n<meta name=\"robots\" content=\"index, follow, max-snippet:-1, max-image-preview:large, max-video-preview:-1\" \/>\n<link rel=\"canonical\" href=\"https:\/\/www.aupadre.fr\/?p=785\" \/>\n<meta property=\"og:locale\" content=\"fr_FR\" \/>\n<meta property=\"og:type\" content=\"article\" \/>\n<meta property=\"og:title\" content=\"Calendrier d&#039;actions Aupadre depuis la rentr\u00e9e - AUPADRE\" \/>\n<meta property=\"og:description\" content=\"&nbsp; 8 septembre : R\u00e9union entre Aupadre et &nbsp;SNCF 20 septembre : R\u00e9union Pr\u00e9sidente du STIF Val\u00e9rie P\u00e9cresse \/Associations (participation de votre association) 11 octobre :&nbsp;Conseil d&rsquo;Admministration d&rsquo;AUPADRE 15 octobre : Lecture partag\u00e9e du CONTRAT qui relie le STIF et&hellip;\" \/>\n<meta property=\"og:url\" content=\"https:\/\/www.aupadre.fr\/?p=785\" \/>\n<meta property=\"og:site_name\" content=\"AUPADRE\" \/>\n<meta property=\"article:published_time\" content=\"2016-10-28T21:22:59+00:00\" \/>\n<meta property=\"article:modified_time\" content=\"2019-01-29T11:20:46+00:00\" \/>\n<meta name=\"author\" content=\"Xavier\" \/>\n<meta name=\"twitter:card\" content=\"summary_large_image\" \/>\n<meta name=\"twitter:label1\" content=\"\u00c9crit par\" \/>\n\t<meta name=\"twitter:data1\" content=\"Xavier\" \/>\n<script type=\"application\/ld+json\" class=\"yoast-schema-graph\">{\"@context\":\"https:\\\/\\\/schema.org\",\"@graph\":[{\"@type\":\"Article\",\"@id\":\"https:\\\/\\\/www.aupadre.fr\\\/?p=785#article\",\"isPartOf\":{\"@id\":\"https:\\\/\\\/www.aupadre.fr\\\/?p=785\"},\"author\":{\"name\":\"Xavier\",\"@id\":\"http:\\\/\\\/www.aupadre.fr\\\/#\\\/schema\\\/person\\\/a4d65d0845eb7504e7ac0d30b04fc724\"},\"headline\":\"Calendrier d&rsquo;actions Aupadre depuis la rentr\u00e9e\",\"datePublished\":\"2016-10-28T21:22:59+00:00\",\"dateModified\":\"2019-01-29T11:20:46+00:00\",\"mainEntityOfPage\":{\"@id\":\"https:\\\/\\\/www.aupadre.fr\\\/?p=785\"},\"wordCount\":93,\"commentCount\":0,\"articleSection\":[\"Actions pass\u00e9es\"],\"inLanguage\":\"fr-FR\",\"potentialAction\":[{\"@type\":\"CommentAction\",\"name\":\"Comment\",\"target\":[\"https:\\\/\\\/www.aupadre.fr\\\/?p=785#respond\"]}]},{\"@type\":\"WebPage\",\"@id\":\"https:\\\/\\\/www.aupadre.fr\\\/?p=785\",\"url\":\"https:\\\/\\\/www.aupadre.fr\\\/?p=785\",\"name\":\"Calendrier d'actions Aupadre depuis la rentr\u00e9e - AUPADRE\",\"isPartOf\":{\"@id\":\"http:\\\/\\\/www.aupadre.fr\\\/#website\"},\"datePublished\":\"2016-10-28T21:22:59+00:00\",\"dateModified\":\"2019-01-29T11:20:46+00:00\",\"author\":{\"@id\":\"http:\\\/\\\/www.aupadre.fr\\\/#\\\/schema\\\/person\\\/a4d65d0845eb7504e7ac0d30b04fc724\"},\"breadcrumb\":{\"@id\":\"https:\\\/\\\/www.aupadre.fr\\\/?p=785#breadcrumb\"},\"inLanguage\":\"fr-FR\",\"potentialAction\":[{\"@type\":\"ReadAction\",\"target\":[\"https:\\\/\\\/www.aupadre.fr\\\/?p=785\"]}]},{\"@type\":\"BreadcrumbList\",\"@id\":\"https:\\\/\\\/www.aupadre.fr\\\/?p=785#breadcrumb\",\"itemListElement\":[{\"@type\":\"ListItem\",\"position\":1,\"name\":\"Accueil\",\"item\":\"http:\\\/\\\/www.aupadre.fr\\\/\"},{\"@type\":\"ListItem\",\"position\":2,\"name\":\"Calendrier d&rsquo;actions Aupadre depuis la rentr\u00e9e\"}]},{\"@type\":\"WebSite\",\"@id\":\"http:\\\/\\\/www.aupadre.fr\\\/#website\",\"url\":\"http:\\\/\\\/www.aupadre.fr\\\/\",\"name\":\"AUPADRE\",\"description\":\"Vogue la Gal\u00e8re sur les Rails !!!\",\"potentialAction\":[{\"@type\":\"SearchAction\",\"target\":{\"@type\":\"EntryPoint\",\"urlTemplate\":\"http:\\\/\\\/www.aupadre.fr\\\/?s={search_term_string}\"},\"query-input\":{\"@type\":\"PropertyValueSpecification\",\"valueRequired\":true,\"valueName\":\"search_term_string\"}}],\"inLanguage\":\"fr-FR\"},{\"@type\":\"Person\",\"@id\":\"http:\\\/\\\/www.aupadre.fr\\\/#\\\/schema\\\/person\\\/a4d65d0845eb7504e7ac0d30b04fc724\",\"name\":\"Xavier\",\"image\":{\"@type\":\"ImageObject\",\"inLanguage\":\"fr-FR\",\"@id\":\"https:\\\/\\\/secure.gravatar.com\\\/avatar\\\/ffb6d5ada7569959161d7e666c264373bd0a900188ef369643d330e156b456fa?s=96&r=g\",\"url\":\"https:\\\/\\\/secure.gravatar.com\\\/avatar\\\/ffb6d5ada7569959161d7e666c264373bd0a900188ef369643d330e156b456fa?s=96&r=g\",\"contentUrl\":\"https:\\\/\\\/secure.gravatar.com\\\/avatar\\\/ffb6d5ada7569959161d7e666c264373bd0a900188ef369643d330e156b456fa?s=96&r=g\",\"caption\":\"Xavier\"},\"url\":\"https:\\\/\\\/www.aupadre.fr\\\/?author=2\"}]}<\/script>\n<!-- \/ Yoast SEO plugin. -->","yoast_head_json":{"title":"Calendrier d'actions Aupadre depuis la rentr\u00e9e - AUPADRE","robots":{"index":"index","follow":"follow","max-snippet":"max-snippet:-1","max-image-preview":"max-image-preview:large","max-video-preview":"max-video-preview:-1"},"canonical":"https:\/\/www.aupadre.fr\/?p=785","og_locale":"fr_FR","og_type":"article","og_title":"Calendrier d'actions Aupadre depuis la rentr\u00e9e - AUPADRE","og_description":"&nbsp; 8 septembre : R\u00e9union entre Aupadre et &nbsp;SNCF 20 septembre : R\u00e9union Pr\u00e9sidente du STIF Val\u00e9rie P\u00e9cresse \/Associations (participation de votre association) 11 octobre :&nbsp;Conseil d&rsquo;Admministration d&rsquo;AUPADRE 15 octobre : Lecture partag\u00e9e du CONTRAT qui relie le STIF et&hellip;","og_url":"https:\/\/www.aupadre.fr\/?p=785","og_site_name":"AUPADRE","article_published_time":"2016-10-28T21:22:59+00:00","article_modified_time":"2019-01-29T11:20:46+00:00","author":"Xavier","twitter_card":"summary_large_image","twitter_misc":{"\u00c9crit par":"Xavier"},"schema":{"@context":"https:\/\/schema.org","@graph":[{"@type":"Article","@id":"https:\/\/www.aupadre.fr\/?p=785#article","isPartOf":{"@id":"https:\/\/www.aupadre.fr\/?p=785"},"author":{"name":"Xavier","@id":"http:\/\/www.aupadre.fr\/#\/schema\/person\/a4d65d0845eb7504e7ac0d30b04fc724"},"headline":"Calendrier d&rsquo;actions Aupadre depuis la rentr\u00e9e","datePublished":"2016-10-28T21:22:59+00:00","dateModified":"2019-01-29T11:20:46+00:00","mainEntityOfPage":{"@id":"https:\/\/www.aupadre.fr\/?p=785"},"wordCount":93,"commentCount":0,"articleSection":["Actions pass\u00e9es"],"inLanguage":"fr-FR","potentialAction":[{"@type":"CommentAction","name":"Comment","target":["https:\/\/www.aupadre.fr\/?p=785#respond"]}]},{"@type":"WebPage","@id":"https:\/\/www.aupadre.fr\/?p=785","url":"https:\/\/www.aupadre.fr\/?p=785","name":"Calendrier d'actions Aupadre depuis la rentr\u00e9e - AUPADRE","isPartOf":{"@id":"http:\/\/www.aupadre.fr\/#website"},"datePublished":"2016-10-28T21:22:59+00:00","dateModified":"2019-01-29T11:20:46+00:00","author":{"@id":"http:\/\/www.aupadre.fr\/#\/schema\/person\/a4d65d0845eb7504e7ac0d30b04fc724"},"breadcrumb":{"@id":"https:\/\/www.aupadre.fr\/?p=785#breadcrumb"},"inLanguage":"fr-FR","potentialAction":[{"@type":"ReadAction","target":["https:\/\/www.aupadre.fr\/?p=785"]}]},{"@type":"BreadcrumbList","@id":"https:\/\/www.aupadre.fr\/?p=785#breadcrumb","itemListElement":[{"@type":"ListItem","position":1,"name":"Accueil","item":"http:\/\/www.aupadre.fr\/"},{"@type":"ListItem","position":2,"name":"Calendrier d&rsquo;actions Aupadre depuis la rentr\u00e9e"}]},{"@type":"WebSite","@id":"http:\/\/www.aupadre.fr\/#website","url":"http:\/\/www.aupadre.fr\/","name":"AUPADRE","description":"Vogue la Gal\u00e8re sur les Rails !!!","potentialAction":[{"@type":"SearchAction","target":{"@type":"EntryPoint","urlTemplate":"http:\/\/www.aupadre.fr\/?s={search_term_string}"},"query-input":{"@type":"PropertyValueSpecification","valueRequired":true,"valueName":"search_term_string"}}],"inLanguage":"fr-FR"},{"@type":"Person","@id":"http:\/\/www.aupadre.fr\/#\/schema\/person\/a4d65d0845eb7504e7ac0d30b04fc724","name":"Xavier","image":{"@type":"ImageObject","inLanguage":"fr-FR","@id":"https:\/\/secure.gravatar.com\/avatar\/ffb6d5ada7569959161d7e666c264373bd0a900188ef369643d330e156b456fa?s=96&r=g","url":"https:\/\/secure.gravatar.com\/avatar\/ffb6d5ada7569959161d7e666c264373bd0a900188ef369643d330e156b456fa?s=96&r=g","contentUrl":"https:\/\/secure.gravatar.com\/avatar\/ffb6d5ada7569959161d7e666c264373bd0a900188ef369643d330e156b456fa?s=96&r=g","caption":"Xavier"},"url":"https:\/\/www.aupadre.fr\/?author=2"}]}},"_links":{"self":[{"href":"https:\/\/www.aupadre.fr\/index.php?rest_route=\/wp\/v2\/posts\/785","targetHints":{"allow":["GET"]}}],"collection":[{"href":"https:\/\/www.aupadre.fr\/index.php?rest_route=\/wp\/v2\/posts"}],"about":[{"href":"https:\/\/www.aupadre.fr\/index.php?rest_route=\/wp\/v2\/types\/post"}],"author":[{"embeddable":true,"href":"https:\/\/www.aupadre.fr\/index.php?rest_route=\/wp\/v2\/users\/2"}],"replies":[{"embeddable":true,"href":"https:\/\/www.aupadre.fr\/index.php?rest_route=%2Fwp%2Fv2%2Fcomments&post=785"}],"version-history":[{"count":3,"href":"https:\/\/www.aupadre.fr\/index.php?rest_route=\/wp\/v2\/posts\/785\/revisions"}],"predecessor-version":[{"id":902,"href":"https:\/\/www.aupadre.fr\/index.php?rest_route=\/wp\/v2\/posts\/785\/revisions\/902"}],"wp:attachment":[{"href":"https:\/\/www.aupadre.fr\/index.php?rest_route=%2Fwp%2Fv2%2Fmedia&parent=785"}],"wp:term":[{"taxonomy":"category","embeddable":true,"href":"https:\/\/www.aupadre.fr\/index.php?rest_route=%2Fwp%2Fv2%2Fcategories&post=785"},{"taxonomy":"post_tag","embeddable":true,"href":"https:\/\/www.aupadre.fr\/index.php?rest_route=%2Fwp%2Fv2%2Ftags&post=785"}],"curies":[{"name":"wp","href":"https:\/\/api.w.org\/{rel}","templated":true}]}}