{"id":682,"date":"2016-01-14T01:03:51","date_gmt":"2016-01-14T00:03:51","guid":{"rendered":"http:\/\/www.aupadre.fr\/?p=682"},"modified":"2019-01-29T12:28:32","modified_gmt":"2019-01-29T11:28:32","slug":"gare-de-marchezais-des-usagers-clients-maltraites","status":"publish","type":"post","link":"https:\/\/www.aupadre.fr\/?p=682","title":{"rendered":"Gare de Marchezais, des usagers-clients ignor\u00e9s"},"content":{"rendered":"<p>Depuis l&rsquo;\u00e9t\u00e9 2015, les usagers subissent les d\u00e9sagr\u00e9ments sur le parking de la gare. D\u00e9j\u00e0 trop petit, ils voient des travaux du parking qui n&rsquo;en finissent pas, qui r\u00e9duiront de mani\u00e8re importante le nombre de places tout en faisant payer le parking sans r\u00e9pondre aux vrais besoins. Enfin, utilisateurs de ce lieu depuis parfois 15 ans, ils s&rsquo;interrogent sur une d\u00e9cision contraire aux pr\u00e9conisations de 2013, prise trop rapidement et sans concertation des usagers-clients-administr\u00e9s. La dangerosit\u00e9 du site li\u00e9e aux silos \u00e0 moins de 50 m\u00e8tres (distance r\u00e8glementaire), invitait tout au contraire \u00e0 investir le champ de l&rsquo;autre cot\u00ea de la voie, choix infiniment plus \u00e9labor\u00e9,\u00a0et m\u00fbrement r\u00e9fl\u00e9chi, et qui n&rsquo;a pas \u00eat\u00e9 retenu. Quelle en est donc la cause ?<\/p>\n<p>Les usagers de la gare et du parking de Marchezais ont cr\u00e9e une p\u00e9tition en ligne. vous la trouverez ici :<strong> <a title=\"P\u00e9tition usagers marchezais\" href=\"https:\/\/www.change.org\/p\/m-le-pr%C3%A9sident-de-l-agglom%C3%A9ration-du-pays-de-dreux-acter-en-2016-un-stationnement-gratuit-pour-tous-les-usagers-du-parking-de-la-gare-de-marchezais?recruiter=58004064&amp;utm_source=share_petition&amp;utm_medium=copylink\" target=\"_blank\">p\u00e9tition Gare de Marchezais<\/a><\/strong><\/p>\n<p>Nous vous invitons \u00e0 suivre ce dossier en suivant ce lien : <a title=\"Ligne N et pays de DREUX\" href=\"http:\/\/www.aupadre.fr\/?page_id=577\"><strong>notre page sur Ligne N en pays Drouais<\/strong><\/a>.<\/p>\n<p>&nbsp;<\/p>\n","protected":false},"excerpt":{"rendered":"<p>Depuis l&rsquo;\u00e9t\u00e9 2015, les usagers subissent les d\u00e9sagr\u00e9ments sur le parking de la gare. D\u00e9j\u00e0 trop petit, ils voient des travaux du parking qui n&rsquo;en finissent pas, qui r\u00e9duiront de mani\u00e8re importante le nombre de places tout en faisant payer&hellip; <\/p>\n","protected":false},"author":2,"featured_media":0,"comment_status":"closed","ping_status":"closed","sticky":false,"template":"","format":"standard","meta":{"_monsterinsights_skip_tracking":false,"_monsterinsights_sitenote_active":false,"_monsterinsights_sitenote_note":"","_monsterinsights_sitenote_category":0,"footnotes":""},"categories":[2],"tags":[50,79,33,21],"class_list":["post-682","post","type-post","status-publish","format-standard","hentry","category-actionspassees","tag-elus","tag-gare","tag-ligne-n","tag-parkings"],"yoast_head":"<!-- This site is optimized with the Yoast SEO plugin v27.5 - https:\/\/yoast.com\/product\/yoast-seo-wordpress\/ -->\n<title>Gare de Marchezais, des usagers-clients ignor\u00e9s - AUPADRE<\/title>\n<meta name=\"robots\" content=\"index, follow, max-snippet:-1, max-image-preview:large, max-video-preview:-1\" \/>\n<link rel=\"canonical\" href=\"https:\/\/www.aupadre.fr\/?p=682\" \/>\n<meta property=\"og:locale\" content=\"fr_FR\" \/>\n<meta property=\"og:type\" content=\"article\" \/>\n<meta property=\"og:title\" content=\"Gare de Marchezais, des usagers-clients ignor\u00e9s - AUPADRE\" \/>\n<meta property=\"og:description\" content=\"Depuis l&rsquo;\u00e9t\u00e9 2015, les usagers subissent les d\u00e9sagr\u00e9ments sur le parking de la gare. D\u00e9j\u00e0 trop petit, ils voient des travaux du parking qui n&rsquo;en finissent pas, qui r\u00e9duiront de mani\u00e8re importante le nombre de places tout en faisant payer&hellip;\" \/>\n<meta property=\"og:url\" content=\"https:\/\/www.aupadre.fr\/?p=682\" \/>\n<meta property=\"og:site_name\" content=\"AUPADRE\" \/>\n<meta property=\"article:published_time\" content=\"2016-01-14T00:03:51+00:00\" \/>\n<meta property=\"article:modified_time\" content=\"2019-01-29T11:28:32+00:00\" \/>\n<meta name=\"author\" content=\"Xavier\" \/>\n<meta name=\"twitter:card\" content=\"summary_large_image\" \/>\n<meta name=\"twitter:label1\" content=\"\u00c9crit par\" \/>\n\t<meta name=\"twitter:data1\" content=\"Xavier\" \/>\n\t<meta name=\"twitter:label2\" content=\"Dur\u00e9e de lecture estim\u00e9e\" \/>\n\t<meta name=\"twitter:data2\" content=\"1 minute\" \/>\n<script type=\"application\/ld+json\" class=\"yoast-schema-graph\">{\"@context\":\"https:\\\/\\\/schema.org\",\"@graph\":[{\"@type\":\"Article\",\"@id\":\"https:\\\/\\\/www.aupadre.fr\\\/?p=682#article\",\"isPartOf\":{\"@id\":\"https:\\\/\\\/www.aupadre.fr\\\/?p=682\"},\"author\":{\"name\":\"Xavier\",\"@id\":\"http:\\\/\\\/www.aupadre.fr\\\/#\\\/schema\\\/person\\\/a4d65d0845eb7504e7ac0d30b04fc724\"},\"headline\":\"Gare de Marchezais, des usagers-clients ignor\u00e9s\",\"datePublished\":\"2016-01-14T00:03:51+00:00\",\"dateModified\":\"2019-01-29T11:28:32+00:00\",\"mainEntityOfPage\":{\"@id\":\"https:\\\/\\\/www.aupadre.fr\\\/?p=682\"},\"wordCount\":188,\"keywords\":[\"\u00c9lus\",\"gare\",\"ligne N\",\"Parkings\"],\"articleSection\":[\"Actions pass\u00e9es\"],\"inLanguage\":\"fr-FR\"},{\"@type\":\"WebPage\",\"@id\":\"https:\\\/\\\/www.aupadre.fr\\\/?p=682\",\"url\":\"https:\\\/\\\/www.aupadre.fr\\\/?p=682\",\"name\":\"Gare de Marchezais, des usagers-clients ignor\u00e9s - AUPADRE\",\"isPartOf\":{\"@id\":\"http:\\\/\\\/www.aupadre.fr\\\/#website\"},\"datePublished\":\"2016-01-14T00:03:51+00:00\",\"dateModified\":\"2019-01-29T11:28:32+00:00\",\"author\":{\"@id\":\"http:\\\/\\\/www.aupadre.fr\\\/#\\\/schema\\\/person\\\/a4d65d0845eb7504e7ac0d30b04fc724\"},\"breadcrumb\":{\"@id\":\"https:\\\/\\\/www.aupadre.fr\\\/?p=682#breadcrumb\"},\"inLanguage\":\"fr-FR\",\"potentialAction\":[{\"@type\":\"ReadAction\",\"target\":[\"https:\\\/\\\/www.aupadre.fr\\\/?p=682\"]}]},{\"@type\":\"BreadcrumbList\",\"@id\":\"https:\\\/\\\/www.aupadre.fr\\\/?p=682#breadcrumb\",\"itemListElement\":[{\"@type\":\"ListItem\",\"position\":1,\"name\":\"Accueil\",\"item\":\"http:\\\/\\\/www.aupadre.fr\\\/\"},{\"@type\":\"ListItem\",\"position\":2,\"name\":\"Gare de Marchezais, des usagers-clients ignor\u00e9s\"}]},{\"@type\":\"WebSite\",\"@id\":\"http:\\\/\\\/www.aupadre.fr\\\/#website\",\"url\":\"http:\\\/\\\/www.aupadre.fr\\\/\",\"name\":\"AUPADRE\",\"description\":\"Vogue la Gal\u00e8re sur les Rails !!!\",\"potentialAction\":[{\"@type\":\"SearchAction\",\"target\":{\"@type\":\"EntryPoint\",\"urlTemplate\":\"http:\\\/\\\/www.aupadre.fr\\\/?s={search_term_string}\"},\"query-input\":{\"@type\":\"PropertyValueSpecification\",\"valueRequired\":true,\"valueName\":\"search_term_string\"}}],\"inLanguage\":\"fr-FR\"},{\"@type\":\"Person\",\"@id\":\"http:\\\/\\\/www.aupadre.fr\\\/#\\\/schema\\\/person\\\/a4d65d0845eb7504e7ac0d30b04fc724\",\"name\":\"Xavier\",\"image\":{\"@type\":\"ImageObject\",\"inLanguage\":\"fr-FR\",\"@id\":\"https:\\\/\\\/secure.gravatar.com\\\/avatar\\\/ffb6d5ada7569959161d7e666c264373bd0a900188ef369643d330e156b456fa?s=96&r=g\",\"url\":\"https:\\\/\\\/secure.gravatar.com\\\/avatar\\\/ffb6d5ada7569959161d7e666c264373bd0a900188ef369643d330e156b456fa?s=96&r=g\",\"contentUrl\":\"https:\\\/\\\/secure.gravatar.com\\\/avatar\\\/ffb6d5ada7569959161d7e666c264373bd0a900188ef369643d330e156b456fa?s=96&r=g\",\"caption\":\"Xavier\"},\"url\":\"https:\\\/\\\/www.aupadre.fr\\\/?author=2\"}]}<\/script>\n<!-- \/ Yoast SEO plugin. -->","yoast_head_json":{"title":"Gare de Marchezais, des usagers-clients ignor\u00e9s - AUPADRE","robots":{"index":"index","follow":"follow","max-snippet":"max-snippet:-1","max-image-preview":"max-image-preview:large","max-video-preview":"max-video-preview:-1"},"canonical":"https:\/\/www.aupadre.fr\/?p=682","og_locale":"fr_FR","og_type":"article","og_title":"Gare de Marchezais, des usagers-clients ignor\u00e9s - AUPADRE","og_description":"Depuis l&rsquo;\u00e9t\u00e9 2015, les usagers subissent les d\u00e9sagr\u00e9ments sur le parking de la gare. D\u00e9j\u00e0 trop petit, ils voient des travaux du parking qui n&rsquo;en finissent pas, qui r\u00e9duiront de mani\u00e8re importante le nombre de places tout en faisant payer&hellip;","og_url":"https:\/\/www.aupadre.fr\/?p=682","og_site_name":"AUPADRE","article_published_time":"2016-01-14T00:03:51+00:00","article_modified_time":"2019-01-29T11:28:32+00:00","author":"Xavier","twitter_card":"summary_large_image","twitter_misc":{"\u00c9crit par":"Xavier","Dur\u00e9e de lecture estim\u00e9e":"1 minute"},"schema":{"@context":"https:\/\/schema.org","@graph":[{"@type":"Article","@id":"https:\/\/www.aupadre.fr\/?p=682#article","isPartOf":{"@id":"https:\/\/www.aupadre.fr\/?p=682"},"author":{"name":"Xavier","@id":"http:\/\/www.aupadre.fr\/#\/schema\/person\/a4d65d0845eb7504e7ac0d30b04fc724"},"headline":"Gare de Marchezais, des usagers-clients ignor\u00e9s","datePublished":"2016-01-14T00:03:51+00:00","dateModified":"2019-01-29T11:28:32+00:00","mainEntityOfPage":{"@id":"https:\/\/www.aupadre.fr\/?p=682"},"wordCount":188,"keywords":["\u00c9lus","gare","ligne N","Parkings"],"articleSection":["Actions pass\u00e9es"],"inLanguage":"fr-FR"},{"@type":"WebPage","@id":"https:\/\/www.aupadre.fr\/?p=682","url":"https:\/\/www.aupadre.fr\/?p=682","name":"Gare de Marchezais, des usagers-clients ignor\u00e9s - AUPADRE","isPartOf":{"@id":"http:\/\/www.aupadre.fr\/#website"},"datePublished":"2016-01-14T00:03:51+00:00","dateModified":"2019-01-29T11:28:32+00:00","author":{"@id":"http:\/\/www.aupadre.fr\/#\/schema\/person\/a4d65d0845eb7504e7ac0d30b04fc724"},"breadcrumb":{"@id":"https:\/\/www.aupadre.fr\/?p=682#breadcrumb"},"inLanguage":"fr-FR","potentialAction":[{"@type":"ReadAction","target":["https:\/\/www.aupadre.fr\/?p=682"]}]},{"@type":"BreadcrumbList","@id":"https:\/\/www.aupadre.fr\/?p=682#breadcrumb","itemListElement":[{"@type":"ListItem","position":1,"name":"Accueil","item":"http:\/\/www.aupadre.fr\/"},{"@type":"ListItem","position":2,"name":"Gare de Marchezais, des usagers-clients ignor\u00e9s"}]},{"@type":"WebSite","@id":"http:\/\/www.aupadre.fr\/#website","url":"http:\/\/www.aupadre.fr\/","name":"AUPADRE","description":"Vogue la Gal\u00e8re sur les Rails !!!","potentialAction":[{"@type":"SearchAction","target":{"@type":"EntryPoint","urlTemplate":"http:\/\/www.aupadre.fr\/?s={search_term_string}"},"query-input":{"@type":"PropertyValueSpecification","valueRequired":true,"valueName":"search_term_string"}}],"inLanguage":"fr-FR"},{"@type":"Person","@id":"http:\/\/www.aupadre.fr\/#\/schema\/person\/a4d65d0845eb7504e7ac0d30b04fc724","name":"Xavier","image":{"@type":"ImageObject","inLanguage":"fr-FR","@id":"https:\/\/secure.gravatar.com\/avatar\/ffb6d5ada7569959161d7e666c264373bd0a900188ef369643d330e156b456fa?s=96&r=g","url":"https:\/\/secure.gravatar.com\/avatar\/ffb6d5ada7569959161d7e666c264373bd0a900188ef369643d330e156b456fa?s=96&r=g","contentUrl":"https:\/\/secure.gravatar.com\/avatar\/ffb6d5ada7569959161d7e666c264373bd0a900188ef369643d330e156b456fa?s=96&r=g","caption":"Xavier"},"url":"https:\/\/www.aupadre.fr\/?author=2"}]}},"_links":{"self":[{"href":"https:\/\/www.aupadre.fr\/index.php?rest_route=\/wp\/v2\/posts\/682","targetHints":{"allow":["GET"]}}],"collection":[{"href":"https:\/\/www.aupadre.fr\/index.php?rest_route=\/wp\/v2\/posts"}],"about":[{"href":"https:\/\/www.aupadre.fr\/index.php?rest_route=\/wp\/v2\/types\/post"}],"author":[{"embeddable":true,"href":"https:\/\/www.aupadre.fr\/index.php?rest_route=\/wp\/v2\/users\/2"}],"replies":[{"embeddable":true,"href":"https:\/\/www.aupadre.fr\/index.php?rest_route=%2Fwp%2Fv2%2Fcomments&post=682"}],"version-history":[{"count":6,"href":"https:\/\/www.aupadre.fr\/index.php?rest_route=\/wp\/v2\/posts\/682\/revisions"}],"predecessor-version":[{"id":689,"href":"https:\/\/www.aupadre.fr\/index.php?rest_route=\/wp\/v2\/posts\/682\/revisions\/689"}],"wp:attachment":[{"href":"https:\/\/www.aupadre.fr\/index.php?rest_route=%2Fwp%2Fv2%2Fmedia&parent=682"}],"wp:term":[{"taxonomy":"category","embeddable":true,"href":"https:\/\/www.aupadre.fr\/index.php?rest_route=%2Fwp%2Fv2%2Fcategories&post=682"},{"taxonomy":"post_tag","embeddable":true,"href":"https:\/\/www.aupadre.fr\/index.php?rest_route=%2Fwp%2Fv2%2Ftags&post=682"}],"curies":[{"name":"wp","href":"https:\/\/api.w.org\/{rel}","templated":true}]}}