{"id":490,"date":"2015-03-07T15:16:04","date_gmt":"2015-03-07T14:16:04","guid":{"rendered":"http:\/\/www.aupadre.fr\/?p=490"},"modified":"2019-10-26T16:16:55","modified_gmt":"2019-10-26T14:16:55","slug":"les-femmes-une-inegalite-dans-le-transport-en-commun-en-idf","status":"publish","type":"post","link":"https:\/\/www.aupadre.fr\/?p=490","title":{"rendered":"Les femmes, une in\u00e9galit\u00e9 dans le transport en commun en IDF"},"content":{"rendered":"<p>Parmi les&nbsp;nombreuses r\u00e9actions \u00e0 notre Lettre Ouverte, celle d&rsquo;une \u00e9lue du Centre note que seuls les \u00e9lus hommes sont destinataires.<\/p>\n<p>Sur cette question, Aupadre note que :<\/p>\n<ol>\n<li>Les femmes sont sous-repr\u00e9sent\u00e9es parmi les \u00e9lu-e-s.<\/li>\n<li>Les femmes franciliennes usag\u00e8res du transport en commun sont trait\u00e9es de mani\u00e8re TRES in\u00e9galitaire.<\/li>\n<\/ol>\n<p>A cette occasion, Aupadre s&rsquo;associe \u00e0 la journ\u00e9e du 8 mars 2015 et communique son indignation devant la baisse s\u00e9v\u00e8re de l&rsquo;offre de transport sur les femmes : voir notre note sur&nbsp;<a href=\"http:\/\/www.aupadre.fr\/wp-content\/uploads\/2015\/03\/La-situation-in\u00c3\u00a9galitaire-des-femmes-dans-les-transports-en-commun.pdf\">La situation in\u00e9galitaire des femmes dans les transports en commun<\/a><\/p>\n","protected":false},"excerpt":{"rendered":"<p>Parmi les&nbsp;nombreuses r\u00e9actions \u00e0 notre Lettre Ouverte, celle d&rsquo;une \u00e9lue du Centre note que seuls les \u00e9lus hommes sont destinataires. Sur cette question, Aupadre note que : Les femmes sont sous-repr\u00e9sent\u00e9es parmi les \u00e9lu-e-s. Les femmes franciliennes usag\u00e8res du transport&hellip; <\/p>\n","protected":false},"author":2,"featured_media":0,"comment_status":"closed","ping_status":"open","sticky":false,"template":"","format":"standard","meta":{"_monsterinsights_skip_tracking":false,"_monsterinsights_sitenote_active":false,"_monsterinsights_sitenote_note":"","_monsterinsights_sitenote_category":0,"footnotes":""},"categories":[2],"tags":[99,89,107],"class_list":["post-490","post","type-post","status-publish","format-standard","hentry","category-actionspassees","tag-99","tag-aupadre-2","tag-femmes"],"yoast_head":"<!-- This site is optimized with the Yoast SEO plugin v27.5 - https:\/\/yoast.com\/product\/yoast-seo-wordpress\/ -->\n<title>Les femmes, une in\u00e9galit\u00e9 dans le transport en commun en IDF - AUPADRE<\/title>\n<meta name=\"robots\" content=\"index, follow, max-snippet:-1, max-image-preview:large, max-video-preview:-1\" \/>\n<link rel=\"canonical\" href=\"https:\/\/www.aupadre.fr\/?p=490\" \/>\n<meta property=\"og:locale\" content=\"fr_FR\" \/>\n<meta property=\"og:type\" content=\"article\" \/>\n<meta property=\"og:title\" content=\"Les femmes, une in\u00e9galit\u00e9 dans le transport en commun en IDF - AUPADRE\" \/>\n<meta property=\"og:description\" content=\"Parmi les&nbsp;nombreuses r\u00e9actions \u00e0 notre Lettre Ouverte, celle d&rsquo;une \u00e9lue du Centre note que seuls les \u00e9lus hommes sont destinataires. Sur cette question, Aupadre note que : Les femmes sont sous-repr\u00e9sent\u00e9es parmi les \u00e9lu-e-s. Les femmes franciliennes usag\u00e8res du transport&hellip;\" \/>\n<meta property=\"og:url\" content=\"https:\/\/www.aupadre.fr\/?p=490\" \/>\n<meta property=\"og:site_name\" content=\"AUPADRE\" \/>\n<meta property=\"article:published_time\" content=\"2015-03-07T14:16:04+00:00\" \/>\n<meta property=\"article:modified_time\" content=\"2019-10-26T14:16:55+00:00\" \/>\n<meta name=\"author\" content=\"Xavier\" \/>\n<meta name=\"twitter:card\" content=\"summary_large_image\" \/>\n<meta name=\"twitter:label1\" content=\"\u00c9crit par\" \/>\n\t<meta name=\"twitter:data1\" content=\"Xavier\" \/>\n<script type=\"application\/ld+json\" class=\"yoast-schema-graph\">{\"@context\":\"https:\\\/\\\/schema.org\",\"@graph\":[{\"@type\":\"Article\",\"@id\":\"https:\\\/\\\/www.aupadre.fr\\\/?p=490#article\",\"isPartOf\":{\"@id\":\"https:\\\/\\\/www.aupadre.fr\\\/?p=490\"},\"author\":{\"name\":\"Xavier\",\"@id\":\"http:\\\/\\\/www.aupadre.fr\\\/#\\\/schema\\\/person\\\/a4d65d0845eb7504e7ac0d30b04fc724\"},\"headline\":\"Les femmes, une in\u00e9galit\u00e9 dans le transport en commun en IDF\",\"datePublished\":\"2015-03-07T14:16:04+00:00\",\"dateModified\":\"2019-10-26T14:16:55+00:00\",\"mainEntityOfPage\":{\"@id\":\"https:\\\/\\\/www.aupadre.fr\\\/?p=490\"},\"wordCount\":113,\"keywords\":[\"2015\",\"Aupadre\",\"Femmes\"],\"articleSection\":[\"Actions pass\u00e9es\"],\"inLanguage\":\"fr-FR\"},{\"@type\":\"WebPage\",\"@id\":\"https:\\\/\\\/www.aupadre.fr\\\/?p=490\",\"url\":\"https:\\\/\\\/www.aupadre.fr\\\/?p=490\",\"name\":\"Les femmes, une in\u00e9galit\u00e9 dans le transport en commun en IDF - AUPADRE\",\"isPartOf\":{\"@id\":\"http:\\\/\\\/www.aupadre.fr\\\/#website\"},\"datePublished\":\"2015-03-07T14:16:04+00:00\",\"dateModified\":\"2019-10-26T14:16:55+00:00\",\"author\":{\"@id\":\"http:\\\/\\\/www.aupadre.fr\\\/#\\\/schema\\\/person\\\/a4d65d0845eb7504e7ac0d30b04fc724\"},\"breadcrumb\":{\"@id\":\"https:\\\/\\\/www.aupadre.fr\\\/?p=490#breadcrumb\"},\"inLanguage\":\"fr-FR\",\"potentialAction\":[{\"@type\":\"ReadAction\",\"target\":[\"https:\\\/\\\/www.aupadre.fr\\\/?p=490\"]}]},{\"@type\":\"BreadcrumbList\",\"@id\":\"https:\\\/\\\/www.aupadre.fr\\\/?p=490#breadcrumb\",\"itemListElement\":[{\"@type\":\"ListItem\",\"position\":1,\"name\":\"Accueil\",\"item\":\"http:\\\/\\\/www.aupadre.fr\\\/\"},{\"@type\":\"ListItem\",\"position\":2,\"name\":\"Les femmes, une in\u00e9galit\u00e9 dans le transport en commun en IDF\"}]},{\"@type\":\"WebSite\",\"@id\":\"http:\\\/\\\/www.aupadre.fr\\\/#website\",\"url\":\"http:\\\/\\\/www.aupadre.fr\\\/\",\"name\":\"AUPADRE\",\"description\":\"Vogue la Gal\u00e8re sur les Rails !!!\",\"potentialAction\":[{\"@type\":\"SearchAction\",\"target\":{\"@type\":\"EntryPoint\",\"urlTemplate\":\"http:\\\/\\\/www.aupadre.fr\\\/?s={search_term_string}\"},\"query-input\":{\"@type\":\"PropertyValueSpecification\",\"valueRequired\":true,\"valueName\":\"search_term_string\"}}],\"inLanguage\":\"fr-FR\"},{\"@type\":\"Person\",\"@id\":\"http:\\\/\\\/www.aupadre.fr\\\/#\\\/schema\\\/person\\\/a4d65d0845eb7504e7ac0d30b04fc724\",\"name\":\"Xavier\",\"image\":{\"@type\":\"ImageObject\",\"inLanguage\":\"fr-FR\",\"@id\":\"https:\\\/\\\/secure.gravatar.com\\\/avatar\\\/ffb6d5ada7569959161d7e666c264373bd0a900188ef369643d330e156b456fa?s=96&r=g\",\"url\":\"https:\\\/\\\/secure.gravatar.com\\\/avatar\\\/ffb6d5ada7569959161d7e666c264373bd0a900188ef369643d330e156b456fa?s=96&r=g\",\"contentUrl\":\"https:\\\/\\\/secure.gravatar.com\\\/avatar\\\/ffb6d5ada7569959161d7e666c264373bd0a900188ef369643d330e156b456fa?s=96&r=g\",\"caption\":\"Xavier\"},\"url\":\"https:\\\/\\\/www.aupadre.fr\\\/?author=2\"}]}<\/script>\n<!-- \/ Yoast SEO plugin. -->","yoast_head_json":{"title":"Les femmes, une in\u00e9galit\u00e9 dans le transport en commun en IDF - AUPADRE","robots":{"index":"index","follow":"follow","max-snippet":"max-snippet:-1","max-image-preview":"max-image-preview:large","max-video-preview":"max-video-preview:-1"},"canonical":"https:\/\/www.aupadre.fr\/?p=490","og_locale":"fr_FR","og_type":"article","og_title":"Les femmes, une in\u00e9galit\u00e9 dans le transport en commun en IDF - AUPADRE","og_description":"Parmi les&nbsp;nombreuses r\u00e9actions \u00e0 notre Lettre Ouverte, celle d&rsquo;une \u00e9lue du Centre note que seuls les \u00e9lus hommes sont destinataires. Sur cette question, Aupadre note que : Les femmes sont sous-repr\u00e9sent\u00e9es parmi les \u00e9lu-e-s. Les femmes franciliennes usag\u00e8res du transport&hellip;","og_url":"https:\/\/www.aupadre.fr\/?p=490","og_site_name":"AUPADRE","article_published_time":"2015-03-07T14:16:04+00:00","article_modified_time":"2019-10-26T14:16:55+00:00","author":"Xavier","twitter_card":"summary_large_image","twitter_misc":{"\u00c9crit par":"Xavier"},"schema":{"@context":"https:\/\/schema.org","@graph":[{"@type":"Article","@id":"https:\/\/www.aupadre.fr\/?p=490#article","isPartOf":{"@id":"https:\/\/www.aupadre.fr\/?p=490"},"author":{"name":"Xavier","@id":"http:\/\/www.aupadre.fr\/#\/schema\/person\/a4d65d0845eb7504e7ac0d30b04fc724"},"headline":"Les femmes, une in\u00e9galit\u00e9 dans le transport en commun en IDF","datePublished":"2015-03-07T14:16:04+00:00","dateModified":"2019-10-26T14:16:55+00:00","mainEntityOfPage":{"@id":"https:\/\/www.aupadre.fr\/?p=490"},"wordCount":113,"keywords":["2015","Aupadre","Femmes"],"articleSection":["Actions pass\u00e9es"],"inLanguage":"fr-FR"},{"@type":"WebPage","@id":"https:\/\/www.aupadre.fr\/?p=490","url":"https:\/\/www.aupadre.fr\/?p=490","name":"Les femmes, une in\u00e9galit\u00e9 dans le transport en commun en IDF - AUPADRE","isPartOf":{"@id":"http:\/\/www.aupadre.fr\/#website"},"datePublished":"2015-03-07T14:16:04+00:00","dateModified":"2019-10-26T14:16:55+00:00","author":{"@id":"http:\/\/www.aupadre.fr\/#\/schema\/person\/a4d65d0845eb7504e7ac0d30b04fc724"},"breadcrumb":{"@id":"https:\/\/www.aupadre.fr\/?p=490#breadcrumb"},"inLanguage":"fr-FR","potentialAction":[{"@type":"ReadAction","target":["https:\/\/www.aupadre.fr\/?p=490"]}]},{"@type":"BreadcrumbList","@id":"https:\/\/www.aupadre.fr\/?p=490#breadcrumb","itemListElement":[{"@type":"ListItem","position":1,"name":"Accueil","item":"http:\/\/www.aupadre.fr\/"},{"@type":"ListItem","position":2,"name":"Les femmes, une in\u00e9galit\u00e9 dans le transport en commun en IDF"}]},{"@type":"WebSite","@id":"http:\/\/www.aupadre.fr\/#website","url":"http:\/\/www.aupadre.fr\/","name":"AUPADRE","description":"Vogue la Gal\u00e8re sur les Rails !!!","potentialAction":[{"@type":"SearchAction","target":{"@type":"EntryPoint","urlTemplate":"http:\/\/www.aupadre.fr\/?s={search_term_string}"},"query-input":{"@type":"PropertyValueSpecification","valueRequired":true,"valueName":"search_term_string"}}],"inLanguage":"fr-FR"},{"@type":"Person","@id":"http:\/\/www.aupadre.fr\/#\/schema\/person\/a4d65d0845eb7504e7ac0d30b04fc724","name":"Xavier","image":{"@type":"ImageObject","inLanguage":"fr-FR","@id":"https:\/\/secure.gravatar.com\/avatar\/ffb6d5ada7569959161d7e666c264373bd0a900188ef369643d330e156b456fa?s=96&r=g","url":"https:\/\/secure.gravatar.com\/avatar\/ffb6d5ada7569959161d7e666c264373bd0a900188ef369643d330e156b456fa?s=96&r=g","contentUrl":"https:\/\/secure.gravatar.com\/avatar\/ffb6d5ada7569959161d7e666c264373bd0a900188ef369643d330e156b456fa?s=96&r=g","caption":"Xavier"},"url":"https:\/\/www.aupadre.fr\/?author=2"}]}},"_links":{"self":[{"href":"https:\/\/www.aupadre.fr\/index.php?rest_route=\/wp\/v2\/posts\/490","targetHints":{"allow":["GET"]}}],"collection":[{"href":"https:\/\/www.aupadre.fr\/index.php?rest_route=\/wp\/v2\/posts"}],"about":[{"href":"https:\/\/www.aupadre.fr\/index.php?rest_route=\/wp\/v2\/types\/post"}],"author":[{"embeddable":true,"href":"https:\/\/www.aupadre.fr\/index.php?rest_route=\/wp\/v2\/users\/2"}],"replies":[{"embeddable":true,"href":"https:\/\/www.aupadre.fr\/index.php?rest_route=%2Fwp%2Fv2%2Fcomments&post=490"}],"version-history":[{"count":5,"href":"https:\/\/www.aupadre.fr\/index.php?rest_route=\/wp\/v2\/posts\/490\/revisions"}],"predecessor-version":[{"id":1139,"href":"https:\/\/www.aupadre.fr\/index.php?rest_route=\/wp\/v2\/posts\/490\/revisions\/1139"}],"wp:attachment":[{"href":"https:\/\/www.aupadre.fr\/index.php?rest_route=%2Fwp%2Fv2%2Fmedia&parent=490"}],"wp:term":[{"taxonomy":"category","embeddable":true,"href":"https:\/\/www.aupadre.fr\/index.php?rest_route=%2Fwp%2Fv2%2Fcategories&post=490"},{"taxonomy":"post_tag","embeddable":true,"href":"https:\/\/www.aupadre.fr\/index.php?rest_route=%2Fwp%2Fv2%2Ftags&post=490"}],"curies":[{"name":"wp","href":"https:\/\/api.w.org\/{rel}","templated":true}]}}