{"id":377,"date":"2015-04-04T15:35:43","date_gmt":"2015-04-04T14:35:43","guid":{"rendered":"http:\/\/www.aupadre.fr\/?p=377"},"modified":"2019-01-29T12:29:56","modified_gmt":"2019-01-29T11:29:56","slug":"quels-sont-vos-besoins-de-parkings","status":"publish","type":"post","link":"https:\/\/www.aupadre.fr\/?p=377","title":{"rendered":"Quels sont nos besoins de parkings, Ligne N ?"},"content":{"rendered":"<p>Prendre le train, oui, mais o\u00f9 laisser sa voiture ? Les parkings ont \u00e9t\u00e9 LA solution. Mais devant l&rsquo;afflux de voiture, ils deviennent LE probl\u00e8me.<\/p>\n<p>Aujourd&rsquo;hui, Aupadre souhaite y travailler avec les \u00e9lus, et recense les besoins en parking sur la Ligne N ; \u00a0Pour nous aider, nous vous invitons \u00e0 renseigner le questionnaire ci-dessous :<\/p>\n<p>soit<a href=\"&lt;iframe src=&quot;https:\/\/docs.google.com\/forms\/d\/1QobBovtl7vLZ6Cg55bpojS2YChI0GJLrpVSgkb6YqGg\/viewform?embedded=true&quot; width=&quot;760&quot; height=&quot;500&quot; frameborder=&quot;0&quot; marginheight=&quot;0&quot; marginwidth=&quot;0&quot;&gt;Chargement en cours...&lt;\/iframe&gt;\">\u00a0<\/a><a href=\"https:\/\/docs.google.com\/forms\/d\/1QobBovtl7vLZ6Cg55bpojS2YChI0GJLrpVSgkb6YqGg\/viewform?usp=send_form\"><strong>LE QUESTIONNAIRE en ligne<\/strong><\/a>, formule ultra simple pour vous et tr\u00e8s pratique pour analyser les infos recueillies&#8230;<\/p>\n<p>soit\u00a0<strong><a href=\"http:\/\/www.aupadre.fr\/wp-content\/uploads\/2015\/02\/QUESTIONNAIRE-PARKING-2015.doc\">LE<\/a><a href=\"http:\/\/www.aupadre.fr\/wp-content\/uploads\/2015\/02\/Copie-de-QUESTIONNAIRE-PARKING-2015.doc\">\u00a0QUESTIONNAIRE \u00e0 t\u00e9l\u00e9charger<\/a><\/strong>\u00a0\u00e0 remplir et nous adresser par mail ou par courrier ;<\/p>\n<p>Dans les 2 cas, Aupadre vous dit un grand MERCI de votre participation ! Participez aussi en prenant une adh\u00e9sion. Chaque adh\u00e9sion<strong>, c&rsquo;est du poids donn\u00e9 \u00e0 l&rsquo;association pour<\/strong>\u00a0faire am\u00e9liorer la Ligne N !\u00a0<a href=\"http:\/\/www.aupadre.fr\/wp-content\/uploads\/2014\/11\/bulletin-dadh\u00e9sion-AUPADRE-2014-1.pdf\">bulletin d&rsquo;adh\u00e9sion<\/a><\/p>\n","protected":false},"excerpt":{"rendered":"<p>Prendre le train, oui, mais o\u00f9 laisser sa voiture ? Les parkings ont \u00e9t\u00e9 LA solution. Mais devant l&rsquo;afflux de voiture, ils deviennent LE probl\u00e8me. Aujourd&rsquo;hui, Aupadre souhaite y travailler avec les \u00e9lus, et recense les besoins en parking sur&hellip; <\/p>\n","protected":false},"author":2,"featured_media":0,"comment_status":"closed","ping_status":"closed","sticky":false,"template":"","format":"standard","meta":{"_monsterinsights_skip_tracking":false,"_monsterinsights_sitenote_active":false,"_monsterinsights_sitenote_note":"","_monsterinsights_sitenote_category":0,"footnotes":""},"categories":[2],"tags":[99,21,104],"class_list":["post-377","post","type-post","status-publish","format-standard","hentry","category-actionspassees","tag-99","tag-parkings","tag-sondage"],"yoast_head":"<!-- This site is optimized with the Yoast SEO plugin v27.5 - https:\/\/yoast.com\/product\/yoast-seo-wordpress\/ -->\n<title>Quels sont nos besoins de parkings, Ligne N ? - AUPADRE<\/title>\n<meta name=\"robots\" content=\"index, follow, max-snippet:-1, max-image-preview:large, max-video-preview:-1\" \/>\n<link rel=\"canonical\" href=\"https:\/\/www.aupadre.fr\/?p=377\" \/>\n<meta property=\"og:locale\" content=\"fr_FR\" \/>\n<meta property=\"og:type\" content=\"article\" \/>\n<meta property=\"og:title\" content=\"Quels sont nos besoins de parkings, Ligne N ? - AUPADRE\" \/>\n<meta property=\"og:description\" content=\"Prendre le train, oui, mais o\u00f9 laisser sa voiture ? Les parkings ont \u00e9t\u00e9 LA solution. Mais devant l&rsquo;afflux de voiture, ils deviennent LE probl\u00e8me. Aujourd&rsquo;hui, Aupadre souhaite y travailler avec les \u00e9lus, et recense les besoins en parking sur&hellip;\" \/>\n<meta property=\"og:url\" content=\"https:\/\/www.aupadre.fr\/?p=377\" \/>\n<meta property=\"og:site_name\" content=\"AUPADRE\" \/>\n<meta property=\"article:published_time\" content=\"2015-04-04T14:35:43+00:00\" \/>\n<meta property=\"article:modified_time\" content=\"2019-01-29T11:29:56+00:00\" \/>\n<meta name=\"author\" content=\"Xavier\" \/>\n<meta name=\"twitter:card\" content=\"summary_large_image\" \/>\n<meta name=\"twitter:label1\" content=\"\u00c9crit par\" \/>\n\t<meta name=\"twitter:data1\" content=\"Xavier\" \/>\n\t<meta name=\"twitter:label2\" content=\"Dur\u00e9e de lecture estim\u00e9e\" \/>\n\t<meta name=\"twitter:data2\" content=\"1 minute\" \/>\n<script type=\"application\/ld+json\" class=\"yoast-schema-graph\">{\"@context\":\"https:\\\/\\\/schema.org\",\"@graph\":[{\"@type\":\"Article\",\"@id\":\"https:\\\/\\\/www.aupadre.fr\\\/?p=377#article\",\"isPartOf\":{\"@id\":\"https:\\\/\\\/www.aupadre.fr\\\/?p=377\"},\"author\":{\"name\":\"Xavier\",\"@id\":\"http:\\\/\\\/www.aupadre.fr\\\/#\\\/schema\\\/person\\\/a4d65d0845eb7504e7ac0d30b04fc724\"},\"headline\":\"Quels sont nos besoins de parkings, Ligne N ?\",\"datePublished\":\"2015-04-04T14:35:43+00:00\",\"dateModified\":\"2019-01-29T11:29:56+00:00\",\"mainEntityOfPage\":{\"@id\":\"https:\\\/\\\/www.aupadre.fr\\\/?p=377\"},\"wordCount\":137,\"keywords\":[\"2015\",\"Parkings\",\"sondage\"],\"articleSection\":[\"Actions pass\u00e9es\"],\"inLanguage\":\"fr-FR\"},{\"@type\":\"WebPage\",\"@id\":\"https:\\\/\\\/www.aupadre.fr\\\/?p=377\",\"url\":\"https:\\\/\\\/www.aupadre.fr\\\/?p=377\",\"name\":\"Quels sont nos besoins de parkings, Ligne N ? - AUPADRE\",\"isPartOf\":{\"@id\":\"http:\\\/\\\/www.aupadre.fr\\\/#website\"},\"datePublished\":\"2015-04-04T14:35:43+00:00\",\"dateModified\":\"2019-01-29T11:29:56+00:00\",\"author\":{\"@id\":\"http:\\\/\\\/www.aupadre.fr\\\/#\\\/schema\\\/person\\\/a4d65d0845eb7504e7ac0d30b04fc724\"},\"breadcrumb\":{\"@id\":\"https:\\\/\\\/www.aupadre.fr\\\/?p=377#breadcrumb\"},\"inLanguage\":\"fr-FR\",\"potentialAction\":[{\"@type\":\"ReadAction\",\"target\":[\"https:\\\/\\\/www.aupadre.fr\\\/?p=377\"]}]},{\"@type\":\"BreadcrumbList\",\"@id\":\"https:\\\/\\\/www.aupadre.fr\\\/?p=377#breadcrumb\",\"itemListElement\":[{\"@type\":\"ListItem\",\"position\":1,\"name\":\"Accueil\",\"item\":\"http:\\\/\\\/www.aupadre.fr\\\/\"},{\"@type\":\"ListItem\",\"position\":2,\"name\":\"Quels sont nos besoins de parkings, Ligne N ?\"}]},{\"@type\":\"WebSite\",\"@id\":\"http:\\\/\\\/www.aupadre.fr\\\/#website\",\"url\":\"http:\\\/\\\/www.aupadre.fr\\\/\",\"name\":\"AUPADRE\",\"description\":\"Vogue la Gal\u00e8re sur les Rails !!!\",\"potentialAction\":[{\"@type\":\"SearchAction\",\"target\":{\"@type\":\"EntryPoint\",\"urlTemplate\":\"http:\\\/\\\/www.aupadre.fr\\\/?s={search_term_string}\"},\"query-input\":{\"@type\":\"PropertyValueSpecification\",\"valueRequired\":true,\"valueName\":\"search_term_string\"}}],\"inLanguage\":\"fr-FR\"},{\"@type\":\"Person\",\"@id\":\"http:\\\/\\\/www.aupadre.fr\\\/#\\\/schema\\\/person\\\/a4d65d0845eb7504e7ac0d30b04fc724\",\"name\":\"Xavier\",\"image\":{\"@type\":\"ImageObject\",\"inLanguage\":\"fr-FR\",\"@id\":\"https:\\\/\\\/secure.gravatar.com\\\/avatar\\\/ffb6d5ada7569959161d7e666c264373bd0a900188ef369643d330e156b456fa?s=96&r=g\",\"url\":\"https:\\\/\\\/secure.gravatar.com\\\/avatar\\\/ffb6d5ada7569959161d7e666c264373bd0a900188ef369643d330e156b456fa?s=96&r=g\",\"contentUrl\":\"https:\\\/\\\/secure.gravatar.com\\\/avatar\\\/ffb6d5ada7569959161d7e666c264373bd0a900188ef369643d330e156b456fa?s=96&r=g\",\"caption\":\"Xavier\"},\"url\":\"https:\\\/\\\/www.aupadre.fr\\\/?author=2\"}]}<\/script>\n<!-- \/ Yoast SEO plugin. -->","yoast_head_json":{"title":"Quels sont nos besoins de parkings, Ligne N ? - AUPADRE","robots":{"index":"index","follow":"follow","max-snippet":"max-snippet:-1","max-image-preview":"max-image-preview:large","max-video-preview":"max-video-preview:-1"},"canonical":"https:\/\/www.aupadre.fr\/?p=377","og_locale":"fr_FR","og_type":"article","og_title":"Quels sont nos besoins de parkings, Ligne N ? - AUPADRE","og_description":"Prendre le train, oui, mais o\u00f9 laisser sa voiture ? Les parkings ont \u00e9t\u00e9 LA solution. Mais devant l&rsquo;afflux de voiture, ils deviennent LE probl\u00e8me. Aujourd&rsquo;hui, Aupadre souhaite y travailler avec les \u00e9lus, et recense les besoins en parking sur&hellip;","og_url":"https:\/\/www.aupadre.fr\/?p=377","og_site_name":"AUPADRE","article_published_time":"2015-04-04T14:35:43+00:00","article_modified_time":"2019-01-29T11:29:56+00:00","author":"Xavier","twitter_card":"summary_large_image","twitter_misc":{"\u00c9crit par":"Xavier","Dur\u00e9e de lecture estim\u00e9e":"1 minute"},"schema":{"@context":"https:\/\/schema.org","@graph":[{"@type":"Article","@id":"https:\/\/www.aupadre.fr\/?p=377#article","isPartOf":{"@id":"https:\/\/www.aupadre.fr\/?p=377"},"author":{"name":"Xavier","@id":"http:\/\/www.aupadre.fr\/#\/schema\/person\/a4d65d0845eb7504e7ac0d30b04fc724"},"headline":"Quels sont nos besoins de parkings, Ligne N ?","datePublished":"2015-04-04T14:35:43+00:00","dateModified":"2019-01-29T11:29:56+00:00","mainEntityOfPage":{"@id":"https:\/\/www.aupadre.fr\/?p=377"},"wordCount":137,"keywords":["2015","Parkings","sondage"],"articleSection":["Actions pass\u00e9es"],"inLanguage":"fr-FR"},{"@type":"WebPage","@id":"https:\/\/www.aupadre.fr\/?p=377","url":"https:\/\/www.aupadre.fr\/?p=377","name":"Quels sont nos besoins de parkings, Ligne N ? - AUPADRE","isPartOf":{"@id":"http:\/\/www.aupadre.fr\/#website"},"datePublished":"2015-04-04T14:35:43+00:00","dateModified":"2019-01-29T11:29:56+00:00","author":{"@id":"http:\/\/www.aupadre.fr\/#\/schema\/person\/a4d65d0845eb7504e7ac0d30b04fc724"},"breadcrumb":{"@id":"https:\/\/www.aupadre.fr\/?p=377#breadcrumb"},"inLanguage":"fr-FR","potentialAction":[{"@type":"ReadAction","target":["https:\/\/www.aupadre.fr\/?p=377"]}]},{"@type":"BreadcrumbList","@id":"https:\/\/www.aupadre.fr\/?p=377#breadcrumb","itemListElement":[{"@type":"ListItem","position":1,"name":"Accueil","item":"http:\/\/www.aupadre.fr\/"},{"@type":"ListItem","position":2,"name":"Quels sont nos besoins de parkings, Ligne N ?"}]},{"@type":"WebSite","@id":"http:\/\/www.aupadre.fr\/#website","url":"http:\/\/www.aupadre.fr\/","name":"AUPADRE","description":"Vogue la Gal\u00e8re sur les Rails !!!","potentialAction":[{"@type":"SearchAction","target":{"@type":"EntryPoint","urlTemplate":"http:\/\/www.aupadre.fr\/?s={search_term_string}"},"query-input":{"@type":"PropertyValueSpecification","valueRequired":true,"valueName":"search_term_string"}}],"inLanguage":"fr-FR"},{"@type":"Person","@id":"http:\/\/www.aupadre.fr\/#\/schema\/person\/a4d65d0845eb7504e7ac0d30b04fc724","name":"Xavier","image":{"@type":"ImageObject","inLanguage":"fr-FR","@id":"https:\/\/secure.gravatar.com\/avatar\/ffb6d5ada7569959161d7e666c264373bd0a900188ef369643d330e156b456fa?s=96&r=g","url":"https:\/\/secure.gravatar.com\/avatar\/ffb6d5ada7569959161d7e666c264373bd0a900188ef369643d330e156b456fa?s=96&r=g","contentUrl":"https:\/\/secure.gravatar.com\/avatar\/ffb6d5ada7569959161d7e666c264373bd0a900188ef369643d330e156b456fa?s=96&r=g","caption":"Xavier"},"url":"https:\/\/www.aupadre.fr\/?author=2"}]}},"_links":{"self":[{"href":"https:\/\/www.aupadre.fr\/index.php?rest_route=\/wp\/v2\/posts\/377","targetHints":{"allow":["GET"]}}],"collection":[{"href":"https:\/\/www.aupadre.fr\/index.php?rest_route=\/wp\/v2\/posts"}],"about":[{"href":"https:\/\/www.aupadre.fr\/index.php?rest_route=\/wp\/v2\/types\/post"}],"author":[{"embeddable":true,"href":"https:\/\/www.aupadre.fr\/index.php?rest_route=\/wp\/v2\/users\/2"}],"replies":[{"embeddable":true,"href":"https:\/\/www.aupadre.fr\/index.php?rest_route=%2Fwp%2Fv2%2Fcomments&post=377"}],"version-history":[{"count":29,"href":"https:\/\/www.aupadre.fr\/index.php?rest_route=\/wp\/v2\/posts\/377\/revisions"}],"predecessor-version":[{"id":487,"href":"https:\/\/www.aupadre.fr\/index.php?rest_route=\/wp\/v2\/posts\/377\/revisions\/487"}],"wp:attachment":[{"href":"https:\/\/www.aupadre.fr\/index.php?rest_route=%2Fwp%2Fv2%2Fmedia&parent=377"}],"wp:term":[{"taxonomy":"category","embeddable":true,"href":"https:\/\/www.aupadre.fr\/index.php?rest_route=%2Fwp%2Fv2%2Fcategories&post=377"},{"taxonomy":"post_tag","embeddable":true,"href":"https:\/\/www.aupadre.fr\/index.php?rest_route=%2Fwp%2Fv2%2Ftags&post=377"}],"curies":[{"name":"wp","href":"https:\/\/api.w.org\/{rel}","templated":true}]}}