{"id":324,"date":"2014-10-05T00:10:35","date_gmt":"2014-10-04T23:10:35","guid":{"rendered":"http:\/\/www.aupadre.fr\/?p=324"},"modified":"2015-09-17T21:44:03","modified_gmt":"2015-09-17T20:44:03","slug":"reunion-telephonique-aupadre-et-sncf-16oct2014","status":"publish","type":"post","link":"https:\/\/www.aupadre.fr\/?p=324","title":{"rendered":"R\u00e9union t\u00e9l\u00e9phonique AUPADRE et SNCF   16oct2014"},"content":{"rendered":"<p>Suite aux r\u00e9cents incidents en cha\u00eene sur la ligne N, la direction SNCF a propos\u00e9 \u00e0 <a href=\"http:\/\/www.aupadre.fr\/\">AUPADRE<\/a> une conf\u00e9rence t\u00e9l\u00e9phonique pour faire le point sur les difficult\u00e9s techniques et de communication des derniers jours.<br \/>\nEn ligne, les services techniques de Dreux, centre de la panne, ont expliqu\u00e9 que la r\u00e9solution a \u00e9t\u00e9 plus longue que pr\u00e9vue, d&rsquo;abord suppos\u00e9e r\u00e9par\u00e9e le lundi avec une intervention bordelaise puis, r\u00e9currente depuis, et enfin r\u00e9solue ce jeudi.<br \/>\n<a href=\"http:\/\/meslignesnetu.transilien.com\/2013\/11\/06\/un-mot-de-la-directrice-des-lignes-n-et-u\/\">C\u00e9cile Derville<\/a>, directrice de la Ligne N, \u00a0a confirm\u00e9 que tous les canaux d&rsquo;information sur les pannes, trains disponibles et retards pr\u00e9vus ne se sont pas av\u00e9r\u00e9s concordants, voire pour certains, comme les bulletins de retard en ligne, compl\u00e8tement d\u00e9ficients.<br \/>\nAUPADRE, dont 4 membres du conseil d&rsquo;administration \u00e9taient en ligne, a confirm\u00e9 que les difficult\u00e9s techniques peuvent se produire (pour autant qu&rsquo;elles soient r\u00e9solues rapidement) mais elle a aussi alert\u00e9 sur les pr\u00e9judices subis par les retards cumul\u00e9s et surtout par les cons\u00e9quences de tels loup\u00e9s dans l&rsquo;information sans parler de la fatigue :<br \/>\n<span style=\"color: #000000;\">-Employeurs ne croyant plus leurs salari\u00e9s dans la mesure o\u00f9 le site annon\u00e7ait toujours un trafic normal ;<\/span><br \/>\n<span style=\"color: #000000;\"> -\u00c9l\u00e8ves refus\u00e9s en cours, compte tenu de retards non signal\u00e9s par Transilien (10 min annonc\u00e9es pour 30 min av\u00e9r\u00e9es) ;<\/span><br \/>\n<span style=\"color: #000000;\"> -Impossibilit\u00e9 de pr\u00e9venir employeurs ou collaborateurs des horaires pr\u00e9visionnels d&rsquo;arriv\u00e9e&#8230;.<\/span><br \/>\nFace \u00e0 ces difficult\u00e9s, la SNCF a pr\u00e9sent\u00e9 ses excuses. Elle a formalis\u00e9 et mis en ligne sur le <a href=\"http:\/\/meslignesnetu.transilien.com\/tag\/ligne-n-2\/\">blog de la ligne N<\/a> un communiqu\u00e9 confirmant que l&rsquo;information \u00e9tait erron\u00e9e et ne peut servir \u00e0 un employeur pour mettre en doute la sinc\u00e9rit\u00e9 de son salari\u00e9. Elle est pr\u00eate a \u00e9crire des notes individuelles si besoin.<br \/>\nAUPADRE a remerci\u00e9 pour cette mobilisation qui est une premi\u00e8re et attend une date de r\u00e9union pour refaire un point d&rsquo;ensemble avec la direction des lignes transilien Paris Montparnasse.<br \/>\nUn prochain papier vous pr\u00e9sentera l&rsquo;avancement des travaux et \u00e9voquera la question des parkings aux alentours des gares de la ligne N.<\/p>\n","protected":false},"excerpt":{"rendered":"<p>Suite aux r\u00e9cents incidents en cha\u00eene sur la ligne N, la direction SNCF a propos\u00e9 \u00e0 AUPADRE une conf\u00e9rence t\u00e9l\u00e9phonique pour faire le point sur les difficult\u00e9s techniques et de communication des derniers jours. En ligne, les services techniques de&hellip; <\/p>\n","protected":false},"author":2,"featured_media":0,"comment_status":"closed","ping_status":"open","sticky":false,"template":"","format":"standard","meta":{"_monsterinsights_skip_tracking":false,"_monsterinsights_sitenote_active":false,"_monsterinsights_sitenote_note":"","_monsterinsights_sitenote_category":0,"footnotes":""},"categories":[2],"tags":[51,89,55,33],"class_list":["post-324","post","type-post","status-publish","format-standard","hentry","category-actionspassees","tag-actions","tag-aupadre-2","tag-dysfonctionnement","tag-ligne-n"],"yoast_head":"<!-- This site is optimized with the Yoast SEO plugin v27.5 - https:\/\/yoast.com\/product\/yoast-seo-wordpress\/ -->\n<title>R\u00e9union t\u00e9l\u00e9phonique AUPADRE et SNCF  16oct2014 - AUPADRE<\/title>\n<meta name=\"robots\" content=\"index, follow, max-snippet:-1, max-image-preview:large, max-video-preview:-1\" \/>\n<link rel=\"canonical\" href=\"https:\/\/www.aupadre.fr\/?p=324\" \/>\n<meta property=\"og:locale\" content=\"fr_FR\" \/>\n<meta property=\"og:type\" content=\"article\" \/>\n<meta property=\"og:title\" content=\"R\u00e9union t\u00e9l\u00e9phonique AUPADRE et SNCF  16oct2014 - AUPADRE\" \/>\n<meta property=\"og:description\" content=\"Suite aux r\u00e9cents incidents en cha\u00eene sur la ligne N, la direction SNCF a propos\u00e9 \u00e0 AUPADRE une conf\u00e9rence t\u00e9l\u00e9phonique pour faire le point sur les difficult\u00e9s techniques et de communication des derniers jours. En ligne, les services techniques de&hellip;\" \/>\n<meta property=\"og:url\" content=\"https:\/\/www.aupadre.fr\/?p=324\" \/>\n<meta property=\"og:site_name\" content=\"AUPADRE\" \/>\n<meta property=\"article:published_time\" content=\"2014-10-04T23:10:35+00:00\" \/>\n<meta property=\"article:modified_time\" content=\"2015-09-17T20:44:03+00:00\" \/>\n<meta name=\"author\" content=\"Xavier\" \/>\n<meta name=\"twitter:card\" content=\"summary_large_image\" \/>\n<meta name=\"twitter:label1\" content=\"\u00c9crit par\" \/>\n\t<meta name=\"twitter:data1\" content=\"Xavier\" \/>\n\t<meta name=\"twitter:label2\" content=\"Dur\u00e9e de lecture estim\u00e9e\" \/>\n\t<meta name=\"twitter:data2\" content=\"2 minutes\" \/>\n<script type=\"application\/ld+json\" class=\"yoast-schema-graph\">{\"@context\":\"https:\\\/\\\/schema.org\",\"@graph\":[{\"@type\":\"Article\",\"@id\":\"https:\\\/\\\/www.aupadre.fr\\\/?p=324#article\",\"isPartOf\":{\"@id\":\"https:\\\/\\\/www.aupadre.fr\\\/?p=324\"},\"author\":{\"name\":\"Xavier\",\"@id\":\"http:\\\/\\\/www.aupadre.fr\\\/#\\\/schema\\\/person\\\/a4d65d0845eb7504e7ac0d30b04fc724\"},\"headline\":\"R\u00e9union t\u00e9l\u00e9phonique AUPADRE et SNCF 16oct2014\",\"datePublished\":\"2014-10-04T23:10:35+00:00\",\"dateModified\":\"2015-09-17T20:44:03+00:00\",\"mainEntityOfPage\":{\"@id\":\"https:\\\/\\\/www.aupadre.fr\\\/?p=324\"},\"wordCount\":377,\"keywords\":[\"actions\",\"Aupadre\",\"Dysfonctionnement\",\"ligne N\"],\"articleSection\":[\"Actions pass\u00e9es\"],\"inLanguage\":\"fr-FR\"},{\"@type\":\"WebPage\",\"@id\":\"https:\\\/\\\/www.aupadre.fr\\\/?p=324\",\"url\":\"https:\\\/\\\/www.aupadre.fr\\\/?p=324\",\"name\":\"R\u00e9union t\u00e9l\u00e9phonique AUPADRE et SNCF 16oct2014 - AUPADRE\",\"isPartOf\":{\"@id\":\"http:\\\/\\\/www.aupadre.fr\\\/#website\"},\"datePublished\":\"2014-10-04T23:10:35+00:00\",\"dateModified\":\"2015-09-17T20:44:03+00:00\",\"author\":{\"@id\":\"http:\\\/\\\/www.aupadre.fr\\\/#\\\/schema\\\/person\\\/a4d65d0845eb7504e7ac0d30b04fc724\"},\"breadcrumb\":{\"@id\":\"https:\\\/\\\/www.aupadre.fr\\\/?p=324#breadcrumb\"},\"inLanguage\":\"fr-FR\",\"potentialAction\":[{\"@type\":\"ReadAction\",\"target\":[\"https:\\\/\\\/www.aupadre.fr\\\/?p=324\"]}]},{\"@type\":\"BreadcrumbList\",\"@id\":\"https:\\\/\\\/www.aupadre.fr\\\/?p=324#breadcrumb\",\"itemListElement\":[{\"@type\":\"ListItem\",\"position\":1,\"name\":\"Accueil\",\"item\":\"http:\\\/\\\/www.aupadre.fr\\\/\"},{\"@type\":\"ListItem\",\"position\":2,\"name\":\"R\u00e9union t\u00e9l\u00e9phonique AUPADRE et SNCF 16oct2014\"}]},{\"@type\":\"WebSite\",\"@id\":\"http:\\\/\\\/www.aupadre.fr\\\/#website\",\"url\":\"http:\\\/\\\/www.aupadre.fr\\\/\",\"name\":\"AUPADRE\",\"description\":\"Vogue la Gal\u00e8re sur les Rails !!!\",\"potentialAction\":[{\"@type\":\"SearchAction\",\"target\":{\"@type\":\"EntryPoint\",\"urlTemplate\":\"http:\\\/\\\/www.aupadre.fr\\\/?s={search_term_string}\"},\"query-input\":{\"@type\":\"PropertyValueSpecification\",\"valueRequired\":true,\"valueName\":\"search_term_string\"}}],\"inLanguage\":\"fr-FR\"},{\"@type\":\"Person\",\"@id\":\"http:\\\/\\\/www.aupadre.fr\\\/#\\\/schema\\\/person\\\/a4d65d0845eb7504e7ac0d30b04fc724\",\"name\":\"Xavier\",\"image\":{\"@type\":\"ImageObject\",\"inLanguage\":\"fr-FR\",\"@id\":\"https:\\\/\\\/secure.gravatar.com\\\/avatar\\\/ffb6d5ada7569959161d7e666c264373bd0a900188ef369643d330e156b456fa?s=96&r=g\",\"url\":\"https:\\\/\\\/secure.gravatar.com\\\/avatar\\\/ffb6d5ada7569959161d7e666c264373bd0a900188ef369643d330e156b456fa?s=96&r=g\",\"contentUrl\":\"https:\\\/\\\/secure.gravatar.com\\\/avatar\\\/ffb6d5ada7569959161d7e666c264373bd0a900188ef369643d330e156b456fa?s=96&r=g\",\"caption\":\"Xavier\"},\"url\":\"https:\\\/\\\/www.aupadre.fr\\\/?author=2\"}]}<\/script>\n<!-- \/ Yoast SEO plugin. -->","yoast_head_json":{"title":"R\u00e9union t\u00e9l\u00e9phonique AUPADRE et SNCF  16oct2014 - AUPADRE","robots":{"index":"index","follow":"follow","max-snippet":"max-snippet:-1","max-image-preview":"max-image-preview:large","max-video-preview":"max-video-preview:-1"},"canonical":"https:\/\/www.aupadre.fr\/?p=324","og_locale":"fr_FR","og_type":"article","og_title":"R\u00e9union t\u00e9l\u00e9phonique AUPADRE et SNCF  16oct2014 - AUPADRE","og_description":"Suite aux r\u00e9cents incidents en cha\u00eene sur la ligne N, la direction SNCF a propos\u00e9 \u00e0 AUPADRE une conf\u00e9rence t\u00e9l\u00e9phonique pour faire le point sur les difficult\u00e9s techniques et de communication des derniers jours. En ligne, les services techniques de&hellip;","og_url":"https:\/\/www.aupadre.fr\/?p=324","og_site_name":"AUPADRE","article_published_time":"2014-10-04T23:10:35+00:00","article_modified_time":"2015-09-17T20:44:03+00:00","author":"Xavier","twitter_card":"summary_large_image","twitter_misc":{"\u00c9crit par":"Xavier","Dur\u00e9e de lecture estim\u00e9e":"2 minutes"},"schema":{"@context":"https:\/\/schema.org","@graph":[{"@type":"Article","@id":"https:\/\/www.aupadre.fr\/?p=324#article","isPartOf":{"@id":"https:\/\/www.aupadre.fr\/?p=324"},"author":{"name":"Xavier","@id":"http:\/\/www.aupadre.fr\/#\/schema\/person\/a4d65d0845eb7504e7ac0d30b04fc724"},"headline":"R\u00e9union t\u00e9l\u00e9phonique AUPADRE et SNCF 16oct2014","datePublished":"2014-10-04T23:10:35+00:00","dateModified":"2015-09-17T20:44:03+00:00","mainEntityOfPage":{"@id":"https:\/\/www.aupadre.fr\/?p=324"},"wordCount":377,"keywords":["actions","Aupadre","Dysfonctionnement","ligne N"],"articleSection":["Actions pass\u00e9es"],"inLanguage":"fr-FR"},{"@type":"WebPage","@id":"https:\/\/www.aupadre.fr\/?p=324","url":"https:\/\/www.aupadre.fr\/?p=324","name":"R\u00e9union t\u00e9l\u00e9phonique AUPADRE et SNCF 16oct2014 - AUPADRE","isPartOf":{"@id":"http:\/\/www.aupadre.fr\/#website"},"datePublished":"2014-10-04T23:10:35+00:00","dateModified":"2015-09-17T20:44:03+00:00","author":{"@id":"http:\/\/www.aupadre.fr\/#\/schema\/person\/a4d65d0845eb7504e7ac0d30b04fc724"},"breadcrumb":{"@id":"https:\/\/www.aupadre.fr\/?p=324#breadcrumb"},"inLanguage":"fr-FR","potentialAction":[{"@type":"ReadAction","target":["https:\/\/www.aupadre.fr\/?p=324"]}]},{"@type":"BreadcrumbList","@id":"https:\/\/www.aupadre.fr\/?p=324#breadcrumb","itemListElement":[{"@type":"ListItem","position":1,"name":"Accueil","item":"http:\/\/www.aupadre.fr\/"},{"@type":"ListItem","position":2,"name":"R\u00e9union t\u00e9l\u00e9phonique AUPADRE et SNCF 16oct2014"}]},{"@type":"WebSite","@id":"http:\/\/www.aupadre.fr\/#website","url":"http:\/\/www.aupadre.fr\/","name":"AUPADRE","description":"Vogue la Gal\u00e8re sur les Rails !!!","potentialAction":[{"@type":"SearchAction","target":{"@type":"EntryPoint","urlTemplate":"http:\/\/www.aupadre.fr\/?s={search_term_string}"},"query-input":{"@type":"PropertyValueSpecification","valueRequired":true,"valueName":"search_term_string"}}],"inLanguage":"fr-FR"},{"@type":"Person","@id":"http:\/\/www.aupadre.fr\/#\/schema\/person\/a4d65d0845eb7504e7ac0d30b04fc724","name":"Xavier","image":{"@type":"ImageObject","inLanguage":"fr-FR","@id":"https:\/\/secure.gravatar.com\/avatar\/ffb6d5ada7569959161d7e666c264373bd0a900188ef369643d330e156b456fa?s=96&r=g","url":"https:\/\/secure.gravatar.com\/avatar\/ffb6d5ada7569959161d7e666c264373bd0a900188ef369643d330e156b456fa?s=96&r=g","contentUrl":"https:\/\/secure.gravatar.com\/avatar\/ffb6d5ada7569959161d7e666c264373bd0a900188ef369643d330e156b456fa?s=96&r=g","caption":"Xavier"},"url":"https:\/\/www.aupadre.fr\/?author=2"}]}},"_links":{"self":[{"href":"https:\/\/www.aupadre.fr\/index.php?rest_route=\/wp\/v2\/posts\/324","targetHints":{"allow":["GET"]}}],"collection":[{"href":"https:\/\/www.aupadre.fr\/index.php?rest_route=\/wp\/v2\/posts"}],"about":[{"href":"https:\/\/www.aupadre.fr\/index.php?rest_route=\/wp\/v2\/types\/post"}],"author":[{"embeddable":true,"href":"https:\/\/www.aupadre.fr\/index.php?rest_route=\/wp\/v2\/users\/2"}],"replies":[{"embeddable":true,"href":"https:\/\/www.aupadre.fr\/index.php?rest_route=%2Fwp%2Fv2%2Fcomments&post=324"}],"version-history":[{"count":2,"href":"https:\/\/www.aupadre.fr\/index.php?rest_route=\/wp\/v2\/posts\/324\/revisions"}],"predecessor-version":[{"id":326,"href":"https:\/\/www.aupadre.fr\/index.php?rest_route=\/wp\/v2\/posts\/324\/revisions\/326"}],"wp:attachment":[{"href":"https:\/\/www.aupadre.fr\/index.php?rest_route=%2Fwp%2Fv2%2Fmedia&parent=324"}],"wp:term":[{"taxonomy":"category","embeddable":true,"href":"https:\/\/www.aupadre.fr\/index.php?rest_route=%2Fwp%2Fv2%2Fcategories&post=324"},{"taxonomy":"post_tag","embeddable":true,"href":"https:\/\/www.aupadre.fr\/index.php?rest_route=%2Fwp%2Fv2%2Ftags&post=324"}],"curies":[{"name":"wp","href":"https:\/\/api.w.org\/{rel}","templated":true}]}}