{"id":283,"date":"2014-09-14T22:44:00","date_gmt":"2014-09-14T21:44:00","guid":{"rendered":"http:\/\/www.aupadre.fr\/?p=283"},"modified":"2019-01-29T12:33:46","modified_gmt":"2019-01-29T11:33:46","slug":"position-daupadre-face-la-nouvelle-hausse-du-tarif-des-amendes","status":"publish","type":"post","link":"https:\/\/www.aupadre.fr\/?p=283","title":{"rendered":"Aupadre et la nouvelle hausse du tarif des amendes"},"content":{"rendered":"<p><strong style=\"line-height: 1.5em;\"><span style=\"color: #ff0000;\">Si<\/span><\/strong><span style=\"line-height: 1.5em;\"> Aupadre ne disconvient pas de l&rsquo;int\u00e9r\u00eat<\/span><\/p>\n<p>qu&rsquo;il y a\u00a0<span style=\"line-height: 1.5em;\">\u00e0 rappeler aux mauvais payeurs<\/span><\/p>\n<p>que le financement du service doit \u00eatre partag\u00e9 par tous,<\/p>\n<p><b>Aupadre<\/b>\u00a0rappelle toutefois qu\u2019on paye d\u2019autant plus volontiers<\/p>\n<p>que le service est irr\u00e9prochable.<\/p>\n<p>C\u2019est bien la r\u00e9gularit\u00e9 du service qui entraine son respect !<\/p>\n<p>&nbsp;<\/p>\n","protected":false},"excerpt":{"rendered":"<p>Si Aupadre ne disconvient pas de l&rsquo;int\u00e9r\u00eat qu&rsquo;il y a\u00a0\u00e0 rappeler aux mauvais payeurs que le financement du service doit \u00eatre partag\u00e9 par tous, Aupadre\u00a0rappelle toutefois qu\u2019on paye d\u2019autant plus volontiers que le service est irr\u00e9prochable. C\u2019est bien la r\u00e9gularit\u00e9&hellip; <\/p>\n","protected":false},"author":2,"featured_media":0,"comment_status":"closed","ping_status":"closed","sticky":false,"template":"","format":"standard","meta":{"_monsterinsights_skip_tracking":false,"_monsterinsights_sitenote_active":false,"_monsterinsights_sitenote_note":"","_monsterinsights_sitenote_category":0,"footnotes":""},"categories":[2],"tags":[89],"class_list":["post-283","post","type-post","status-publish","format-standard","hentry","category-actionspassees","tag-aupadre-2"],"yoast_head":"<!-- This site is optimized with the Yoast SEO plugin v27.5 - https:\/\/yoast.com\/product\/yoast-seo-wordpress\/ -->\n<title>Aupadre et la nouvelle hausse du tarif des amendes - AUPADRE<\/title>\n<meta name=\"robots\" content=\"index, follow, max-snippet:-1, max-image-preview:large, max-video-preview:-1\" \/>\n<link rel=\"canonical\" href=\"http:\/\/www.aupadre.fr\/?p=283\" \/>\n<meta property=\"og:locale\" content=\"fr_FR\" \/>\n<meta property=\"og:type\" content=\"article\" \/>\n<meta property=\"og:title\" content=\"Aupadre et la nouvelle hausse du tarif des amendes - AUPADRE\" \/>\n<meta property=\"og:description\" content=\"Si Aupadre ne disconvient pas de l&rsquo;int\u00e9r\u00eat qu&rsquo;il y a\u00a0\u00e0 rappeler aux mauvais payeurs que le financement du service doit \u00eatre partag\u00e9 par tous, Aupadre\u00a0rappelle toutefois qu\u2019on paye d\u2019autant plus volontiers que le service est irr\u00e9prochable. C\u2019est bien la r\u00e9gularit\u00e9&hellip;\" \/>\n<meta property=\"og:url\" content=\"http:\/\/www.aupadre.fr\/?p=283\" \/>\n<meta property=\"og:site_name\" content=\"AUPADRE\" \/>\n<meta property=\"article:published_time\" content=\"2014-09-14T21:44:00+00:00\" \/>\n<meta property=\"article:modified_time\" content=\"2019-01-29T11:33:46+00:00\" \/>\n<meta name=\"author\" content=\"Xavier\" \/>\n<meta name=\"twitter:card\" content=\"summary_large_image\" \/>\n<meta name=\"twitter:label1\" content=\"\u00c9crit par\" \/>\n\t<meta name=\"twitter:data1\" content=\"Xavier\" \/>\n<script type=\"application\/ld+json\" class=\"yoast-schema-graph\">{\"@context\":\"https:\\\/\\\/schema.org\",\"@graph\":[{\"@type\":\"Article\",\"@id\":\"http:\\\/\\\/www.aupadre.fr\\\/?p=283#article\",\"isPartOf\":{\"@id\":\"http:\\\/\\\/www.aupadre.fr\\\/?p=283\"},\"author\":{\"name\":\"Xavier\",\"@id\":\"http:\\\/\\\/www.aupadre.fr\\\/#\\\/schema\\\/person\\\/a4d65d0845eb7504e7ac0d30b04fc724\"},\"headline\":\"Aupadre et la nouvelle hausse du tarif des amendes\",\"datePublished\":\"2014-09-14T21:44:00+00:00\",\"dateModified\":\"2019-01-29T11:33:46+00:00\",\"mainEntityOfPage\":{\"@id\":\"http:\\\/\\\/www.aupadre.fr\\\/?p=283\"},\"wordCount\":66,\"keywords\":[\"Aupadre\"],\"articleSection\":[\"Actions pass\u00e9es\"],\"inLanguage\":\"fr-FR\"},{\"@type\":\"WebPage\",\"@id\":\"http:\\\/\\\/www.aupadre.fr\\\/?p=283\",\"url\":\"http:\\\/\\\/www.aupadre.fr\\\/?p=283\",\"name\":\"Aupadre et la nouvelle hausse du tarif des amendes - AUPADRE\",\"isPartOf\":{\"@id\":\"http:\\\/\\\/www.aupadre.fr\\\/#website\"},\"datePublished\":\"2014-09-14T21:44:00+00:00\",\"dateModified\":\"2019-01-29T11:33:46+00:00\",\"author\":{\"@id\":\"http:\\\/\\\/www.aupadre.fr\\\/#\\\/schema\\\/person\\\/a4d65d0845eb7504e7ac0d30b04fc724\"},\"breadcrumb\":{\"@id\":\"http:\\\/\\\/www.aupadre.fr\\\/?p=283#breadcrumb\"},\"inLanguage\":\"fr-FR\",\"potentialAction\":[{\"@type\":\"ReadAction\",\"target\":[\"http:\\\/\\\/www.aupadre.fr\\\/?p=283\"]}]},{\"@type\":\"BreadcrumbList\",\"@id\":\"http:\\\/\\\/www.aupadre.fr\\\/?p=283#breadcrumb\",\"itemListElement\":[{\"@type\":\"ListItem\",\"position\":1,\"name\":\"Accueil\",\"item\":\"http:\\\/\\\/www.aupadre.fr\\\/\"},{\"@type\":\"ListItem\",\"position\":2,\"name\":\"Aupadre et la nouvelle hausse du tarif des amendes\"}]},{\"@type\":\"WebSite\",\"@id\":\"http:\\\/\\\/www.aupadre.fr\\\/#website\",\"url\":\"http:\\\/\\\/www.aupadre.fr\\\/\",\"name\":\"AUPADRE\",\"description\":\"Vogue la Gal\u00e8re sur les Rails !!!\",\"potentialAction\":[{\"@type\":\"SearchAction\",\"target\":{\"@type\":\"EntryPoint\",\"urlTemplate\":\"http:\\\/\\\/www.aupadre.fr\\\/?s={search_term_string}\"},\"query-input\":{\"@type\":\"PropertyValueSpecification\",\"valueRequired\":true,\"valueName\":\"search_term_string\"}}],\"inLanguage\":\"fr-FR\"},{\"@type\":\"Person\",\"@id\":\"http:\\\/\\\/www.aupadre.fr\\\/#\\\/schema\\\/person\\\/a4d65d0845eb7504e7ac0d30b04fc724\",\"name\":\"Xavier\",\"image\":{\"@type\":\"ImageObject\",\"inLanguage\":\"fr-FR\",\"@id\":\"https:\\\/\\\/secure.gravatar.com\\\/avatar\\\/ffb6d5ada7569959161d7e666c264373bd0a900188ef369643d330e156b456fa?s=96&r=g\",\"url\":\"https:\\\/\\\/secure.gravatar.com\\\/avatar\\\/ffb6d5ada7569959161d7e666c264373bd0a900188ef369643d330e156b456fa?s=96&r=g\",\"contentUrl\":\"https:\\\/\\\/secure.gravatar.com\\\/avatar\\\/ffb6d5ada7569959161d7e666c264373bd0a900188ef369643d330e156b456fa?s=96&r=g\",\"caption\":\"Xavier\"},\"url\":\"https:\\\/\\\/www.aupadre.fr\\\/?author=2\"}]}<\/script>\n<!-- \/ Yoast SEO plugin. -->","yoast_head_json":{"title":"Aupadre et la nouvelle hausse du tarif des amendes - AUPADRE","robots":{"index":"index","follow":"follow","max-snippet":"max-snippet:-1","max-image-preview":"max-image-preview:large","max-video-preview":"max-video-preview:-1"},"canonical":"http:\/\/www.aupadre.fr\/?p=283","og_locale":"fr_FR","og_type":"article","og_title":"Aupadre et la nouvelle hausse du tarif des amendes - AUPADRE","og_description":"Si Aupadre ne disconvient pas de l&rsquo;int\u00e9r\u00eat qu&rsquo;il y a\u00a0\u00e0 rappeler aux mauvais payeurs que le financement du service doit \u00eatre partag\u00e9 par tous, Aupadre\u00a0rappelle toutefois qu\u2019on paye d\u2019autant plus volontiers que le service est irr\u00e9prochable. C\u2019est bien la r\u00e9gularit\u00e9&hellip;","og_url":"http:\/\/www.aupadre.fr\/?p=283","og_site_name":"AUPADRE","article_published_time":"2014-09-14T21:44:00+00:00","article_modified_time":"2019-01-29T11:33:46+00:00","author":"Xavier","twitter_card":"summary_large_image","twitter_misc":{"\u00c9crit par":"Xavier"},"schema":{"@context":"https:\/\/schema.org","@graph":[{"@type":"Article","@id":"http:\/\/www.aupadre.fr\/?p=283#article","isPartOf":{"@id":"http:\/\/www.aupadre.fr\/?p=283"},"author":{"name":"Xavier","@id":"http:\/\/www.aupadre.fr\/#\/schema\/person\/a4d65d0845eb7504e7ac0d30b04fc724"},"headline":"Aupadre et la nouvelle hausse du tarif des amendes","datePublished":"2014-09-14T21:44:00+00:00","dateModified":"2019-01-29T11:33:46+00:00","mainEntityOfPage":{"@id":"http:\/\/www.aupadre.fr\/?p=283"},"wordCount":66,"keywords":["Aupadre"],"articleSection":["Actions pass\u00e9es"],"inLanguage":"fr-FR"},{"@type":"WebPage","@id":"http:\/\/www.aupadre.fr\/?p=283","url":"http:\/\/www.aupadre.fr\/?p=283","name":"Aupadre et la nouvelle hausse du tarif des amendes - AUPADRE","isPartOf":{"@id":"http:\/\/www.aupadre.fr\/#website"},"datePublished":"2014-09-14T21:44:00+00:00","dateModified":"2019-01-29T11:33:46+00:00","author":{"@id":"http:\/\/www.aupadre.fr\/#\/schema\/person\/a4d65d0845eb7504e7ac0d30b04fc724"},"breadcrumb":{"@id":"http:\/\/www.aupadre.fr\/?p=283#breadcrumb"},"inLanguage":"fr-FR","potentialAction":[{"@type":"ReadAction","target":["http:\/\/www.aupadre.fr\/?p=283"]}]},{"@type":"BreadcrumbList","@id":"http:\/\/www.aupadre.fr\/?p=283#breadcrumb","itemListElement":[{"@type":"ListItem","position":1,"name":"Accueil","item":"http:\/\/www.aupadre.fr\/"},{"@type":"ListItem","position":2,"name":"Aupadre et la nouvelle hausse du tarif des amendes"}]},{"@type":"WebSite","@id":"http:\/\/www.aupadre.fr\/#website","url":"http:\/\/www.aupadre.fr\/","name":"AUPADRE","description":"Vogue la Gal\u00e8re sur les Rails !!!","potentialAction":[{"@type":"SearchAction","target":{"@type":"EntryPoint","urlTemplate":"http:\/\/www.aupadre.fr\/?s={search_term_string}"},"query-input":{"@type":"PropertyValueSpecification","valueRequired":true,"valueName":"search_term_string"}}],"inLanguage":"fr-FR"},{"@type":"Person","@id":"http:\/\/www.aupadre.fr\/#\/schema\/person\/a4d65d0845eb7504e7ac0d30b04fc724","name":"Xavier","image":{"@type":"ImageObject","inLanguage":"fr-FR","@id":"https:\/\/secure.gravatar.com\/avatar\/ffb6d5ada7569959161d7e666c264373bd0a900188ef369643d330e156b456fa?s=96&r=g","url":"https:\/\/secure.gravatar.com\/avatar\/ffb6d5ada7569959161d7e666c264373bd0a900188ef369643d330e156b456fa?s=96&r=g","contentUrl":"https:\/\/secure.gravatar.com\/avatar\/ffb6d5ada7569959161d7e666c264373bd0a900188ef369643d330e156b456fa?s=96&r=g","caption":"Xavier"},"url":"https:\/\/www.aupadre.fr\/?author=2"}]}},"_links":{"self":[{"href":"https:\/\/www.aupadre.fr\/index.php?rest_route=\/wp\/v2\/posts\/283","targetHints":{"allow":["GET"]}}],"collection":[{"href":"https:\/\/www.aupadre.fr\/index.php?rest_route=\/wp\/v2\/posts"}],"about":[{"href":"https:\/\/www.aupadre.fr\/index.php?rest_route=\/wp\/v2\/types\/post"}],"author":[{"embeddable":true,"href":"https:\/\/www.aupadre.fr\/index.php?rest_route=\/wp\/v2\/users\/2"}],"replies":[{"embeddable":true,"href":"https:\/\/www.aupadre.fr\/index.php?rest_route=%2Fwp%2Fv2%2Fcomments&post=283"}],"version-history":[{"count":5,"href":"https:\/\/www.aupadre.fr\/index.php?rest_route=\/wp\/v2\/posts\/283\/revisions"}],"predecessor-version":[{"id":312,"href":"https:\/\/www.aupadre.fr\/index.php?rest_route=\/wp\/v2\/posts\/283\/revisions\/312"}],"wp:attachment":[{"href":"https:\/\/www.aupadre.fr\/index.php?rest_route=%2Fwp%2Fv2%2Fmedia&parent=283"}],"wp:term":[{"taxonomy":"category","embeddable":true,"href":"https:\/\/www.aupadre.fr\/index.php?rest_route=%2Fwp%2Fv2%2Fcategories&post=283"},{"taxonomy":"post_tag","embeddable":true,"href":"https:\/\/www.aupadre.fr\/index.php?rest_route=%2Fwp%2Fv2%2Ftags&post=283"}],"curies":[{"name":"wp","href":"https:\/\/api.w.org\/{rel}","templated":true}]}}