{"id":2184,"date":"2025-11-25T19:25:19","date_gmt":"2025-11-25T18:25:19","guid":{"rendered":"https:\/\/www.aupadre.fr\/?p=2184"},"modified":"2026-04-06T22:31:31","modified_gmt":"2026-04-06T20:31:31","slug":"le-maire-et-les-elus-un-acteur-central-pour-la-ligne-n","status":"publish","type":"post","link":"https:\/\/www.aupadre.fr\/?p=2184","title":{"rendered":"Le maire, acteur central de la Ligne N"},"content":{"rendered":"\n<p>L&rsquo;enqu\u00eate d&rsquo;AUPADRE et du MET lanc\u00e9e aupr\u00e8s de la population en d\u00e9but d&rsquo;ann\u00e9e a \u00e9t\u00e9 restitu\u00e9e lors de la Conf\u00e9rence des Maires de Coeur d&rsquo;Yvelines du 25\/11\/2025.<\/p>\n\n\n\n<p>Dur\u00e9e de trajet, fr\u00e9quence d\u2019utilisation, village de d\u00e9part, gare d\u2019arriv\u00e9e, correspondance, freins \u00e0 l&rsquo;usage du v\u00e9lo, du covoiturage, etc. de nombreux points sont interrog\u00e9s ; 797 habitants y ont r\u00e9pondu et ont beaucoup d\u00e9taill\u00e9 leur r\u00e9ponse aux nombreuses items. En suivant le lien ci-dessous, allez directement \u00e0 la conclusion qui sonne comme un immense chantier de travail ! &#8230;  chantier auquel les \u00e9lus locaux se sont associ\u00e9s lors des \u00e9changes avec IDFM de fin 2024 \u00e0 mi 2025 et qu&rsquo;ils souhaitent poursuivre pour am\u00e9liorer les conditions de trajet des voyageurs&nbsp;du&nbsp;quotidien.<\/p>\n\n\n\n<p>Maintenant, vous saurez : c&rsquo;est \u00e0 nous tous d&rsquo;agir aupr\u00e8s de nos \u00e9lus !<\/p>\n\n\n\n<p><a href=\"https:\/\/acrobat.adobe.com\/id\/urn:aaid:sc:EU:aa4dd04d-f226-463d-837d-4fa123da00e0?viewer%21megaVerb=group-discover\">https:\/\/acrobat.adobe.com\/id\/urn:aaid:sc:EU:aa4dd04d-f226-463d-837d-4fa123da00e0?viewer%21megaVerb=group-discover<\/a><\/p>\n","protected":false},"excerpt":{"rendered":"<p>L&rsquo;enqu\u00eate d&rsquo;AUPADRE et du MET lanc\u00e9e aupr\u00e8s de la population en d\u00e9but d&rsquo;ann\u00e9e a \u00e9t\u00e9 restitu\u00e9e lors de la Conf\u00e9rence des Maires de Coeur d&rsquo;Yvelines du 25\/11\/2025. Dur\u00e9e de trajet, fr\u00e9quence d\u2019utilisation, village de d\u00e9part, gare d\u2019arriv\u00e9e, correspondance, freins \u00e0&hellip; <\/p>\n","protected":false},"author":2,"featured_media":0,"comment_status":"open","ping_status":"open","sticky":false,"template":"","format":"standard","meta":{"_monsterinsights_skip_tracking":false,"_monsterinsights_sitenote_active":false,"_monsterinsights_sitenote_note":"","_monsterinsights_sitenote_category":0,"footnotes":""},"categories":[1],"tags":[181,51,89,50,33],"class_list":["post-2184","post","type-post","status-publish","format-standard","hentry","category-actions-encours","tag-181","tag-actions","tag-aupadre-2","tag-elus","tag-ligne-n"],"yoast_head":"<!-- This site is optimized with the Yoast SEO plugin v27.5 - https:\/\/yoast.com\/product\/yoast-seo-wordpress\/ -->\n<title>Le maire, acteur central de la Ligne N - AUPADRE<\/title>\n<meta name=\"robots\" content=\"index, follow, max-snippet:-1, max-image-preview:large, max-video-preview:-1\" \/>\n<link rel=\"canonical\" href=\"https:\/\/www.aupadre.fr\/?p=2184\" \/>\n<meta property=\"og:locale\" content=\"fr_FR\" \/>\n<meta property=\"og:type\" content=\"article\" \/>\n<meta property=\"og:title\" content=\"Le maire, acteur central de la Ligne N - AUPADRE\" \/>\n<meta property=\"og:description\" content=\"L&rsquo;enqu\u00eate d&rsquo;AUPADRE et du MET lanc\u00e9e aupr\u00e8s de la population en d\u00e9but d&rsquo;ann\u00e9e a \u00e9t\u00e9 restitu\u00e9e lors de la Conf\u00e9rence des Maires de Coeur d&rsquo;Yvelines du 25\/11\/2025. Dur\u00e9e de trajet, fr\u00e9quence d\u2019utilisation, village de d\u00e9part, gare d\u2019arriv\u00e9e, correspondance, freins \u00e0&hellip;\" \/>\n<meta property=\"og:url\" content=\"https:\/\/www.aupadre.fr\/?p=2184\" \/>\n<meta property=\"og:site_name\" content=\"AUPADRE\" \/>\n<meta property=\"article:published_time\" content=\"2025-11-25T18:25:19+00:00\" \/>\n<meta property=\"article:modified_time\" content=\"2026-04-06T20:31:31+00:00\" \/>\n<meta name=\"author\" content=\"Xavier\" \/>\n<meta name=\"twitter:card\" content=\"summary_large_image\" \/>\n<meta name=\"twitter:label1\" content=\"\u00c9crit par\" \/>\n\t<meta name=\"twitter:data1\" content=\"Xavier\" \/>\n\t<meta name=\"twitter:label2\" content=\"Dur\u00e9e de lecture estim\u00e9e\" \/>\n\t<meta name=\"twitter:data2\" content=\"1 minute\" \/>\n<script type=\"application\/ld+json\" class=\"yoast-schema-graph\">{\"@context\":\"https:\\\/\\\/schema.org\",\"@graph\":[{\"@type\":\"Article\",\"@id\":\"https:\\\/\\\/www.aupadre.fr\\\/?p=2184#article\",\"isPartOf\":{\"@id\":\"https:\\\/\\\/www.aupadre.fr\\\/?p=2184\"},\"author\":{\"name\":\"Xavier\",\"@id\":\"http:\\\/\\\/www.aupadre.fr\\\/#\\\/schema\\\/person\\\/a4d65d0845eb7504e7ac0d30b04fc724\"},\"headline\":\"Le maire, acteur central de la Ligne N\",\"datePublished\":\"2025-11-25T18:25:19+00:00\",\"dateModified\":\"2026-04-06T20:31:31+00:00\",\"mainEntityOfPage\":{\"@id\":\"https:\\\/\\\/www.aupadre.fr\\\/?p=2184\"},\"wordCount\":180,\"commentCount\":0,\"keywords\":[\"2025\",\"actions\",\"Aupadre\",\"\u00c9lus\",\"ligne N\"],\"articleSection\":[\"Actions en cours\"],\"inLanguage\":\"fr-FR\",\"potentialAction\":[{\"@type\":\"CommentAction\",\"name\":\"Comment\",\"target\":[\"https:\\\/\\\/www.aupadre.fr\\\/?p=2184#respond\"]}]},{\"@type\":\"WebPage\",\"@id\":\"https:\\\/\\\/www.aupadre.fr\\\/?p=2184\",\"url\":\"https:\\\/\\\/www.aupadre.fr\\\/?p=2184\",\"name\":\"Le maire, acteur central de la Ligne N - AUPADRE\",\"isPartOf\":{\"@id\":\"http:\\\/\\\/www.aupadre.fr\\\/#website\"},\"datePublished\":\"2025-11-25T18:25:19+00:00\",\"dateModified\":\"2026-04-06T20:31:31+00:00\",\"author\":{\"@id\":\"http:\\\/\\\/www.aupadre.fr\\\/#\\\/schema\\\/person\\\/a4d65d0845eb7504e7ac0d30b04fc724\"},\"breadcrumb\":{\"@id\":\"https:\\\/\\\/www.aupadre.fr\\\/?p=2184#breadcrumb\"},\"inLanguage\":\"fr-FR\",\"potentialAction\":[{\"@type\":\"ReadAction\",\"target\":[\"https:\\\/\\\/www.aupadre.fr\\\/?p=2184\"]}]},{\"@type\":\"BreadcrumbList\",\"@id\":\"https:\\\/\\\/www.aupadre.fr\\\/?p=2184#breadcrumb\",\"itemListElement\":[{\"@type\":\"ListItem\",\"position\":1,\"name\":\"Accueil\",\"item\":\"http:\\\/\\\/www.aupadre.fr\\\/\"},{\"@type\":\"ListItem\",\"position\":2,\"name\":\"Le maire, acteur central de la Ligne N\"}]},{\"@type\":\"WebSite\",\"@id\":\"http:\\\/\\\/www.aupadre.fr\\\/#website\",\"url\":\"http:\\\/\\\/www.aupadre.fr\\\/\",\"name\":\"AUPADRE\",\"description\":\"Vogue la Gal\u00e8re sur les Rails !!!\",\"potentialAction\":[{\"@type\":\"SearchAction\",\"target\":{\"@type\":\"EntryPoint\",\"urlTemplate\":\"http:\\\/\\\/www.aupadre.fr\\\/?s={search_term_string}\"},\"query-input\":{\"@type\":\"PropertyValueSpecification\",\"valueRequired\":true,\"valueName\":\"search_term_string\"}}],\"inLanguage\":\"fr-FR\"},{\"@type\":\"Person\",\"@id\":\"http:\\\/\\\/www.aupadre.fr\\\/#\\\/schema\\\/person\\\/a4d65d0845eb7504e7ac0d30b04fc724\",\"name\":\"Xavier\",\"image\":{\"@type\":\"ImageObject\",\"inLanguage\":\"fr-FR\",\"@id\":\"https:\\\/\\\/secure.gravatar.com\\\/avatar\\\/ffb6d5ada7569959161d7e666c264373bd0a900188ef369643d330e156b456fa?s=96&r=g\",\"url\":\"https:\\\/\\\/secure.gravatar.com\\\/avatar\\\/ffb6d5ada7569959161d7e666c264373bd0a900188ef369643d330e156b456fa?s=96&r=g\",\"contentUrl\":\"https:\\\/\\\/secure.gravatar.com\\\/avatar\\\/ffb6d5ada7569959161d7e666c264373bd0a900188ef369643d330e156b456fa?s=96&r=g\",\"caption\":\"Xavier\"},\"url\":\"https:\\\/\\\/www.aupadre.fr\\\/?author=2\"}]}<\/script>\n<!-- \/ Yoast SEO plugin. -->","yoast_head_json":{"title":"Le maire, acteur central de la Ligne N - AUPADRE","robots":{"index":"index","follow":"follow","max-snippet":"max-snippet:-1","max-image-preview":"max-image-preview:large","max-video-preview":"max-video-preview:-1"},"canonical":"https:\/\/www.aupadre.fr\/?p=2184","og_locale":"fr_FR","og_type":"article","og_title":"Le maire, acteur central de la Ligne N - AUPADRE","og_description":"L&rsquo;enqu\u00eate d&rsquo;AUPADRE et du MET lanc\u00e9e aupr\u00e8s de la population en d\u00e9but d&rsquo;ann\u00e9e a \u00e9t\u00e9 restitu\u00e9e lors de la Conf\u00e9rence des Maires de Coeur d&rsquo;Yvelines du 25\/11\/2025. Dur\u00e9e de trajet, fr\u00e9quence d\u2019utilisation, village de d\u00e9part, gare d\u2019arriv\u00e9e, correspondance, freins \u00e0&hellip;","og_url":"https:\/\/www.aupadre.fr\/?p=2184","og_site_name":"AUPADRE","article_published_time":"2025-11-25T18:25:19+00:00","article_modified_time":"2026-04-06T20:31:31+00:00","author":"Xavier","twitter_card":"summary_large_image","twitter_misc":{"\u00c9crit par":"Xavier","Dur\u00e9e de lecture estim\u00e9e":"1 minute"},"schema":{"@context":"https:\/\/schema.org","@graph":[{"@type":"Article","@id":"https:\/\/www.aupadre.fr\/?p=2184#article","isPartOf":{"@id":"https:\/\/www.aupadre.fr\/?p=2184"},"author":{"name":"Xavier","@id":"http:\/\/www.aupadre.fr\/#\/schema\/person\/a4d65d0845eb7504e7ac0d30b04fc724"},"headline":"Le maire, acteur central de la Ligne N","datePublished":"2025-11-25T18:25:19+00:00","dateModified":"2026-04-06T20:31:31+00:00","mainEntityOfPage":{"@id":"https:\/\/www.aupadre.fr\/?p=2184"},"wordCount":180,"commentCount":0,"keywords":["2025","actions","Aupadre","\u00c9lus","ligne N"],"articleSection":["Actions en cours"],"inLanguage":"fr-FR","potentialAction":[{"@type":"CommentAction","name":"Comment","target":["https:\/\/www.aupadre.fr\/?p=2184#respond"]}]},{"@type":"WebPage","@id":"https:\/\/www.aupadre.fr\/?p=2184","url":"https:\/\/www.aupadre.fr\/?p=2184","name":"Le maire, acteur central de la Ligne N - AUPADRE","isPartOf":{"@id":"http:\/\/www.aupadre.fr\/#website"},"datePublished":"2025-11-25T18:25:19+00:00","dateModified":"2026-04-06T20:31:31+00:00","author":{"@id":"http:\/\/www.aupadre.fr\/#\/schema\/person\/a4d65d0845eb7504e7ac0d30b04fc724"},"breadcrumb":{"@id":"https:\/\/www.aupadre.fr\/?p=2184#breadcrumb"},"inLanguage":"fr-FR","potentialAction":[{"@type":"ReadAction","target":["https:\/\/www.aupadre.fr\/?p=2184"]}]},{"@type":"BreadcrumbList","@id":"https:\/\/www.aupadre.fr\/?p=2184#breadcrumb","itemListElement":[{"@type":"ListItem","position":1,"name":"Accueil","item":"http:\/\/www.aupadre.fr\/"},{"@type":"ListItem","position":2,"name":"Le maire, acteur central de la Ligne N"}]},{"@type":"WebSite","@id":"http:\/\/www.aupadre.fr\/#website","url":"http:\/\/www.aupadre.fr\/","name":"AUPADRE","description":"Vogue la Gal\u00e8re sur les Rails !!!","potentialAction":[{"@type":"SearchAction","target":{"@type":"EntryPoint","urlTemplate":"http:\/\/www.aupadre.fr\/?s={search_term_string}"},"query-input":{"@type":"PropertyValueSpecification","valueRequired":true,"valueName":"search_term_string"}}],"inLanguage":"fr-FR"},{"@type":"Person","@id":"http:\/\/www.aupadre.fr\/#\/schema\/person\/a4d65d0845eb7504e7ac0d30b04fc724","name":"Xavier","image":{"@type":"ImageObject","inLanguage":"fr-FR","@id":"https:\/\/secure.gravatar.com\/avatar\/ffb6d5ada7569959161d7e666c264373bd0a900188ef369643d330e156b456fa?s=96&r=g","url":"https:\/\/secure.gravatar.com\/avatar\/ffb6d5ada7569959161d7e666c264373bd0a900188ef369643d330e156b456fa?s=96&r=g","contentUrl":"https:\/\/secure.gravatar.com\/avatar\/ffb6d5ada7569959161d7e666c264373bd0a900188ef369643d330e156b456fa?s=96&r=g","caption":"Xavier"},"url":"https:\/\/www.aupadre.fr\/?author=2"}]}},"_links":{"self":[{"href":"https:\/\/www.aupadre.fr\/index.php?rest_route=\/wp\/v2\/posts\/2184","targetHints":{"allow":["GET"]}}],"collection":[{"href":"https:\/\/www.aupadre.fr\/index.php?rest_route=\/wp\/v2\/posts"}],"about":[{"href":"https:\/\/www.aupadre.fr\/index.php?rest_route=\/wp\/v2\/types\/post"}],"author":[{"embeddable":true,"href":"https:\/\/www.aupadre.fr\/index.php?rest_route=\/wp\/v2\/users\/2"}],"replies":[{"embeddable":true,"href":"https:\/\/www.aupadre.fr\/index.php?rest_route=%2Fwp%2Fv2%2Fcomments&post=2184"}],"version-history":[{"count":4,"href":"https:\/\/www.aupadre.fr\/index.php?rest_route=\/wp\/v2\/posts\/2184\/revisions"}],"predecessor-version":[{"id":2191,"href":"https:\/\/www.aupadre.fr\/index.php?rest_route=\/wp\/v2\/posts\/2184\/revisions\/2191"}],"wp:attachment":[{"href":"https:\/\/www.aupadre.fr\/index.php?rest_route=%2Fwp%2Fv2%2Fmedia&parent=2184"}],"wp:term":[{"taxonomy":"category","embeddable":true,"href":"https:\/\/www.aupadre.fr\/index.php?rest_route=%2Fwp%2Fv2%2Fcategories&post=2184"},{"taxonomy":"post_tag","embeddable":true,"href":"https:\/\/www.aupadre.fr\/index.php?rest_route=%2Fwp%2Fv2%2Ftags&post=2184"}],"curies":[{"name":"wp","href":"https:\/\/api.w.org\/{rel}","templated":true}]}}