{"id":217,"date":"2014-07-05T09:43:10","date_gmt":"2014-07-05T08:43:10","guid":{"rendered":"http:\/\/www.aupadre.fr\/?p=217"},"modified":"2015-03-05T00:26:37","modified_gmt":"2015-03-04T23:26:37","slug":"dernieres-reunions","status":"publish","type":"post","link":"https:\/\/www.aupadre.fr\/?p=217","title":{"rendered":"DERNI\u00c8RES REUNIONS"},"content":{"rendered":"<ul>\n<li>7 f\u00e9vrier 2015\u00a0:\u00a0rencontre avec le Pr\u00e9sident de la communaut\u00e9 de communes C\u0153ur d\u2019Yvelines et le pr\u00e9sident de la commission en charge des transports\u00a0(compte rendu, voir partie adh\u00e9rents)<\/li>\n<li>5 f\u00e9vrier 2015\u00a0:\u00a0Conf\u00e9rence t\u00e9l\u00e9phonique avec la direction des lignes N et U de la SNCF.\u00a0Ordre du jour\u00a0:\u00a0Parkings :\u00a0position de la SNCF au regard des places de stationnement et suites \u00e0 donner\u00a0; travaux sur la ligne : quelles mesures face \u00e0 la r\u00e9currence des incidents passages \u00e0 niveau, tr\u00e8s chronophages ? R\u00e9gularit\u00e9 et communication sur les dysfonctionnements et questions diverses,\u00a0(compte rendu, voir partie adh\u00e9rents)<\/li>\n<li>6 d\u00e9cembre 2014\u00a0:\u00a0Rencontre Aupadre Mairie de Septeuil et canton Houdanais\u00a0: Aupadre travaillera \u00e0 un questionnaire sur les dessertes de bus et tiendra les \u00e9lus inform\u00e9s des r\u00e9sultats.\u00a0(compte rendu, voir partie adh\u00e9rents)<\/li>\n<li>4 d\u00e9cembre 2014\u00a0:\u00a0Comit\u00e9 inter gares instance d\u2019\u00e9change entre la SNCF, Les \u00e9lus et les associations\u00a0(compte rendu, voir partie adh\u00e9rents)<\/li>\n<li>3 d\u00e9cembre 2014\u00a0: rencontre des \u00e9lus de l&rsquo;agglo du pays de Dreux (compte rendu, voir partie adh\u00e9rents)<\/li>\n<li>3 novembre 2014\u00a0:\u00a0Point d\u2019\u00e9tape \u00e0 destination de Jean-Marie T\u00e9tart sur l\u2019houdanais et en tant que membre du CA du STIF\u00a0(compte rendu, voir partie adh\u00e9rents)<\/li>\n<li>21 octobre 2014\u00a0: Rencontre avec le Maire de Montfort l\u2019Amaury M\u00e9r\u00e9\u00a0(compte rendu, voir partie adh\u00e9rents)<\/li>\n<li><b>Octobre 2014<\/b>\u00a0:\u00a0Aupadre travaille \u00e9troitement avec la SNCF pour faire en sorte que l\u2019information voyageurs soit diffus\u00e9e en temps r\u00e9el en cas de dysfonctionnements et que l\u2019information diffus\u00e9e sur le site ne porte pas pr\u00e9judice aux salari\u00e9s. Sur son intervention, le Directeur Production et Information Voyageurs des Lignes Transilien N et U, mettra en ligne sur le blog de la ligne N un courrier permettant d\u2019expliquer la situation et de prouver aux employeurs que l\u2019information n\u2019\u00e9tait pas toujours exacte\u00a0\u00e0\u00a0Lien hypertexte sur notre article<\/li>\n<li><b>9 juillet Conseil d\u2019Administration d\u2019Aupadre.<\/b><\/li>\n<li>8 Juillet 2014\u00a0:\u00a0r\u00e9union avec la SNCF, direction des lignes N et U.\u00a0 (compte rendu, voir partie adh\u00e9rents).\u00a0Ordre du jour\u00a0:\u00a01)\u00a0\u00a0Point sur la circulation de la ligne au premier semestre ;\u00a0Etat des lieux janvier-juin\u00a0; Bus de remplacement\u00a0; Respect des horaires et correspondances.\u00a02)\u00a0\u00a0Projets de circulation pour le 2eme semestre.\u00a03)\u00a0\u00a0Information sur les dysfonctionnements ;\u00a0SIVE communicant\u00a0; Points de progr\u00e8s\u00a0: d\u00e9lais d\u2019arriv\u00e9e pr\u00e9visionnels et itin\u00e9raires bis\u00a0; (in)audibilit\u00e9 des messages en gare.\u00a04)\u00a0\u00a0Stationnement aux abords des gares et actions \u00e0 conduire aupr\u00e8s des \u00e9lus locaux\/r\u00e9gionaux.\u00a05)\u00a0\u00a0Questions diverses ;\u00a0Rex mouvement social\u00a0; Panneaux d\u2019affichage\u00a0; Nouvelles dotations et hygi\u00e8ne des rames<\/li>\n<li>Fin juin d\u00e9but juillet 2014 :\u00a0\u00e9changes avec les \u00e9lus de Montfort l\u2019Amaury et M\u00e9r\u00e9 sur la situation du Parking de leur gare<\/li>\n<li><b style=\"line-height: 1.5em;\">20 mai 2014\u00a0: Assembl\u00e9e G\u00e9n\u00e9rale d\u2019Aupadre<\/b><\/li>\n<li>Rencontre et \u00a0\u00e9changes t\u00e9l\u00e9phoniques avec les \u00e9lus locaux, en mars 2014\u00a0;<\/li>\n<li>Rencontre avec le d\u00e9put\u00e9 de notre territoire,\u00a0membre du STIF, le \u00a019 f\u00e9vrier 2014,<\/li>\n<\/ul>\n<p><em><b>Tous les comptes rendus sont dans l&rsquo;<\/b><a href=\"http:\/\/www.aupadre.fr\/?page_id=100\">espace d\u00e9di\u00e9 aux adh\u00e9rents<\/a>\u00a0:<\/em><\/p>\n<p><em>Rappel : Si vous ne parvenez pas \u00e0 \u013aouvrir, contactez le tr\u00e9sorier pour vous mettre \u00e0 jour :<\/em>\u00a0<strong>aupadre@free.fr\u00a0<\/strong>\u00a0!!!<\/p>\n","protected":false},"excerpt":{"rendered":"<p>7 f\u00e9vrier 2015\u00a0:\u00a0rencontre avec le Pr\u00e9sident de la communaut\u00e9 de communes C\u0153ur d\u2019Yvelines et le pr\u00e9sident de la commission en charge des transports\u00a0(compte rendu, voir partie adh\u00e9rents) 5 f\u00e9vrier 2015\u00a0:\u00a0Conf\u00e9rence t\u00e9l\u00e9phonique avec la direction des lignes N et U de&hellip; <\/p>\n","protected":false},"author":2,"featured_media":0,"comment_status":"open","ping_status":"open","sticky":false,"template":"","format":"standard","meta":{"_monsterinsights_skip_tracking":false,"_monsterinsights_sitenote_active":false,"_monsterinsights_sitenote_note":"","_monsterinsights_sitenote_category":0,"footnotes":""},"categories":[2],"tags":[84,89,50,90,73],"class_list":["post-217","post","type-post","status-publish","format-standard","hentry","category-actionspassees","tag-84","tag-aupadre-2","tag-elus","tag-reunions","tag-stif"],"yoast_head":"<!-- This site is optimized with the Yoast SEO plugin v27.5 - https:\/\/yoast.com\/product\/yoast-seo-wordpress\/ -->\n<title>DERNI\u00c8RES REUNIONS - AUPADRE<\/title>\n<meta name=\"robots\" content=\"index, follow, max-snippet:-1, max-image-preview:large, max-video-preview:-1\" \/>\n<link rel=\"canonical\" href=\"http:\/\/www.aupadre.fr\/?p=217\" \/>\n<meta property=\"og:locale\" content=\"fr_FR\" \/>\n<meta property=\"og:type\" content=\"article\" \/>\n<meta property=\"og:title\" content=\"DERNI\u00c8RES REUNIONS - AUPADRE\" \/>\n<meta property=\"og:description\" content=\"7 f\u00e9vrier 2015\u00a0:\u00a0rencontre avec le Pr\u00e9sident de la communaut\u00e9 de communes C\u0153ur d\u2019Yvelines et le pr\u00e9sident de la commission en charge des transports\u00a0(compte rendu, voir partie adh\u00e9rents) 5 f\u00e9vrier 2015\u00a0:\u00a0Conf\u00e9rence t\u00e9l\u00e9phonique avec la direction des lignes N et U de&hellip;\" \/>\n<meta property=\"og:url\" content=\"http:\/\/www.aupadre.fr\/?p=217\" \/>\n<meta property=\"og:site_name\" content=\"AUPADRE\" \/>\n<meta property=\"article:published_time\" content=\"2014-07-05T08:43:10+00:00\" \/>\n<meta property=\"article:modified_time\" content=\"2015-03-04T23:26:37+00:00\" \/>\n<meta name=\"author\" content=\"Xavier\" \/>\n<meta name=\"twitter:card\" content=\"summary_large_image\" \/>\n<meta name=\"twitter:label1\" content=\"\u00c9crit par\" \/>\n\t<meta name=\"twitter:data1\" content=\"Xavier\" \/>\n\t<meta name=\"twitter:label2\" content=\"Dur\u00e9e de lecture estim\u00e9e\" \/>\n\t<meta name=\"twitter:data2\" content=\"3 minutes\" \/>\n<script type=\"application\/ld+json\" class=\"yoast-schema-graph\">{\"@context\":\"https:\\\/\\\/schema.org\",\"@graph\":[{\"@type\":\"Article\",\"@id\":\"http:\\\/\\\/www.aupadre.fr\\\/?p=217#article\",\"isPartOf\":{\"@id\":\"http:\\\/\\\/www.aupadre.fr\\\/?p=217\"},\"author\":{\"name\":\"Xavier\",\"@id\":\"http:\\\/\\\/www.aupadre.fr\\\/#\\\/schema\\\/person\\\/a4d65d0845eb7504e7ac0d30b04fc724\"},\"headline\":\"DERNI\u00c8RES REUNIONS\",\"datePublished\":\"2014-07-05T08:43:10+00:00\",\"dateModified\":\"2015-03-04T23:26:37+00:00\",\"mainEntityOfPage\":{\"@id\":\"http:\\\/\\\/www.aupadre.fr\\\/?p=217\"},\"wordCount\":517,\"commentCount\":0,\"keywords\":[\"2014\",\"Aupadre\",\"\u00c9lus\",\"R\u00e9unions\",\"STIF\"],\"articleSection\":[\"Actions pass\u00e9es\"],\"inLanguage\":\"fr-FR\",\"potentialAction\":[{\"@type\":\"CommentAction\",\"name\":\"Comment\",\"target\":[\"http:\\\/\\\/www.aupadre.fr\\\/?p=217#respond\"]}]},{\"@type\":\"WebPage\",\"@id\":\"http:\\\/\\\/www.aupadre.fr\\\/?p=217\",\"url\":\"http:\\\/\\\/www.aupadre.fr\\\/?p=217\",\"name\":\"DERNI\u00c8RES REUNIONS - AUPADRE\",\"isPartOf\":{\"@id\":\"http:\\\/\\\/www.aupadre.fr\\\/#website\"},\"datePublished\":\"2014-07-05T08:43:10+00:00\",\"dateModified\":\"2015-03-04T23:26:37+00:00\",\"author\":{\"@id\":\"http:\\\/\\\/www.aupadre.fr\\\/#\\\/schema\\\/person\\\/a4d65d0845eb7504e7ac0d30b04fc724\"},\"breadcrumb\":{\"@id\":\"http:\\\/\\\/www.aupadre.fr\\\/?p=217#breadcrumb\"},\"inLanguage\":\"fr-FR\",\"potentialAction\":[{\"@type\":\"ReadAction\",\"target\":[\"http:\\\/\\\/www.aupadre.fr\\\/?p=217\"]}]},{\"@type\":\"BreadcrumbList\",\"@id\":\"http:\\\/\\\/www.aupadre.fr\\\/?p=217#breadcrumb\",\"itemListElement\":[{\"@type\":\"ListItem\",\"position\":1,\"name\":\"Accueil\",\"item\":\"http:\\\/\\\/www.aupadre.fr\\\/\"},{\"@type\":\"ListItem\",\"position\":2,\"name\":\"DERNI\u00c8RES REUNIONS\"}]},{\"@type\":\"WebSite\",\"@id\":\"http:\\\/\\\/www.aupadre.fr\\\/#website\",\"url\":\"http:\\\/\\\/www.aupadre.fr\\\/\",\"name\":\"AUPADRE\",\"description\":\"Vogue la Gal\u00e8re sur les Rails !!!\",\"potentialAction\":[{\"@type\":\"SearchAction\",\"target\":{\"@type\":\"EntryPoint\",\"urlTemplate\":\"http:\\\/\\\/www.aupadre.fr\\\/?s={search_term_string}\"},\"query-input\":{\"@type\":\"PropertyValueSpecification\",\"valueRequired\":true,\"valueName\":\"search_term_string\"}}],\"inLanguage\":\"fr-FR\"},{\"@type\":\"Person\",\"@id\":\"http:\\\/\\\/www.aupadre.fr\\\/#\\\/schema\\\/person\\\/a4d65d0845eb7504e7ac0d30b04fc724\",\"name\":\"Xavier\",\"image\":{\"@type\":\"ImageObject\",\"inLanguage\":\"fr-FR\",\"@id\":\"https:\\\/\\\/secure.gravatar.com\\\/avatar\\\/ffb6d5ada7569959161d7e666c264373bd0a900188ef369643d330e156b456fa?s=96&r=g\",\"url\":\"https:\\\/\\\/secure.gravatar.com\\\/avatar\\\/ffb6d5ada7569959161d7e666c264373bd0a900188ef369643d330e156b456fa?s=96&r=g\",\"contentUrl\":\"https:\\\/\\\/secure.gravatar.com\\\/avatar\\\/ffb6d5ada7569959161d7e666c264373bd0a900188ef369643d330e156b456fa?s=96&r=g\",\"caption\":\"Xavier\"},\"url\":\"https:\\\/\\\/www.aupadre.fr\\\/?author=2\"}]}<\/script>\n<!-- \/ Yoast SEO plugin. -->","yoast_head_json":{"title":"DERNI\u00c8RES REUNIONS - AUPADRE","robots":{"index":"index","follow":"follow","max-snippet":"max-snippet:-1","max-image-preview":"max-image-preview:large","max-video-preview":"max-video-preview:-1"},"canonical":"http:\/\/www.aupadre.fr\/?p=217","og_locale":"fr_FR","og_type":"article","og_title":"DERNI\u00c8RES REUNIONS - AUPADRE","og_description":"7 f\u00e9vrier 2015\u00a0:\u00a0rencontre avec le Pr\u00e9sident de la communaut\u00e9 de communes C\u0153ur d\u2019Yvelines et le pr\u00e9sident de la commission en charge des transports\u00a0(compte rendu, voir partie adh\u00e9rents) 5 f\u00e9vrier 2015\u00a0:\u00a0Conf\u00e9rence t\u00e9l\u00e9phonique avec la direction des lignes N et U de&hellip;","og_url":"http:\/\/www.aupadre.fr\/?p=217","og_site_name":"AUPADRE","article_published_time":"2014-07-05T08:43:10+00:00","article_modified_time":"2015-03-04T23:26:37+00:00","author":"Xavier","twitter_card":"summary_large_image","twitter_misc":{"\u00c9crit par":"Xavier","Dur\u00e9e de lecture estim\u00e9e":"3 minutes"},"schema":{"@context":"https:\/\/schema.org","@graph":[{"@type":"Article","@id":"http:\/\/www.aupadre.fr\/?p=217#article","isPartOf":{"@id":"http:\/\/www.aupadre.fr\/?p=217"},"author":{"name":"Xavier","@id":"http:\/\/www.aupadre.fr\/#\/schema\/person\/a4d65d0845eb7504e7ac0d30b04fc724"},"headline":"DERNI\u00c8RES REUNIONS","datePublished":"2014-07-05T08:43:10+00:00","dateModified":"2015-03-04T23:26:37+00:00","mainEntityOfPage":{"@id":"http:\/\/www.aupadre.fr\/?p=217"},"wordCount":517,"commentCount":0,"keywords":["2014","Aupadre","\u00c9lus","R\u00e9unions","STIF"],"articleSection":["Actions pass\u00e9es"],"inLanguage":"fr-FR","potentialAction":[{"@type":"CommentAction","name":"Comment","target":["http:\/\/www.aupadre.fr\/?p=217#respond"]}]},{"@type":"WebPage","@id":"http:\/\/www.aupadre.fr\/?p=217","url":"http:\/\/www.aupadre.fr\/?p=217","name":"DERNI\u00c8RES REUNIONS - AUPADRE","isPartOf":{"@id":"http:\/\/www.aupadre.fr\/#website"},"datePublished":"2014-07-05T08:43:10+00:00","dateModified":"2015-03-04T23:26:37+00:00","author":{"@id":"http:\/\/www.aupadre.fr\/#\/schema\/person\/a4d65d0845eb7504e7ac0d30b04fc724"},"breadcrumb":{"@id":"http:\/\/www.aupadre.fr\/?p=217#breadcrumb"},"inLanguage":"fr-FR","potentialAction":[{"@type":"ReadAction","target":["http:\/\/www.aupadre.fr\/?p=217"]}]},{"@type":"BreadcrumbList","@id":"http:\/\/www.aupadre.fr\/?p=217#breadcrumb","itemListElement":[{"@type":"ListItem","position":1,"name":"Accueil","item":"http:\/\/www.aupadre.fr\/"},{"@type":"ListItem","position":2,"name":"DERNI\u00c8RES REUNIONS"}]},{"@type":"WebSite","@id":"http:\/\/www.aupadre.fr\/#website","url":"http:\/\/www.aupadre.fr\/","name":"AUPADRE","description":"Vogue la Gal\u00e8re sur les Rails !!!","potentialAction":[{"@type":"SearchAction","target":{"@type":"EntryPoint","urlTemplate":"http:\/\/www.aupadre.fr\/?s={search_term_string}"},"query-input":{"@type":"PropertyValueSpecification","valueRequired":true,"valueName":"search_term_string"}}],"inLanguage":"fr-FR"},{"@type":"Person","@id":"http:\/\/www.aupadre.fr\/#\/schema\/person\/a4d65d0845eb7504e7ac0d30b04fc724","name":"Xavier","image":{"@type":"ImageObject","inLanguage":"fr-FR","@id":"https:\/\/secure.gravatar.com\/avatar\/ffb6d5ada7569959161d7e666c264373bd0a900188ef369643d330e156b456fa?s=96&r=g","url":"https:\/\/secure.gravatar.com\/avatar\/ffb6d5ada7569959161d7e666c264373bd0a900188ef369643d330e156b456fa?s=96&r=g","contentUrl":"https:\/\/secure.gravatar.com\/avatar\/ffb6d5ada7569959161d7e666c264373bd0a900188ef369643d330e156b456fa?s=96&r=g","caption":"Xavier"},"url":"https:\/\/www.aupadre.fr\/?author=2"}]}},"_links":{"self":[{"href":"https:\/\/www.aupadre.fr\/index.php?rest_route=\/wp\/v2\/posts\/217","targetHints":{"allow":["GET"]}}],"collection":[{"href":"https:\/\/www.aupadre.fr\/index.php?rest_route=\/wp\/v2\/posts"}],"about":[{"href":"https:\/\/www.aupadre.fr\/index.php?rest_route=\/wp\/v2\/types\/post"}],"author":[{"embeddable":true,"href":"https:\/\/www.aupadre.fr\/index.php?rest_route=\/wp\/v2\/users\/2"}],"replies":[{"embeddable":true,"href":"https:\/\/www.aupadre.fr\/index.php?rest_route=%2Fwp%2Fv2%2Fcomments&post=217"}],"version-history":[{"count":17,"href":"https:\/\/www.aupadre.fr\/index.php?rest_route=\/wp\/v2\/posts\/217\/revisions"}],"predecessor-version":[{"id":435,"href":"https:\/\/www.aupadre.fr\/index.php?rest_route=\/wp\/v2\/posts\/217\/revisions\/435"}],"wp:attachment":[{"href":"https:\/\/www.aupadre.fr\/index.php?rest_route=%2Fwp%2Fv2%2Fmedia&parent=217"}],"wp:term":[{"taxonomy":"category","embeddable":true,"href":"https:\/\/www.aupadre.fr\/index.php?rest_route=%2Fwp%2Fv2%2Fcategories&post=217"},{"taxonomy":"post_tag","embeddable":true,"href":"https:\/\/www.aupadre.fr\/index.php?rest_route=%2Fwp%2Fv2%2Ftags&post=217"}],"curies":[{"name":"wp","href":"https:\/\/api.w.org\/{rel}","templated":true}]}}