{"id":2167,"date":"2025-10-26T11:42:45","date_gmt":"2025-10-26T10:42:45","guid":{"rendered":"https:\/\/www.aupadre.fr\/?p=2167"},"modified":"2026-04-06T22:30:22","modified_gmt":"2026-04-06T20:30:22","slug":"quelle-est-la-realite-de-la-ligne-n","status":"publish","type":"post","link":"https:\/\/www.aupadre.fr\/?p=2167","title":{"rendered":"La ligne N est-elle fiable ?"},"content":{"rendered":"\n<p>La direction de la ligne N indique une fiabilit\u00e9 des trains \u00e0 96% \u2026 mais sur le terrain du quotidien c\u2019est une autre histoire !<\/p>\n\n\n\n<p>Nous consignons les retards sup\u00e9rieurs \u00e0 15 mn signal\u00e9s par les voyageurs sur le groupe WhatsApp des utilisateurs de la ligne -562 membres au 27\/10\/2025.<\/p>\n\n\n\n<p>A ces retards, s\u2019ajoutent ceux du quotidien de 5 \u00e0 10 mn ainsi que les interruptions de ligne pour travaux en soir\u00e9e ou les week-ends, ou encore les suppressions de trains annonc\u00e9s en amont qui ne sont pas comptabilis\u00e9es comme un incident. Pour information, sur l\u2019ann\u00e9e 2025 : environ 11 week-end sans train, sur les 56 semaines de l\u2019ann\u00e9e \u2026 soit env 20% du temps.<\/p>\n\n\n\n<p>Une ligne annonc\u00e9e comme fiable \u00e0 96% par l\u2019op\u00e9rateur mais dont nous contestons la m\u00e9thode de calcul, et qui expose les salari\u00e9s (entre autre) \u00e0 un licenciement pour retards r\u00e9p\u00e9t\u00e9s.<\/p>\n\n\n\n<p>Statistiques SNCF : Est compt\u00e9 comme \u00ab&nbsp;retard&nbsp;\u00bb tout allongement de temps de parcours sup\u00e9rieur \u00e0 5 mn. Mais un retard de 1h par exemple impacte les statistiques de fiabilit\u00e9 de la ligne de la m\u00eame mani\u00e8re qu\u2019un retard de 6 mn\u2026 ce qui est anormal compte tenu des cons\u00e9quences des retards importants pour les usagers. Il faut rappeler que les usagers de la ligne N ne disposent pas d\u2019autres alternatives de transport contrairement aux zones denses (nous ne parlerons pas des bus de substitution et de la dur\u00e9e de trajet inavouable\u2026).<\/p>\n\n\n\n<p>Par ailleurs, les trains supprim\u00e9s la veille ne d\u00e9gradent pas la note de fiabilit\u00e9 de la ligne alors qu\u2019ils impactent les conditions de transport des usagers.<\/p>\n\n\n\n<p>Les retards list\u00e9s ci-dessous (non exhaustifs) ont \u00e9t\u00e9 constat\u00e9s par les voyageurs et communiqu\u00e9s sur le WhatsApp des utilisateurs de la ligne N qui regroupe plus de 560 personnes. La d\u00e9marche est de permettre \u00e0 ceux qui ne prennent pas le train mais se r\u00e9f\u00e8rent \u00e0 la fiabilit\u00e9 officielle de 96% de mieux comprendre de quoi il retourne.<\/p>\n\n\n\n<p><strong>Reporting des retards sup\u00e9rieurs \u00e0 15 mn (de 16 juin au 21 novembre 2025 ) :<\/strong><\/p>\n\n\n\n<p>21 novembre 2025 &#8211;<strong> Retard 15mn&nbsp;<\/strong><\/p>\n\n\n\n<p>D\u00e9part 17h43 pmp train en panne, immobilis\u00e9 \u00e0 quai. Prochain train 17h58 soit 15 mn retard.<\/p>\n\n\n\n<p>17 novembre 2025 &#8211;<strong> Retard 15mn&nbsp;<\/strong><\/p>\n\n\n\n<p>Train de 5h52 Dreux bloqu\u00e9 \u00e0 Plaisir Grignon, probl\u00e8me de portes. Changement de quai, autre train omnibus Paris.<\/p>\n\n\n\n<p>17 novembre 2025 &#8211;<strong> Retard 15mn&nbsp;<\/strong><\/p>\n\n\n\n<p>Train de 17h43 pmp supprim\u00e9, prochain train 17h58. Pas de motif.<\/p>\n\n\n\n<p>12 novembre 2025 &#8211;<strong> Retard 28 mn&nbsp;<\/strong><\/p>\n\n\n\n<p>Vers Dreux arriv\u00e9e Montfort \u00e0 19h32 au lieu de 19h04 : 28 mn de retard, pas de motif indiqu\u00e9.<\/p>\n\n\n\n<p>11 novembre 2025 &#8211;<strong> Retard 1h&nbsp;<\/strong><\/p>\n\n\n\n<p>D\u00e9part pmp 11h58 le train ne marque pas l\u2019arr\u00eat \u00e0 Versailles (prochain train 12h58).<\/p>\n\n\n\n<p>06 novembre 2025 &#8211;<strong> Interruption du trafic &#8211; Retard 2h+&nbsp;<\/strong><\/p>\n\n\n\n<p>19h58 D\u00e9part pmp terminus Plaisir sans proposition de transport de substitution. Motif : un v\u00e9hicule a cass\u00e9 une barri\u00e8re PN secteur Garanci\u00e8res. Mise en s\u00e9curit\u00e9.<\/p>\n\n\n\n<p>06 novembre 2025 &#8211;<strong> Retard 20 mn<\/strong><\/p>\n\n\n\n<p>Cr\u00e9neau 6h30 &#8211; 7h30 retard 20 mn arriv\u00e9e \u00e0 pmp. 2 Motifs : panne de signalisation Plaisir et feuilles sur les rails.<\/p>\n\n\n\n<p>03 novembre 2025 &#8211;<strong> Retard 30 mn+<\/strong><\/p>\n\n\n\n<p>Train rest\u00e9 bloqu\u00e9 \u00e0 quai \u00e0 Villliers. Motif : des voyageurs ont forc\u00e9 les portes et cela a d\u00e9t\u00e9rior\u00e9 le syst\u00e8me de fermeture.<\/p>\n\n\n\n<p>03 novembre 2025 &#8211;<strong> Retard 15 mn<\/strong><\/p>\n\n\n\n<p>Train de 6h25 Montfort arriv\u00e9 avec 15 mn de retard \u00e0 pmp. Pas de motif communiqu\u00e9.&nbsp;<\/p>\n\n\n\n<p>02 novembre 2025 &#8211;<strong> Retard 50 mn+<\/strong><\/p>\n\n\n\n<p>Train bloqu\u00e9 entre Montfort et Garanci\u00e8res, puis vitesse r\u00e9duite. Motif : collision avec sangliers.<\/p>\n\n\n\n<p>27 octobre 2025 &#8211;<strong> Retard 2h30+<\/strong><\/p>\n\n\n\n<p>Retards d\u00e8s les premiers trains vers 7h, puis interruption totale entre 9h et 11h30. Motif : incident avec un train priv\u00e9 de fret. Train en panne en gare de Plaisir les Clayes.<\/p>\n\n\n\n<p>22 octobre 2025 &#8211;<strong> Retard 1h+<\/strong><\/p>\n\n\n\n<p>Train de 20h58 d\u00e9part pmp immobilis\u00e9 apr\u00e8s Versailles, puis en gare de Plaisir jusqu\u2019\u00e0 22h. Motif : Obstacle sur un cat\u00e9naire vers Dreux.<\/p>\n\n\n\n<p>21 octobre 2025 &#8211;<strong> Retard 16 mn<\/strong><\/p>\n\n\n\n<p>Train d\u00e9part pmp de 15h58 16 mn de retard. Motif Difficult\u00e9 d\u2019acheminement du conducteur.<\/p>\n\n\n\n<p>20 octobre 2025 &#8211;<strong> Retard 30 mn<\/strong><\/p>\n\n\n\n<p>Train 7h42 Tacoigni\u00e8res supprim\u00e9. Pas de motif.<\/p>\n\n\n\n<p>19 octobre 2025 &#8211;<strong> Retard 1h &#8211; Train supprim\u00e9<\/strong><\/p>\n\n\n\n<p>Train de 11h20 supprim\u00e9, prochain train \u00e0 12h20. Motif : train en panne.<\/p>\n\n\n\n<p>17 octobre 2025 &#8211;<strong> Retard 30 mn<\/strong><\/p>\n\n\n\n<p>Train d\u00e9part pmp de 17h58 retard\u00e9 de 30 mn. Motif : train en panne secteur Viroflay.<\/p>\n\n\n\n<p>15 octobre 2025 &#8211;<strong> Retards 15 \u00e0 30 mn et suppression omnibus<\/strong><\/p>\n\n\n\n<p>Trains du matin (7h &gt; 10h) en retard, passage sur 1 voie secteur Versailles. Motif : probl\u00e8me d\u2019aiguillage Chaville. Suppression des omnibus entre Versailles et Paris.<\/p>\n\n\n\n<p>13 octobre 2025 &#8211;<strong> Retard 30 mn<\/strong><\/p>\n\n\n\n<p>Trafic interrompu dans les 2 sens de 10h20 \u00e0 10h50. Motif : camion immobilis\u00e9 sur les voies \u00e0 un PN entre Dreux et Marchezais.<\/p>\n\n\n\n<p>13 octobre 2025 &#8211;<strong> Retard 15 mn<\/strong><\/p>\n\n\n\n<p>Train arriv\u00e9 \u00e0 pmp \u00e0 07h47 (d\u00e9part 6h88 Montfort). Motif : annonce en gare \u00ab probl\u00e8mes d\u2019adh\u00e9rences sur les voies&nbsp;\u00bb.<\/p>\n\n\n\n<p>7 octobre 2025 &#8211;<strong> Retard 2h+<\/strong><\/p>\n\n\n\n<p>Train au d\u00e9part de pmp 19h. Motif : accident grave de personne. Prochain d\u00e9part 21h+.<\/p>\n\n\n\n<p>23 septembre 2025 &#8211;<strong> Retard 40 mn &#8211; Terminus Plaisir<\/strong><\/p>\n\n\n\n<p>Motif : probl\u00e8me passage \u00e0 niveaux.<\/p>\n\n\n\n<p>12 septembre 2025 &#8211;<strong> Retard 29 mn<\/strong><\/p>\n\n\n\n<p>Arriv\u00e9e Paris 9h01 au lieu de 8h32. Motif : panne d\u2019un train en gare de Plaisir.<\/p>\n\n\n\n<p>02 septembre 2025 &#8211;<strong> Retard 28 mn<\/strong><\/p>\n\n\n\n<p>Train au d\u00e9part de Paris 18h28. Retard 28 mn. Motif : panne de signalisation secteur Fontenay le Fleury.<\/p>\n\n\n\n<p>Et train suivant 15 mn de retard.<\/p>\n\n\n\n<p>28 ao\u00fbt 2025 &#8211;<strong> Retard 1h00&nbsp;<\/strong><\/p>\n\n\n\n<p>Le 14h58 d\u00e9part Paris ne marque pas l\u2019arr\u00eat de 15h40 \u00e0 Garanci\u00e8res. Les usagers doivent descendre \u00e0 Orgerus-Behoust et attendre +\/- 1h le prochain train \/ retour dans l\u2019autre sens.<\/p>\n\n\n\n<p>Motif : inconnu.&nbsp;<\/p>\n\n\n\n<p>26 ao\u00fbt 2025 &#8211;<strong> Retard 1h30<\/strong><\/p>\n\n\n\n<p>Interruption \u00e0 19h10 dans les 2 sens. Voyageurs d\u00e9barqu\u00e9s \u00e0 Plaisir sans solution alternative. Motif : panne du passage \u00e0 niveau Tacoigni\u00e8res.<\/p>\n\n\n\n<p>Reprise du trafic \u00e0 20h20 suite \u00e0 mise en place d\u2019un gardiennage au passage \u00e0 niveau.<\/p>\n\n\n\n<p>22 ao\u00fbt 2025 &#8211;<strong> Retard 20 mn<\/strong><\/p>\n\n\n\n<p>Arriv\u00e9e Paris 8h50 au lieu de 8h30. Pas de motif communiqu\u00e9.<\/p>\n\n\n\n<p>19 ao\u00fbt 2025 &#8211;<strong> Retard 25 mn<\/strong><\/p>\n\n\n\n<p>Train de 7h00 Houdan.<\/p>\n\n\n\n<p>Bloqu\u00e9 \u00e0 Orgerus probl\u00e8me passage \u00e0 niveau.<\/p>\n\n\n\n<p>25mn de retard \u00e0 l\u2019arriv\u00e9e Paris.<\/p>\n\n\n\n<p>31 juillet 2025 &#8211;<strong> Retard 50 mn<\/strong><\/p>\n\n\n\n<p>Train de 7h36 Houdan supprim\u00e9. Motif absence de chauffeur.<\/p>\n\n\n\n<p>Train suivant 10 mn de retard.<\/p>\n\n\n\n<p>Retards cumul\u00e9s arriv\u00e9e sur Paris avec 50 mn de retard (9h29).<\/p>\n\n\n\n<p>30 juillet 2025 &#8211; <strong>Retard 1h47&nbsp;<\/strong><\/p>\n\n\n\n<p>Trains annul\u00e9s \u00e0 partir de 18h, cause bagage oubli\u00e9 \u00e0 Versailles.<\/p>\n\n\n\n<p>1h47 de retard.&nbsp;<\/p>\n\n\n\n<p>09 juillet 2025 &#8211;<strong> Interruption du trafic \u00e0 partir de 20h<\/strong><\/p>\n\n\n\n<p>20h traffic interrompu terminus Versailles (reprise vers 21h ?).<\/p>\n\n\n\n<p>Personne suicidaire sur les voies \u00e0 pmp puis agression \u00e0 Plaisir.<\/p>\n\n\n\n<p>20 juin 2025 &#8211;<strong> Interruption du trafic pendant 2h30<\/strong><\/p>\n\n\n\n<p>Interruption du trafic dans les 2 sens entre 19h et 21h30, tron\u00e7on Plaisir &#8211; Dreux.<\/p>\n\n\n\n<p>Motif : panne informatique poste de gestion de Dreux.<\/p>\n\n\n\n<p>16 juin 2025 &#8211;<strong>Retard <\/strong><strong>1h07<\/strong><\/p>\n\n\n\n<p>Matin\u00e9e heures de pointe (7h \/ 9h)<\/p>\n\n\n\n<p>Dreux &gt; Montparnasse arriv\u00e9e 8h39 au lieu de 7h32 : 1h07 de retard<\/p>\n\n\n\n<p>Autres trains impact\u00e9s (dans les 2 sens).<\/p>\n\n\n\n<p>Nota matin\u00e9e \u00e9preuves du bac philo : certains \u00e9tudiants ont rat\u00e9 leur heure d\u2019entr\u00e9e.<\/p>\n\n\n\n<p>Motif : panne aiguillage Plaisir.<\/p>\n","protected":false},"excerpt":{"rendered":"<p>La direction de la ligne N indique une fiabilit\u00e9 des trains \u00e0 96% \u2026 mais sur le terrain du quotidien c\u2019est une autre histoire ! Nous consignons les retards sup\u00e9rieurs \u00e0 15 mn signal\u00e9s par les voyageurs sur le groupe&hellip; <\/p>\n","protected":false},"author":2,"featured_media":0,"comment_status":"open","ping_status":"closed","sticky":false,"template":"","format":"standard","meta":{"_monsterinsights_skip_tracking":false,"_monsterinsights_sitenote_active":false,"_monsterinsights_sitenote_note":"","_monsterinsights_sitenote_category":0,"footnotes":""},"categories":[1],"tags":[181,51,187,33,165],"class_list":["post-2167","post","type-post","status-publish","format-standard","hentry","category-actions-encours","tag-181","tag-actions","tag-fiabilite","tag-ligne-n","tag-retards"],"yoast_head":"<!-- This site is optimized with the Yoast SEO plugin v27.5 - https:\/\/yoast.com\/product\/yoast-seo-wordpress\/ -->\n<title>La ligne N est-elle fiable ? - AUPADRE<\/title>\n<meta name=\"robots\" content=\"index, follow, max-snippet:-1, max-image-preview:large, max-video-preview:-1\" \/>\n<link rel=\"canonical\" href=\"https:\/\/www.aupadre.fr\/?p=2167\" \/>\n<meta property=\"og:locale\" content=\"fr_FR\" \/>\n<meta property=\"og:type\" content=\"article\" \/>\n<meta property=\"og:title\" content=\"La ligne N est-elle fiable ? - AUPADRE\" \/>\n<meta property=\"og:description\" content=\"La direction de la ligne N indique une fiabilit\u00e9 des trains \u00e0 96% \u2026 mais sur le terrain du quotidien c\u2019est une autre histoire ! Nous consignons les retards sup\u00e9rieurs \u00e0 15 mn signal\u00e9s par les voyageurs sur le groupe&hellip;\" \/>\n<meta property=\"og:url\" content=\"https:\/\/www.aupadre.fr\/?p=2167\" \/>\n<meta property=\"og:site_name\" content=\"AUPADRE\" \/>\n<meta property=\"article:published_time\" content=\"2025-10-26T10:42:45+00:00\" \/>\n<meta property=\"article:modified_time\" content=\"2026-04-06T20:30:22+00:00\" \/>\n<meta name=\"author\" content=\"Xavier\" \/>\n<meta name=\"twitter:card\" content=\"summary_large_image\" \/>\n<meta name=\"twitter:label1\" content=\"\u00c9crit par\" \/>\n\t<meta name=\"twitter:data1\" content=\"Xavier\" \/>\n\t<meta name=\"twitter:label2\" content=\"Dur\u00e9e de lecture estim\u00e9e\" \/>\n\t<meta name=\"twitter:data2\" content=\"6 minutes\" \/>\n<script type=\"application\/ld+json\" class=\"yoast-schema-graph\">{\"@context\":\"https:\\\/\\\/schema.org\",\"@graph\":[{\"@type\":\"Article\",\"@id\":\"https:\\\/\\\/www.aupadre.fr\\\/?p=2167#article\",\"isPartOf\":{\"@id\":\"https:\\\/\\\/www.aupadre.fr\\\/?p=2167\"},\"author\":{\"name\":\"Xavier\",\"@id\":\"http:\\\/\\\/www.aupadre.fr\\\/#\\\/schema\\\/person\\\/a4d65d0845eb7504e7ac0d30b04fc724\"},\"headline\":\"La ligne N est-elle fiable ?\",\"datePublished\":\"2025-10-26T10:42:45+00:00\",\"dateModified\":\"2026-04-06T20:30:22+00:00\",\"mainEntityOfPage\":{\"@id\":\"https:\\\/\\\/www.aupadre.fr\\\/?p=2167\"},\"wordCount\":1142,\"commentCount\":0,\"keywords\":[\"2025\",\"actions\",\"fiabilit\u00e9\",\"ligne N\",\"Retards\"],\"articleSection\":[\"Actions en cours\"],\"inLanguage\":\"fr-FR\",\"potentialAction\":[{\"@type\":\"CommentAction\",\"name\":\"Comment\",\"target\":[\"https:\\\/\\\/www.aupadre.fr\\\/?p=2167#respond\"]}]},{\"@type\":\"WebPage\",\"@id\":\"https:\\\/\\\/www.aupadre.fr\\\/?p=2167\",\"url\":\"https:\\\/\\\/www.aupadre.fr\\\/?p=2167\",\"name\":\"La ligne N est-elle fiable ? - AUPADRE\",\"isPartOf\":{\"@id\":\"http:\\\/\\\/www.aupadre.fr\\\/#website\"},\"datePublished\":\"2025-10-26T10:42:45+00:00\",\"dateModified\":\"2026-04-06T20:30:22+00:00\",\"author\":{\"@id\":\"http:\\\/\\\/www.aupadre.fr\\\/#\\\/schema\\\/person\\\/a4d65d0845eb7504e7ac0d30b04fc724\"},\"breadcrumb\":{\"@id\":\"https:\\\/\\\/www.aupadre.fr\\\/?p=2167#breadcrumb\"},\"inLanguage\":\"fr-FR\",\"potentialAction\":[{\"@type\":\"ReadAction\",\"target\":[\"https:\\\/\\\/www.aupadre.fr\\\/?p=2167\"]}]},{\"@type\":\"BreadcrumbList\",\"@id\":\"https:\\\/\\\/www.aupadre.fr\\\/?p=2167#breadcrumb\",\"itemListElement\":[{\"@type\":\"ListItem\",\"position\":1,\"name\":\"Accueil\",\"item\":\"http:\\\/\\\/www.aupadre.fr\\\/\"},{\"@type\":\"ListItem\",\"position\":2,\"name\":\"La ligne N est-elle fiable ?\"}]},{\"@type\":\"WebSite\",\"@id\":\"http:\\\/\\\/www.aupadre.fr\\\/#website\",\"url\":\"http:\\\/\\\/www.aupadre.fr\\\/\",\"name\":\"AUPADRE\",\"description\":\"Vogue la Gal\u00e8re sur les Rails !!!\",\"potentialAction\":[{\"@type\":\"SearchAction\",\"target\":{\"@type\":\"EntryPoint\",\"urlTemplate\":\"http:\\\/\\\/www.aupadre.fr\\\/?s={search_term_string}\"},\"query-input\":{\"@type\":\"PropertyValueSpecification\",\"valueRequired\":true,\"valueName\":\"search_term_string\"}}],\"inLanguage\":\"fr-FR\"},{\"@type\":\"Person\",\"@id\":\"http:\\\/\\\/www.aupadre.fr\\\/#\\\/schema\\\/person\\\/a4d65d0845eb7504e7ac0d30b04fc724\",\"name\":\"Xavier\",\"image\":{\"@type\":\"ImageObject\",\"inLanguage\":\"fr-FR\",\"@id\":\"https:\\\/\\\/secure.gravatar.com\\\/avatar\\\/ffb6d5ada7569959161d7e666c264373bd0a900188ef369643d330e156b456fa?s=96&r=g\",\"url\":\"https:\\\/\\\/secure.gravatar.com\\\/avatar\\\/ffb6d5ada7569959161d7e666c264373bd0a900188ef369643d330e156b456fa?s=96&r=g\",\"contentUrl\":\"https:\\\/\\\/secure.gravatar.com\\\/avatar\\\/ffb6d5ada7569959161d7e666c264373bd0a900188ef369643d330e156b456fa?s=96&r=g\",\"caption\":\"Xavier\"},\"url\":\"https:\\\/\\\/www.aupadre.fr\\\/?author=2\"}]}<\/script>\n<!-- \/ Yoast SEO plugin. -->","yoast_head_json":{"title":"La ligne N est-elle fiable ? - AUPADRE","robots":{"index":"index","follow":"follow","max-snippet":"max-snippet:-1","max-image-preview":"max-image-preview:large","max-video-preview":"max-video-preview:-1"},"canonical":"https:\/\/www.aupadre.fr\/?p=2167","og_locale":"fr_FR","og_type":"article","og_title":"La ligne N est-elle fiable ? - AUPADRE","og_description":"La direction de la ligne N indique une fiabilit\u00e9 des trains \u00e0 96% \u2026 mais sur le terrain du quotidien c\u2019est une autre histoire ! Nous consignons les retards sup\u00e9rieurs \u00e0 15 mn signal\u00e9s par les voyageurs sur le groupe&hellip;","og_url":"https:\/\/www.aupadre.fr\/?p=2167","og_site_name":"AUPADRE","article_published_time":"2025-10-26T10:42:45+00:00","article_modified_time":"2026-04-06T20:30:22+00:00","author":"Xavier","twitter_card":"summary_large_image","twitter_misc":{"\u00c9crit par":"Xavier","Dur\u00e9e de lecture estim\u00e9e":"6 minutes"},"schema":{"@context":"https:\/\/schema.org","@graph":[{"@type":"Article","@id":"https:\/\/www.aupadre.fr\/?p=2167#article","isPartOf":{"@id":"https:\/\/www.aupadre.fr\/?p=2167"},"author":{"name":"Xavier","@id":"http:\/\/www.aupadre.fr\/#\/schema\/person\/a4d65d0845eb7504e7ac0d30b04fc724"},"headline":"La ligne N est-elle fiable ?","datePublished":"2025-10-26T10:42:45+00:00","dateModified":"2026-04-06T20:30:22+00:00","mainEntityOfPage":{"@id":"https:\/\/www.aupadre.fr\/?p=2167"},"wordCount":1142,"commentCount":0,"keywords":["2025","actions","fiabilit\u00e9","ligne N","Retards"],"articleSection":["Actions en cours"],"inLanguage":"fr-FR","potentialAction":[{"@type":"CommentAction","name":"Comment","target":["https:\/\/www.aupadre.fr\/?p=2167#respond"]}]},{"@type":"WebPage","@id":"https:\/\/www.aupadre.fr\/?p=2167","url":"https:\/\/www.aupadre.fr\/?p=2167","name":"La ligne N est-elle fiable ? - AUPADRE","isPartOf":{"@id":"http:\/\/www.aupadre.fr\/#website"},"datePublished":"2025-10-26T10:42:45+00:00","dateModified":"2026-04-06T20:30:22+00:00","author":{"@id":"http:\/\/www.aupadre.fr\/#\/schema\/person\/a4d65d0845eb7504e7ac0d30b04fc724"},"breadcrumb":{"@id":"https:\/\/www.aupadre.fr\/?p=2167#breadcrumb"},"inLanguage":"fr-FR","potentialAction":[{"@type":"ReadAction","target":["https:\/\/www.aupadre.fr\/?p=2167"]}]},{"@type":"BreadcrumbList","@id":"https:\/\/www.aupadre.fr\/?p=2167#breadcrumb","itemListElement":[{"@type":"ListItem","position":1,"name":"Accueil","item":"http:\/\/www.aupadre.fr\/"},{"@type":"ListItem","position":2,"name":"La ligne N est-elle fiable ?"}]},{"@type":"WebSite","@id":"http:\/\/www.aupadre.fr\/#website","url":"http:\/\/www.aupadre.fr\/","name":"AUPADRE","description":"Vogue la Gal\u00e8re sur les Rails !!!","potentialAction":[{"@type":"SearchAction","target":{"@type":"EntryPoint","urlTemplate":"http:\/\/www.aupadre.fr\/?s={search_term_string}"},"query-input":{"@type":"PropertyValueSpecification","valueRequired":true,"valueName":"search_term_string"}}],"inLanguage":"fr-FR"},{"@type":"Person","@id":"http:\/\/www.aupadre.fr\/#\/schema\/person\/a4d65d0845eb7504e7ac0d30b04fc724","name":"Xavier","image":{"@type":"ImageObject","inLanguage":"fr-FR","@id":"https:\/\/secure.gravatar.com\/avatar\/ffb6d5ada7569959161d7e666c264373bd0a900188ef369643d330e156b456fa?s=96&r=g","url":"https:\/\/secure.gravatar.com\/avatar\/ffb6d5ada7569959161d7e666c264373bd0a900188ef369643d330e156b456fa?s=96&r=g","contentUrl":"https:\/\/secure.gravatar.com\/avatar\/ffb6d5ada7569959161d7e666c264373bd0a900188ef369643d330e156b456fa?s=96&r=g","caption":"Xavier"},"url":"https:\/\/www.aupadre.fr\/?author=2"}]}},"_links":{"self":[{"href":"https:\/\/www.aupadre.fr\/index.php?rest_route=\/wp\/v2\/posts\/2167","targetHints":{"allow":["GET"]}}],"collection":[{"href":"https:\/\/www.aupadre.fr\/index.php?rest_route=\/wp\/v2\/posts"}],"about":[{"href":"https:\/\/www.aupadre.fr\/index.php?rest_route=\/wp\/v2\/types\/post"}],"author":[{"embeddable":true,"href":"https:\/\/www.aupadre.fr\/index.php?rest_route=\/wp\/v2\/users\/2"}],"replies":[{"embeddable":true,"href":"https:\/\/www.aupadre.fr\/index.php?rest_route=%2Fwp%2Fv2%2Fcomments&post=2167"}],"version-history":[{"count":6,"href":"https:\/\/www.aupadre.fr\/index.php?rest_route=\/wp\/v2\/posts\/2167\/revisions"}],"predecessor-version":[{"id":2196,"href":"https:\/\/www.aupadre.fr\/index.php?rest_route=\/wp\/v2\/posts\/2167\/revisions\/2196"}],"wp:attachment":[{"href":"https:\/\/www.aupadre.fr\/index.php?rest_route=%2Fwp%2Fv2%2Fmedia&parent=2167"}],"wp:term":[{"taxonomy":"category","embeddable":true,"href":"https:\/\/www.aupadre.fr\/index.php?rest_route=%2Fwp%2Fv2%2Fcategories&post=2167"},{"taxonomy":"post_tag","embeddable":true,"href":"https:\/\/www.aupadre.fr\/index.php?rest_route=%2Fwp%2Fv2%2Ftags&post=2167"}],"curies":[{"name":"wp","href":"https:\/\/api.w.org\/{rel}","templated":true}]}}