{"id":2142,"date":"2025-10-13T15:35:28","date_gmt":"2025-10-13T13:35:28","guid":{"rendered":"https:\/\/www.aupadre.fr\/?p=2142"},"modified":"2026-04-06T22:33:20","modified_gmt":"2026-04-06T20:33:20","slug":"tarifs-compares-des-parkings-ligne-n","status":"publish","type":"post","link":"https:\/\/www.aupadre.fr\/?p=2142","title":{"rendered":"Comparatif de nos parkings sur la ligne N"},"content":{"rendered":"\n<p>Aupadre vous communique le r\u00e9sultat d&rsquo;une \u00e9tude compl\u00e8te sur les parkings de la ligne N. Cette \u00e9tude faite par l&rsquo;un de ses membres a \u00e9t\u00e9 r\u00e9alis\u00e9 en aout 2025 \u00e0 partir des donn\u00e9es publiques existantes et collect\u00e9es une \u00e0 une.<\/p>\n\n\n\n<p>Vous y retrouverez votre parking habituel, ceux qui lui sont voisins, etc. Vous verrez surtout les disparit\u00e9s de tous ordres qui conduisent \u00e0 un \u00e9tonnement de la part d&rsquo;Aupadre. Bonne d\u00e9couverte !<\/p>\n\n\n\n<p>N&rsquo;h\u00e9sitez pas \u00e0 nous signaler tout changement*, l&rsquo;exp\u00e9rience montre en effet que cela peut \u00e9voluer vite !<\/p>\n\n\n\n<p>*signalez-le par un commentaire de cet article <\/p>\n\n\n\n<figure class=\"wp-block-image size-large\"><img loading=\"lazy\" decoding=\"async\" width=\"1024\" height=\"724\" src=\"https:\/\/www.aupadre.fr\/wp-content\/uploads\/2025\/10\/TARIFS-DE-PARKING-DE-DREUX-A-MONTPARNASSE-OCT2025-compress-1024x724.jpg\" alt=\"\" class=\"wp-image-2162\" srcset=\"https:\/\/www.aupadre.fr\/wp-content\/uploads\/2025\/10\/TARIFS-DE-PARKING-DE-DREUX-A-MONTPARNASSE-OCT2025-compress-1024x724.jpg 1024w, https:\/\/www.aupadre.fr\/wp-content\/uploads\/2025\/10\/TARIFS-DE-PARKING-DE-DREUX-A-MONTPARNASSE-OCT2025-compress-300x212.jpg 300w, https:\/\/www.aupadre.fr\/wp-content\/uploads\/2025\/10\/TARIFS-DE-PARKING-DE-DREUX-A-MONTPARNASSE-OCT2025-compress-768x543.jpg 768w, https:\/\/www.aupadre.fr\/wp-content\/uploads\/2025\/10\/TARIFS-DE-PARKING-DE-DREUX-A-MONTPARNASSE-OCT2025-compress-1536x1086.jpg 1536w, https:\/\/www.aupadre.fr\/wp-content\/uploads\/2025\/10\/TARIFS-DE-PARKING-DE-DREUX-A-MONTPARNASSE-OCT2025-compress-2048x1448.jpg 2048w\" sizes=\"auto, (max-width: 1024px) 100vw, 1024px\" \/><\/figure>\n","protected":false},"excerpt":{"rendered":"<p>Aupadre vous communique le r\u00e9sultat d&rsquo;une \u00e9tude compl\u00e8te sur les parkings de la ligne N. Cette \u00e9tude faite par l&rsquo;un de ses membres a \u00e9t\u00e9 r\u00e9alis\u00e9 en aout 2025 \u00e0 partir des donn\u00e9es publiques existantes et collect\u00e9es une \u00e0 une.&hellip; <\/p>\n","protected":false},"author":2,"featured_media":0,"comment_status":"open","ping_status":"closed","sticky":false,"template":"","format":"standard","meta":{"_monsterinsights_skip_tracking":false,"_monsterinsights_sitenote_active":false,"_monsterinsights_sitenote_note":"","_monsterinsights_sitenote_category":0,"footnotes":""},"categories":[1],"tags":[181,51,89,166,33,21],"class_list":["post-2142","post","type-post","status-publish","format-standard","hentry","category-actions-encours","tag-181","tag-actions","tag-aupadre-2","tag-conditions-de-transport","tag-ligne-n","tag-parkings"],"yoast_head":"<!-- This site is optimized with the Yoast SEO plugin v27.5 - https:\/\/yoast.com\/product\/yoast-seo-wordpress\/ -->\n<title>Comparatif de nos parkings sur la ligne N - AUPADRE<\/title>\n<meta name=\"robots\" content=\"index, follow, max-snippet:-1, max-image-preview:large, max-video-preview:-1\" \/>\n<link rel=\"canonical\" href=\"http:\/\/www.aupadre.fr\/?p=2142\" \/>\n<meta property=\"og:locale\" content=\"fr_FR\" \/>\n<meta property=\"og:type\" content=\"article\" \/>\n<meta property=\"og:title\" content=\"Comparatif de nos parkings sur la ligne N - AUPADRE\" \/>\n<meta property=\"og:description\" content=\"Aupadre vous communique le r\u00e9sultat d&rsquo;une \u00e9tude compl\u00e8te sur les parkings de la ligne N. Cette \u00e9tude faite par l&rsquo;un de ses membres a \u00e9t\u00e9 r\u00e9alis\u00e9 en aout 2025 \u00e0 partir des donn\u00e9es publiques existantes et collect\u00e9es une \u00e0 une.&hellip;\" \/>\n<meta property=\"og:url\" content=\"http:\/\/www.aupadre.fr\/?p=2142\" \/>\n<meta property=\"og:site_name\" content=\"AUPADRE\" \/>\n<meta property=\"article:published_time\" content=\"2025-10-13T13:35:28+00:00\" \/>\n<meta property=\"article:modified_time\" content=\"2026-04-06T20:33:20+00:00\" \/>\n<meta property=\"og:image\" content=\"https:\/\/www.aupadre.fr\/wp-content\/uploads\/2025\/10\/TARIFS-DE-PARKING-DE-DREUX-A-MONTPARNASSE-OCT2025-compress-1024x724.jpg\" \/>\n<meta name=\"author\" content=\"Xavier\" \/>\n<meta name=\"twitter:card\" content=\"summary_large_image\" \/>\n<meta name=\"twitter:label1\" content=\"\u00c9crit par\" \/>\n\t<meta name=\"twitter:data1\" content=\"Xavier\" \/>\n<script type=\"application\/ld+json\" class=\"yoast-schema-graph\">{\"@context\":\"https:\\\/\\\/schema.org\",\"@graph\":[{\"@type\":\"Article\",\"@id\":\"http:\\\/\\\/www.aupadre.fr\\\/?p=2142#article\",\"isPartOf\":{\"@id\":\"http:\\\/\\\/www.aupadre.fr\\\/?p=2142\"},\"author\":{\"name\":\"Xavier\",\"@id\":\"http:\\\/\\\/www.aupadre.fr\\\/#\\\/schema\\\/person\\\/a4d65d0845eb7504e7ac0d30b04fc724\"},\"headline\":\"Comparatif de nos parkings sur la ligne N\",\"datePublished\":\"2025-10-13T13:35:28+00:00\",\"dateModified\":\"2026-04-06T20:33:20+00:00\",\"mainEntityOfPage\":{\"@id\":\"http:\\\/\\\/www.aupadre.fr\\\/?p=2142\"},\"wordCount\":111,\"commentCount\":0,\"image\":{\"@id\":\"http:\\\/\\\/www.aupadre.fr\\\/?p=2142#primaryimage\"},\"thumbnailUrl\":\"https:\\\/\\\/www.aupadre.fr\\\/wp-content\\\/uploads\\\/2025\\\/10\\\/TARIFS-DE-PARKING-DE-DREUX-A-MONTPARNASSE-OCT2025-compress-1024x724.jpg\",\"keywords\":[\"2025\",\"actions\",\"Aupadre\",\"Conditions de transport\",\"ligne N\",\"Parkings\"],\"articleSection\":[\"Actions en cours\"],\"inLanguage\":\"fr-FR\",\"potentialAction\":[{\"@type\":\"CommentAction\",\"name\":\"Comment\",\"target\":[\"http:\\\/\\\/www.aupadre.fr\\\/?p=2142#respond\"]}]},{\"@type\":\"WebPage\",\"@id\":\"http:\\\/\\\/www.aupadre.fr\\\/?p=2142\",\"url\":\"http:\\\/\\\/www.aupadre.fr\\\/?p=2142\",\"name\":\"Comparatif de nos parkings sur la ligne N - AUPADRE\",\"isPartOf\":{\"@id\":\"http:\\\/\\\/www.aupadre.fr\\\/#website\"},\"primaryImageOfPage\":{\"@id\":\"http:\\\/\\\/www.aupadre.fr\\\/?p=2142#primaryimage\"},\"image\":{\"@id\":\"http:\\\/\\\/www.aupadre.fr\\\/?p=2142#primaryimage\"},\"thumbnailUrl\":\"https:\\\/\\\/www.aupadre.fr\\\/wp-content\\\/uploads\\\/2025\\\/10\\\/TARIFS-DE-PARKING-DE-DREUX-A-MONTPARNASSE-OCT2025-compress-1024x724.jpg\",\"datePublished\":\"2025-10-13T13:35:28+00:00\",\"dateModified\":\"2026-04-06T20:33:20+00:00\",\"author\":{\"@id\":\"http:\\\/\\\/www.aupadre.fr\\\/#\\\/schema\\\/person\\\/a4d65d0845eb7504e7ac0d30b04fc724\"},\"breadcrumb\":{\"@id\":\"http:\\\/\\\/www.aupadre.fr\\\/?p=2142#breadcrumb\"},\"inLanguage\":\"fr-FR\",\"potentialAction\":[{\"@type\":\"ReadAction\",\"target\":[\"http:\\\/\\\/www.aupadre.fr\\\/?p=2142\"]}]},{\"@type\":\"ImageObject\",\"inLanguage\":\"fr-FR\",\"@id\":\"http:\\\/\\\/www.aupadre.fr\\\/?p=2142#primaryimage\",\"url\":\"https:\\\/\\\/www.aupadre.fr\\\/wp-content\\\/uploads\\\/2025\\\/10\\\/TARIFS-DE-PARKING-DE-DREUX-A-MONTPARNASSE-OCT2025-compress-scaled.jpg\",\"contentUrl\":\"https:\\\/\\\/www.aupadre.fr\\\/wp-content\\\/uploads\\\/2025\\\/10\\\/TARIFS-DE-PARKING-DE-DREUX-A-MONTPARNASSE-OCT2025-compress-scaled.jpg\",\"width\":2560,\"height\":1811},{\"@type\":\"BreadcrumbList\",\"@id\":\"http:\\\/\\\/www.aupadre.fr\\\/?p=2142#breadcrumb\",\"itemListElement\":[{\"@type\":\"ListItem\",\"position\":1,\"name\":\"Accueil\",\"item\":\"http:\\\/\\\/www.aupadre.fr\\\/\"},{\"@type\":\"ListItem\",\"position\":2,\"name\":\"Comparatif de nos parkings sur la ligne N\"}]},{\"@type\":\"WebSite\",\"@id\":\"http:\\\/\\\/www.aupadre.fr\\\/#website\",\"url\":\"http:\\\/\\\/www.aupadre.fr\\\/\",\"name\":\"AUPADRE\",\"description\":\"Vogue la Gal\u00e8re sur les Rails !!!\",\"potentialAction\":[{\"@type\":\"SearchAction\",\"target\":{\"@type\":\"EntryPoint\",\"urlTemplate\":\"http:\\\/\\\/www.aupadre.fr\\\/?s={search_term_string}\"},\"query-input\":{\"@type\":\"PropertyValueSpecification\",\"valueRequired\":true,\"valueName\":\"search_term_string\"}}],\"inLanguage\":\"fr-FR\"},{\"@type\":\"Person\",\"@id\":\"http:\\\/\\\/www.aupadre.fr\\\/#\\\/schema\\\/person\\\/a4d65d0845eb7504e7ac0d30b04fc724\",\"name\":\"Xavier\",\"image\":{\"@type\":\"ImageObject\",\"inLanguage\":\"fr-FR\",\"@id\":\"https:\\\/\\\/secure.gravatar.com\\\/avatar\\\/ffb6d5ada7569959161d7e666c264373bd0a900188ef369643d330e156b456fa?s=96&r=g\",\"url\":\"https:\\\/\\\/secure.gravatar.com\\\/avatar\\\/ffb6d5ada7569959161d7e666c264373bd0a900188ef369643d330e156b456fa?s=96&r=g\",\"contentUrl\":\"https:\\\/\\\/secure.gravatar.com\\\/avatar\\\/ffb6d5ada7569959161d7e666c264373bd0a900188ef369643d330e156b456fa?s=96&r=g\",\"caption\":\"Xavier\"},\"url\":\"https:\\\/\\\/www.aupadre.fr\\\/?author=2\"}]}<\/script>\n<!-- \/ Yoast SEO plugin. -->","yoast_head_json":{"title":"Comparatif de nos parkings sur la ligne N - AUPADRE","robots":{"index":"index","follow":"follow","max-snippet":"max-snippet:-1","max-image-preview":"max-image-preview:large","max-video-preview":"max-video-preview:-1"},"canonical":"http:\/\/www.aupadre.fr\/?p=2142","og_locale":"fr_FR","og_type":"article","og_title":"Comparatif de nos parkings sur la ligne N - AUPADRE","og_description":"Aupadre vous communique le r\u00e9sultat d&rsquo;une \u00e9tude compl\u00e8te sur les parkings de la ligne N. Cette \u00e9tude faite par l&rsquo;un de ses membres a \u00e9t\u00e9 r\u00e9alis\u00e9 en aout 2025 \u00e0 partir des donn\u00e9es publiques existantes et collect\u00e9es une \u00e0 une.&hellip;","og_url":"http:\/\/www.aupadre.fr\/?p=2142","og_site_name":"AUPADRE","article_published_time":"2025-10-13T13:35:28+00:00","article_modified_time":"2026-04-06T20:33:20+00:00","og_image":[{"url":"https:\/\/www.aupadre.fr\/wp-content\/uploads\/2025\/10\/TARIFS-DE-PARKING-DE-DREUX-A-MONTPARNASSE-OCT2025-compress-1024x724.jpg","type":"","width":"","height":""}],"author":"Xavier","twitter_card":"summary_large_image","twitter_misc":{"\u00c9crit par":"Xavier"},"schema":{"@context":"https:\/\/schema.org","@graph":[{"@type":"Article","@id":"http:\/\/www.aupadre.fr\/?p=2142#article","isPartOf":{"@id":"http:\/\/www.aupadre.fr\/?p=2142"},"author":{"name":"Xavier","@id":"http:\/\/www.aupadre.fr\/#\/schema\/person\/a4d65d0845eb7504e7ac0d30b04fc724"},"headline":"Comparatif de nos parkings sur la ligne N","datePublished":"2025-10-13T13:35:28+00:00","dateModified":"2026-04-06T20:33:20+00:00","mainEntityOfPage":{"@id":"http:\/\/www.aupadre.fr\/?p=2142"},"wordCount":111,"commentCount":0,"image":{"@id":"http:\/\/www.aupadre.fr\/?p=2142#primaryimage"},"thumbnailUrl":"https:\/\/www.aupadre.fr\/wp-content\/uploads\/2025\/10\/TARIFS-DE-PARKING-DE-DREUX-A-MONTPARNASSE-OCT2025-compress-1024x724.jpg","keywords":["2025","actions","Aupadre","Conditions de transport","ligne N","Parkings"],"articleSection":["Actions en cours"],"inLanguage":"fr-FR","potentialAction":[{"@type":"CommentAction","name":"Comment","target":["http:\/\/www.aupadre.fr\/?p=2142#respond"]}]},{"@type":"WebPage","@id":"http:\/\/www.aupadre.fr\/?p=2142","url":"http:\/\/www.aupadre.fr\/?p=2142","name":"Comparatif de nos parkings sur la ligne N - AUPADRE","isPartOf":{"@id":"http:\/\/www.aupadre.fr\/#website"},"primaryImageOfPage":{"@id":"http:\/\/www.aupadre.fr\/?p=2142#primaryimage"},"image":{"@id":"http:\/\/www.aupadre.fr\/?p=2142#primaryimage"},"thumbnailUrl":"https:\/\/www.aupadre.fr\/wp-content\/uploads\/2025\/10\/TARIFS-DE-PARKING-DE-DREUX-A-MONTPARNASSE-OCT2025-compress-1024x724.jpg","datePublished":"2025-10-13T13:35:28+00:00","dateModified":"2026-04-06T20:33:20+00:00","author":{"@id":"http:\/\/www.aupadre.fr\/#\/schema\/person\/a4d65d0845eb7504e7ac0d30b04fc724"},"breadcrumb":{"@id":"http:\/\/www.aupadre.fr\/?p=2142#breadcrumb"},"inLanguage":"fr-FR","potentialAction":[{"@type":"ReadAction","target":["http:\/\/www.aupadre.fr\/?p=2142"]}]},{"@type":"ImageObject","inLanguage":"fr-FR","@id":"http:\/\/www.aupadre.fr\/?p=2142#primaryimage","url":"https:\/\/www.aupadre.fr\/wp-content\/uploads\/2025\/10\/TARIFS-DE-PARKING-DE-DREUX-A-MONTPARNASSE-OCT2025-compress-scaled.jpg","contentUrl":"https:\/\/www.aupadre.fr\/wp-content\/uploads\/2025\/10\/TARIFS-DE-PARKING-DE-DREUX-A-MONTPARNASSE-OCT2025-compress-scaled.jpg","width":2560,"height":1811},{"@type":"BreadcrumbList","@id":"http:\/\/www.aupadre.fr\/?p=2142#breadcrumb","itemListElement":[{"@type":"ListItem","position":1,"name":"Accueil","item":"http:\/\/www.aupadre.fr\/"},{"@type":"ListItem","position":2,"name":"Comparatif de nos parkings sur la ligne N"}]},{"@type":"WebSite","@id":"http:\/\/www.aupadre.fr\/#website","url":"http:\/\/www.aupadre.fr\/","name":"AUPADRE","description":"Vogue la Gal\u00e8re sur les Rails !!!","potentialAction":[{"@type":"SearchAction","target":{"@type":"EntryPoint","urlTemplate":"http:\/\/www.aupadre.fr\/?s={search_term_string}"},"query-input":{"@type":"PropertyValueSpecification","valueRequired":true,"valueName":"search_term_string"}}],"inLanguage":"fr-FR"},{"@type":"Person","@id":"http:\/\/www.aupadre.fr\/#\/schema\/person\/a4d65d0845eb7504e7ac0d30b04fc724","name":"Xavier","image":{"@type":"ImageObject","inLanguage":"fr-FR","@id":"https:\/\/secure.gravatar.com\/avatar\/ffb6d5ada7569959161d7e666c264373bd0a900188ef369643d330e156b456fa?s=96&r=g","url":"https:\/\/secure.gravatar.com\/avatar\/ffb6d5ada7569959161d7e666c264373bd0a900188ef369643d330e156b456fa?s=96&r=g","contentUrl":"https:\/\/secure.gravatar.com\/avatar\/ffb6d5ada7569959161d7e666c264373bd0a900188ef369643d330e156b456fa?s=96&r=g","caption":"Xavier"},"url":"https:\/\/www.aupadre.fr\/?author=2"}]}},"_links":{"self":[{"href":"https:\/\/www.aupadre.fr\/index.php?rest_route=\/wp\/v2\/posts\/2142","targetHints":{"allow":["GET"]}}],"collection":[{"href":"https:\/\/www.aupadre.fr\/index.php?rest_route=\/wp\/v2\/posts"}],"about":[{"href":"https:\/\/www.aupadre.fr\/index.php?rest_route=\/wp\/v2\/types\/post"}],"author":[{"embeddable":true,"href":"https:\/\/www.aupadre.fr\/index.php?rest_route=\/wp\/v2\/users\/2"}],"replies":[{"embeddable":true,"href":"https:\/\/www.aupadre.fr\/index.php?rest_route=%2Fwp%2Fv2%2Fcomments&post=2142"}],"version-history":[{"count":7,"href":"https:\/\/www.aupadre.fr\/index.php?rest_route=\/wp\/v2\/posts\/2142\/revisions"}],"predecessor-version":[{"id":2163,"href":"https:\/\/www.aupadre.fr\/index.php?rest_route=\/wp\/v2\/posts\/2142\/revisions\/2163"}],"wp:attachment":[{"href":"https:\/\/www.aupadre.fr\/index.php?rest_route=%2Fwp%2Fv2%2Fmedia&parent=2142"}],"wp:term":[{"taxonomy":"category","embeddable":true,"href":"https:\/\/www.aupadre.fr\/index.php?rest_route=%2Fwp%2Fv2%2Fcategories&post=2142"},{"taxonomy":"post_tag","embeddable":true,"href":"https:\/\/www.aupadre.fr\/index.php?rest_route=%2Fwp%2Fv2%2Ftags&post=2142"}],"curies":[{"name":"wp","href":"https:\/\/api.w.org\/{rel}","templated":true}]}}