{"id":2125,"date":"2025-08-30T15:07:55","date_gmt":"2025-08-30T13:07:55","guid":{"rendered":"https:\/\/www.aupadre.fr\/?p=2125"},"modified":"2025-08-30T15:23:41","modified_gmt":"2025-08-30T13:23:41","slug":"communique-daupadre","status":"publish","type":"post","link":"https:\/\/www.aupadre.fr\/?p=2125","title":{"rendered":"Communique d\u2019Aupadre"},"content":{"rendered":"\n<p>Les membres du Conseil d&rsquo;administration d&rsquo;Aupadre ont la tristesse de vous faire part du d\u00e9c\u00e8s d&rsquo;<strong>Alain Richard<\/strong> qui faisait partie des adh\u00e9rents de l&rsquo;association depuis ses d\u00e9buts et plus r\u00e9cemment des administrateurs, autant qu&rsquo;il l&rsquo;a pu.<br>Fid\u00e8le aux engagements collectifs, soucieux d&rsquo;\u00e9quit\u00e9, porteur de valeurs et de solidarit\u00e9, toujours \u00e0 la recherche de solutions constructives, il incarnait pour nous cet id\u00e9alisme r\u00e9aliste qui permet de travailler \u00e0 l&rsquo;avenir avec t\u00e9nacit\u00e9 et confiance pour faire progresser l&rsquo;int\u00e9r\u00eat g\u00e9n\u00e9ral avec l&rsquo;ensemble des interlocuteurs institutionnels que nous rencontrons.<\/p>\n\n\n\n<p>Nous assurons \u00e0 ses proches et en particulier \u00e0 sa femme tout notre soutien dans ce\u00a0moment\u00a0p\u00e9nible.<\/p>\n","protected":false},"excerpt":{"rendered":"<p>Les membres du Conseil d&rsquo;administration d&rsquo;Aupadre ont la tristesse de vous faire part du d\u00e9c\u00e8s d&rsquo;Alain Richard qui faisait partie des adh\u00e9rents de l&rsquo;association depuis ses d\u00e9buts et plus r\u00e9cemment des administrateurs, autant qu&rsquo;il l&rsquo;a pu.Fid\u00e8le aux engagements collectifs, soucieux&hellip; <\/p>\n","protected":false},"author":3,"featured_media":0,"comment_status":"open","ping_status":"open","sticky":false,"template":"","format":"standard","meta":{"_monsterinsights_skip_tracking":false,"_monsterinsights_sitenote_active":false,"_monsterinsights_sitenote_note":"","_monsterinsights_sitenote_category":0,"footnotes":""},"categories":[6],"tags":[],"class_list":["post-2125","post","type-post","status-publish","format-standard","hentry","category-aupadre"],"yoast_head":"<!-- This site is optimized with the Yoast SEO plugin v27.5 - https:\/\/yoast.com\/product\/yoast-seo-wordpress\/ -->\n<title>Communique d\u2019Aupadre - AUPADRE<\/title>\n<meta name=\"robots\" content=\"index, follow, max-snippet:-1, max-image-preview:large, max-video-preview:-1\" \/>\n<link rel=\"canonical\" href=\"http:\/\/www.aupadre.fr\/?p=2125\" \/>\n<meta property=\"og:locale\" content=\"fr_FR\" \/>\n<meta property=\"og:type\" content=\"article\" \/>\n<meta property=\"og:title\" content=\"Communique d\u2019Aupadre - AUPADRE\" \/>\n<meta property=\"og:description\" content=\"Les membres du Conseil d&rsquo;administration d&rsquo;Aupadre ont la tristesse de vous faire part du d\u00e9c\u00e8s d&rsquo;Alain Richard qui faisait partie des adh\u00e9rents de l&rsquo;association depuis ses d\u00e9buts et plus r\u00e9cemment des administrateurs, autant qu&rsquo;il l&rsquo;a pu.Fid\u00e8le aux engagements collectifs, soucieux&hellip;\" \/>\n<meta property=\"og:url\" content=\"http:\/\/www.aupadre.fr\/?p=2125\" \/>\n<meta property=\"og:site_name\" content=\"AUPADRE\" \/>\n<meta property=\"article:published_time\" content=\"2025-08-30T13:07:55+00:00\" \/>\n<meta property=\"article:modified_time\" content=\"2025-08-30T13:23:41+00:00\" \/>\n<meta name=\"author\" content=\"Fabien\" \/>\n<meta name=\"twitter:card\" content=\"summary_large_image\" \/>\n<meta name=\"twitter:label1\" content=\"\u00c9crit par\" \/>\n\t<meta name=\"twitter:data1\" content=\"Fabien\" \/>\n\t<meta name=\"twitter:label2\" content=\"Dur\u00e9e de lecture estim\u00e9e\" \/>\n\t<meta name=\"twitter:data2\" content=\"1 minute\" \/>\n<script type=\"application\/ld+json\" class=\"yoast-schema-graph\">{\"@context\":\"https:\\\/\\\/schema.org\",\"@graph\":[{\"@type\":\"Article\",\"@id\":\"http:\\\/\\\/www.aupadre.fr\\\/?p=2125#article\",\"isPartOf\":{\"@id\":\"http:\\\/\\\/www.aupadre.fr\\\/?p=2125\"},\"author\":{\"name\":\"Fabien\",\"@id\":\"http:\\\/\\\/www.aupadre.fr\\\/#\\\/schema\\\/person\\\/db4d87c6fbb26c6d9a4e237375f5d83e\"},\"headline\":\"Communique d\u2019Aupadre\",\"datePublished\":\"2025-08-30T13:07:55+00:00\",\"dateModified\":\"2025-08-30T13:23:41+00:00\",\"mainEntityOfPage\":{\"@id\":\"http:\\\/\\\/www.aupadre.fr\\\/?p=2125\"},\"wordCount\":126,\"commentCount\":0,\"articleSection\":[\"L'association\"],\"inLanguage\":\"fr-FR\",\"potentialAction\":[{\"@type\":\"CommentAction\",\"name\":\"Comment\",\"target\":[\"http:\\\/\\\/www.aupadre.fr\\\/?p=2125#respond\"]}]},{\"@type\":\"WebPage\",\"@id\":\"http:\\\/\\\/www.aupadre.fr\\\/?p=2125\",\"url\":\"http:\\\/\\\/www.aupadre.fr\\\/?p=2125\",\"name\":\"Communique d\u2019Aupadre - AUPADRE\",\"isPartOf\":{\"@id\":\"http:\\\/\\\/www.aupadre.fr\\\/#website\"},\"datePublished\":\"2025-08-30T13:07:55+00:00\",\"dateModified\":\"2025-08-30T13:23:41+00:00\",\"author\":{\"@id\":\"http:\\\/\\\/www.aupadre.fr\\\/#\\\/schema\\\/person\\\/db4d87c6fbb26c6d9a4e237375f5d83e\"},\"breadcrumb\":{\"@id\":\"http:\\\/\\\/www.aupadre.fr\\\/?p=2125#breadcrumb\"},\"inLanguage\":\"fr-FR\",\"potentialAction\":[{\"@type\":\"ReadAction\",\"target\":[\"http:\\\/\\\/www.aupadre.fr\\\/?p=2125\"]}]},{\"@type\":\"BreadcrumbList\",\"@id\":\"http:\\\/\\\/www.aupadre.fr\\\/?p=2125#breadcrumb\",\"itemListElement\":[{\"@type\":\"ListItem\",\"position\":1,\"name\":\"Accueil\",\"item\":\"http:\\\/\\\/www.aupadre.fr\\\/\"},{\"@type\":\"ListItem\",\"position\":2,\"name\":\"Communique d\u2019Aupadre\"}]},{\"@type\":\"WebSite\",\"@id\":\"http:\\\/\\\/www.aupadre.fr\\\/#website\",\"url\":\"http:\\\/\\\/www.aupadre.fr\\\/\",\"name\":\"AUPADRE\",\"description\":\"Vogue la Gal\u00e8re sur les Rails !!!\",\"potentialAction\":[{\"@type\":\"SearchAction\",\"target\":{\"@type\":\"EntryPoint\",\"urlTemplate\":\"http:\\\/\\\/www.aupadre.fr\\\/?s={search_term_string}\"},\"query-input\":{\"@type\":\"PropertyValueSpecification\",\"valueRequired\":true,\"valueName\":\"search_term_string\"}}],\"inLanguage\":\"fr-FR\"},{\"@type\":\"Person\",\"@id\":\"http:\\\/\\\/www.aupadre.fr\\\/#\\\/schema\\\/person\\\/db4d87c6fbb26c6d9a4e237375f5d83e\",\"name\":\"Fabien\",\"image\":{\"@type\":\"ImageObject\",\"inLanguage\":\"fr-FR\",\"@id\":\"https:\\\/\\\/secure.gravatar.com\\\/avatar\\\/d943f65fd2537cf6aec449879a9731879e9ebbdda2bc93a987723c63ce270bf7?s=96&r=g\",\"url\":\"https:\\\/\\\/secure.gravatar.com\\\/avatar\\\/d943f65fd2537cf6aec449879a9731879e9ebbdda2bc93a987723c63ce270bf7?s=96&r=g\",\"contentUrl\":\"https:\\\/\\\/secure.gravatar.com\\\/avatar\\\/d943f65fd2537cf6aec449879a9731879e9ebbdda2bc93a987723c63ce270bf7?s=96&r=g\",\"caption\":\"Fabien\"},\"url\":\"https:\\\/\\\/www.aupadre.fr\\\/?author=3\"}]}<\/script>\n<!-- \/ Yoast SEO plugin. -->","yoast_head_json":{"title":"Communique d\u2019Aupadre - AUPADRE","robots":{"index":"index","follow":"follow","max-snippet":"max-snippet:-1","max-image-preview":"max-image-preview:large","max-video-preview":"max-video-preview:-1"},"canonical":"http:\/\/www.aupadre.fr\/?p=2125","og_locale":"fr_FR","og_type":"article","og_title":"Communique d\u2019Aupadre - AUPADRE","og_description":"Les membres du Conseil d&rsquo;administration d&rsquo;Aupadre ont la tristesse de vous faire part du d\u00e9c\u00e8s d&rsquo;Alain Richard qui faisait partie des adh\u00e9rents de l&rsquo;association depuis ses d\u00e9buts et plus r\u00e9cemment des administrateurs, autant qu&rsquo;il l&rsquo;a pu.Fid\u00e8le aux engagements collectifs, soucieux&hellip;","og_url":"http:\/\/www.aupadre.fr\/?p=2125","og_site_name":"AUPADRE","article_published_time":"2025-08-30T13:07:55+00:00","article_modified_time":"2025-08-30T13:23:41+00:00","author":"Fabien","twitter_card":"summary_large_image","twitter_misc":{"\u00c9crit par":"Fabien","Dur\u00e9e de lecture estim\u00e9e":"1 minute"},"schema":{"@context":"https:\/\/schema.org","@graph":[{"@type":"Article","@id":"http:\/\/www.aupadre.fr\/?p=2125#article","isPartOf":{"@id":"http:\/\/www.aupadre.fr\/?p=2125"},"author":{"name":"Fabien","@id":"http:\/\/www.aupadre.fr\/#\/schema\/person\/db4d87c6fbb26c6d9a4e237375f5d83e"},"headline":"Communique d\u2019Aupadre","datePublished":"2025-08-30T13:07:55+00:00","dateModified":"2025-08-30T13:23:41+00:00","mainEntityOfPage":{"@id":"http:\/\/www.aupadre.fr\/?p=2125"},"wordCount":126,"commentCount":0,"articleSection":["L'association"],"inLanguage":"fr-FR","potentialAction":[{"@type":"CommentAction","name":"Comment","target":["http:\/\/www.aupadre.fr\/?p=2125#respond"]}]},{"@type":"WebPage","@id":"http:\/\/www.aupadre.fr\/?p=2125","url":"http:\/\/www.aupadre.fr\/?p=2125","name":"Communique d\u2019Aupadre - AUPADRE","isPartOf":{"@id":"http:\/\/www.aupadre.fr\/#website"},"datePublished":"2025-08-30T13:07:55+00:00","dateModified":"2025-08-30T13:23:41+00:00","author":{"@id":"http:\/\/www.aupadre.fr\/#\/schema\/person\/db4d87c6fbb26c6d9a4e237375f5d83e"},"breadcrumb":{"@id":"http:\/\/www.aupadre.fr\/?p=2125#breadcrumb"},"inLanguage":"fr-FR","potentialAction":[{"@type":"ReadAction","target":["http:\/\/www.aupadre.fr\/?p=2125"]}]},{"@type":"BreadcrumbList","@id":"http:\/\/www.aupadre.fr\/?p=2125#breadcrumb","itemListElement":[{"@type":"ListItem","position":1,"name":"Accueil","item":"http:\/\/www.aupadre.fr\/"},{"@type":"ListItem","position":2,"name":"Communique d\u2019Aupadre"}]},{"@type":"WebSite","@id":"http:\/\/www.aupadre.fr\/#website","url":"http:\/\/www.aupadre.fr\/","name":"AUPADRE","description":"Vogue la Gal\u00e8re sur les Rails !!!","potentialAction":[{"@type":"SearchAction","target":{"@type":"EntryPoint","urlTemplate":"http:\/\/www.aupadre.fr\/?s={search_term_string}"},"query-input":{"@type":"PropertyValueSpecification","valueRequired":true,"valueName":"search_term_string"}}],"inLanguage":"fr-FR"},{"@type":"Person","@id":"http:\/\/www.aupadre.fr\/#\/schema\/person\/db4d87c6fbb26c6d9a4e237375f5d83e","name":"Fabien","image":{"@type":"ImageObject","inLanguage":"fr-FR","@id":"https:\/\/secure.gravatar.com\/avatar\/d943f65fd2537cf6aec449879a9731879e9ebbdda2bc93a987723c63ce270bf7?s=96&r=g","url":"https:\/\/secure.gravatar.com\/avatar\/d943f65fd2537cf6aec449879a9731879e9ebbdda2bc93a987723c63ce270bf7?s=96&r=g","contentUrl":"https:\/\/secure.gravatar.com\/avatar\/d943f65fd2537cf6aec449879a9731879e9ebbdda2bc93a987723c63ce270bf7?s=96&r=g","caption":"Fabien"},"url":"https:\/\/www.aupadre.fr\/?author=3"}]}},"_links":{"self":[{"href":"https:\/\/www.aupadre.fr\/index.php?rest_route=\/wp\/v2\/posts\/2125","targetHints":{"allow":["GET"]}}],"collection":[{"href":"https:\/\/www.aupadre.fr\/index.php?rest_route=\/wp\/v2\/posts"}],"about":[{"href":"https:\/\/www.aupadre.fr\/index.php?rest_route=\/wp\/v2\/types\/post"}],"author":[{"embeddable":true,"href":"https:\/\/www.aupadre.fr\/index.php?rest_route=\/wp\/v2\/users\/3"}],"replies":[{"embeddable":true,"href":"https:\/\/www.aupadre.fr\/index.php?rest_route=%2Fwp%2Fv2%2Fcomments&post=2125"}],"version-history":[{"count":2,"href":"https:\/\/www.aupadre.fr\/index.php?rest_route=\/wp\/v2\/posts\/2125\/revisions"}],"predecessor-version":[{"id":2128,"href":"https:\/\/www.aupadre.fr\/index.php?rest_route=\/wp\/v2\/posts\/2125\/revisions\/2128"}],"wp:attachment":[{"href":"https:\/\/www.aupadre.fr\/index.php?rest_route=%2Fwp%2Fv2%2Fmedia&parent=2125"}],"wp:term":[{"taxonomy":"category","embeddable":true,"href":"https:\/\/www.aupadre.fr\/index.php?rest_route=%2Fwp%2Fv2%2Fcategories&post=2125"},{"taxonomy":"post_tag","embeddable":true,"href":"https:\/\/www.aupadre.fr\/index.php?rest_route=%2Fwp%2Fv2%2Ftags&post=2125"}],"curies":[{"name":"wp","href":"https:\/\/api.w.org\/{rel}","templated":true}]}}