{"id":2109,"date":"2025-08-11T22:32:28","date_gmt":"2025-08-11T20:32:28","guid":{"rendered":"https:\/\/www.aupadre.fr\/?p=2109"},"modified":"2025-08-30T09:55:54","modified_gmt":"2025-08-30T07:55:54","slug":"courrier-a-mme-la-presidente-mep","status":"publish","type":"post","link":"https:\/\/www.aupadre.fr\/?p=2109","title":{"rendered":"courrier a Mme la Pr\u00e9sidente de la r\u00e9gion IDF"},"content":{"rendered":"\n<p>Madame la Pr\u00e9sidente,<\/p>\n\n\n\n<p>Nous avons pris bonne note de votre courrier du 23 juin dernier annon\u00e7ant les r\u00e9sultats de la phase de concertation que vous avez souhait\u00e9 conduire depuis l&rsquo;automne dernier.<\/p>\n\n\n\n<p>Nous prenons acte que ces r\u00e9unions n&rsquo;ont consist\u00e9 qu&rsquo;\u00e0 aboutir \u00e0 des conclusions pr\u00e9alables sans aucune prise en compte des besoins exprim\u00e9s par notre territoire&#8230; <em><strong>lire la suite ci-dessous<\/strong><\/em> :<\/p>\n\n\n\n<figure class=\"wp-block-image size-large\"><img loading=\"lazy\" decoding=\"async\" width=\"362\" height=\"1024\" src=\"https:\/\/www.aupadre.fr\/wp-content\/uploads\/2025\/08\/merged-362x1024.png\" alt=\"\" class=\"wp-image-2110\" srcset=\"https:\/\/www.aupadre.fr\/wp-content\/uploads\/2025\/08\/merged-362x1024.png 362w, https:\/\/www.aupadre.fr\/wp-content\/uploads\/2025\/08\/merged-106x300.png 106w, https:\/\/www.aupadre.fr\/wp-content\/uploads\/2025\/08\/merged-768x2172.png 768w, https:\/\/www.aupadre.fr\/wp-content\/uploads\/2025\/08\/merged-543x1536.png 543w, https:\/\/www.aupadre.fr\/wp-content\/uploads\/2025\/08\/merged-724x2048.png 724w, https:\/\/www.aupadre.fr\/wp-content\/uploads\/2025\/08\/merged-scaled.png 905w\" sizes=\"auto, (max-width: 362px) 100vw, 362px\" \/><\/figure>\n","protected":false},"excerpt":{"rendered":"<p>Nous prenons acte que ces r\u00e9unions n&rsquo;ont consist\u00e9 qu&rsquo;\u00e0 aboutir \u00e0 des conclusions pr\u00e9alables sans aucune prise en compte des besoins exprim\u00e9s par notre territoire.<\/p>\n","protected":false},"author":2,"featured_media":0,"comment_status":"open","ping_status":"open","sticky":false,"template":"","format":"standard","meta":{"_monsterinsights_skip_tracking":false,"_monsterinsights_sitenote_active":false,"_monsterinsights_sitenote_note":"","_monsterinsights_sitenote_category":0,"footnotes":""},"categories":[1],"tags":[181,183,50,33],"class_list":["post-2109","post","type-post","status-publish","format-standard","hentry","category-actions-encours","tag-181","tag-dysfonctionnements","tag-elus","tag-ligne-n"],"yoast_head":"<!-- This site is optimized with the Yoast SEO plugin v27.5 - https:\/\/yoast.com\/product\/yoast-seo-wordpress\/ -->\n<title>courrier a Mme la Pr\u00e9sidente de la r\u00e9gion IDF - AUPADRE<\/title>\n<meta name=\"robots\" content=\"index, follow, max-snippet:-1, max-image-preview:large, max-video-preview:-1\" \/>\n<link rel=\"canonical\" href=\"https:\/\/www.aupadre.fr\/?p=2109\" \/>\n<meta property=\"og:locale\" content=\"fr_FR\" \/>\n<meta property=\"og:type\" content=\"article\" \/>\n<meta property=\"og:title\" content=\"courrier a Mme la Pr\u00e9sidente de la r\u00e9gion IDF - AUPADRE\" \/>\n<meta property=\"og:description\" content=\"Nous prenons acte que ces r\u00e9unions n&#039;ont consist\u00e9 qu&#039;\u00e0 aboutir \u00e0 des conclusions pr\u00e9alables sans aucune prise en compte des besoins exprim\u00e9s par notre territoire.\" \/>\n<meta property=\"og:url\" content=\"https:\/\/www.aupadre.fr\/?p=2109\" \/>\n<meta property=\"og:site_name\" content=\"AUPADRE\" \/>\n<meta property=\"article:published_time\" content=\"2025-08-11T20:32:28+00:00\" \/>\n<meta property=\"article:modified_time\" content=\"2025-08-30T07:55:54+00:00\" \/>\n<meta property=\"og:image\" content=\"https:\/\/www.aupadre.fr\/wp-content\/uploads\/2025\/08\/merged-362x1024.png\" \/>\n<meta name=\"author\" content=\"Xavier\" \/>\n<meta name=\"twitter:card\" content=\"summary_large_image\" \/>\n<meta name=\"twitter:label1\" content=\"\u00c9crit par\" \/>\n\t<meta name=\"twitter:data1\" content=\"Xavier\" \/>\n<script type=\"application\/ld+json\" class=\"yoast-schema-graph\">{\"@context\":\"https:\\\/\\\/schema.org\",\"@graph\":[{\"@type\":\"Article\",\"@id\":\"https:\\\/\\\/www.aupadre.fr\\\/?p=2109#article\",\"isPartOf\":{\"@id\":\"https:\\\/\\\/www.aupadre.fr\\\/?p=2109\"},\"author\":{\"name\":\"Xavier\",\"@id\":\"http:\\\/\\\/www.aupadre.fr\\\/#\\\/schema\\\/person\\\/a4d65d0845eb7504e7ac0d30b04fc724\"},\"headline\":\"courrier a Mme la Pr\u00e9sidente de la r\u00e9gion IDF\",\"datePublished\":\"2025-08-11T20:32:28+00:00\",\"dateModified\":\"2025-08-30T07:55:54+00:00\",\"mainEntityOfPage\":{\"@id\":\"https:\\\/\\\/www.aupadre.fr\\\/?p=2109\"},\"wordCount\":77,\"commentCount\":0,\"image\":{\"@id\":\"https:\\\/\\\/www.aupadre.fr\\\/?p=2109#primaryimage\"},\"thumbnailUrl\":\"https:\\\/\\\/www.aupadre.fr\\\/wp-content\\\/uploads\\\/2025\\\/08\\\/merged-362x1024.png\",\"keywords\":[\"2025\",\"dysfonctionnements\",\"\u00c9lus\",\"ligne N\"],\"articleSection\":[\"Actions en cours\"],\"inLanguage\":\"fr-FR\",\"potentialAction\":[{\"@type\":\"CommentAction\",\"name\":\"Comment\",\"target\":[\"https:\\\/\\\/www.aupadre.fr\\\/?p=2109#respond\"]}]},{\"@type\":\"WebPage\",\"@id\":\"https:\\\/\\\/www.aupadre.fr\\\/?p=2109\",\"url\":\"https:\\\/\\\/www.aupadre.fr\\\/?p=2109\",\"name\":\"courrier a Mme la Pr\u00e9sidente de la r\u00e9gion IDF - AUPADRE\",\"isPartOf\":{\"@id\":\"http:\\\/\\\/www.aupadre.fr\\\/#website\"},\"primaryImageOfPage\":{\"@id\":\"https:\\\/\\\/www.aupadre.fr\\\/?p=2109#primaryimage\"},\"image\":{\"@id\":\"https:\\\/\\\/www.aupadre.fr\\\/?p=2109#primaryimage\"},\"thumbnailUrl\":\"https:\\\/\\\/www.aupadre.fr\\\/wp-content\\\/uploads\\\/2025\\\/08\\\/merged-362x1024.png\",\"datePublished\":\"2025-08-11T20:32:28+00:00\",\"dateModified\":\"2025-08-30T07:55:54+00:00\",\"author\":{\"@id\":\"http:\\\/\\\/www.aupadre.fr\\\/#\\\/schema\\\/person\\\/a4d65d0845eb7504e7ac0d30b04fc724\"},\"breadcrumb\":{\"@id\":\"https:\\\/\\\/www.aupadre.fr\\\/?p=2109#breadcrumb\"},\"inLanguage\":\"fr-FR\",\"potentialAction\":[{\"@type\":\"ReadAction\",\"target\":[\"https:\\\/\\\/www.aupadre.fr\\\/?p=2109\"]}]},{\"@type\":\"ImageObject\",\"inLanguage\":\"fr-FR\",\"@id\":\"https:\\\/\\\/www.aupadre.fr\\\/?p=2109#primaryimage\",\"url\":\"https:\\\/\\\/www.aupadre.fr\\\/wp-content\\\/uploads\\\/2025\\\/08\\\/merged-scaled.png\",\"contentUrl\":\"https:\\\/\\\/www.aupadre.fr\\\/wp-content\\\/uploads\\\/2025\\\/08\\\/merged-scaled.png\",\"width\":905,\"height\":2560},{\"@type\":\"BreadcrumbList\",\"@id\":\"https:\\\/\\\/www.aupadre.fr\\\/?p=2109#breadcrumb\",\"itemListElement\":[{\"@type\":\"ListItem\",\"position\":1,\"name\":\"Accueil\",\"item\":\"http:\\\/\\\/www.aupadre.fr\\\/\"},{\"@type\":\"ListItem\",\"position\":2,\"name\":\"courrier a Mme la Pr\u00e9sidente de la r\u00e9gion IDF\"}]},{\"@type\":\"WebSite\",\"@id\":\"http:\\\/\\\/www.aupadre.fr\\\/#website\",\"url\":\"http:\\\/\\\/www.aupadre.fr\\\/\",\"name\":\"AUPADRE\",\"description\":\"Vogue la Gal\u00e8re sur les Rails !!!\",\"potentialAction\":[{\"@type\":\"SearchAction\",\"target\":{\"@type\":\"EntryPoint\",\"urlTemplate\":\"http:\\\/\\\/www.aupadre.fr\\\/?s={search_term_string}\"},\"query-input\":{\"@type\":\"PropertyValueSpecification\",\"valueRequired\":true,\"valueName\":\"search_term_string\"}}],\"inLanguage\":\"fr-FR\"},{\"@type\":\"Person\",\"@id\":\"http:\\\/\\\/www.aupadre.fr\\\/#\\\/schema\\\/person\\\/a4d65d0845eb7504e7ac0d30b04fc724\",\"name\":\"Xavier\",\"image\":{\"@type\":\"ImageObject\",\"inLanguage\":\"fr-FR\",\"@id\":\"https:\\\/\\\/secure.gravatar.com\\\/avatar\\\/ffb6d5ada7569959161d7e666c264373bd0a900188ef369643d330e156b456fa?s=96&r=g\",\"url\":\"https:\\\/\\\/secure.gravatar.com\\\/avatar\\\/ffb6d5ada7569959161d7e666c264373bd0a900188ef369643d330e156b456fa?s=96&r=g\",\"contentUrl\":\"https:\\\/\\\/secure.gravatar.com\\\/avatar\\\/ffb6d5ada7569959161d7e666c264373bd0a900188ef369643d330e156b456fa?s=96&r=g\",\"caption\":\"Xavier\"},\"url\":\"https:\\\/\\\/www.aupadre.fr\\\/?author=2\"}]}<\/script>\n<!-- \/ Yoast SEO plugin. -->","yoast_head_json":{"title":"courrier a Mme la Pr\u00e9sidente de la r\u00e9gion IDF - AUPADRE","robots":{"index":"index","follow":"follow","max-snippet":"max-snippet:-1","max-image-preview":"max-image-preview:large","max-video-preview":"max-video-preview:-1"},"canonical":"https:\/\/www.aupadre.fr\/?p=2109","og_locale":"fr_FR","og_type":"article","og_title":"courrier a Mme la Pr\u00e9sidente de la r\u00e9gion IDF - AUPADRE","og_description":"Nous prenons acte que ces r\u00e9unions n'ont consist\u00e9 qu'\u00e0 aboutir \u00e0 des conclusions pr\u00e9alables sans aucune prise en compte des besoins exprim\u00e9s par notre territoire.","og_url":"https:\/\/www.aupadre.fr\/?p=2109","og_site_name":"AUPADRE","article_published_time":"2025-08-11T20:32:28+00:00","article_modified_time":"2025-08-30T07:55:54+00:00","og_image":[{"url":"https:\/\/www.aupadre.fr\/wp-content\/uploads\/2025\/08\/merged-362x1024.png","type":"","width":"","height":""}],"author":"Xavier","twitter_card":"summary_large_image","twitter_misc":{"\u00c9crit par":"Xavier"},"schema":{"@context":"https:\/\/schema.org","@graph":[{"@type":"Article","@id":"https:\/\/www.aupadre.fr\/?p=2109#article","isPartOf":{"@id":"https:\/\/www.aupadre.fr\/?p=2109"},"author":{"name":"Xavier","@id":"http:\/\/www.aupadre.fr\/#\/schema\/person\/a4d65d0845eb7504e7ac0d30b04fc724"},"headline":"courrier a Mme la Pr\u00e9sidente de la r\u00e9gion IDF","datePublished":"2025-08-11T20:32:28+00:00","dateModified":"2025-08-30T07:55:54+00:00","mainEntityOfPage":{"@id":"https:\/\/www.aupadre.fr\/?p=2109"},"wordCount":77,"commentCount":0,"image":{"@id":"https:\/\/www.aupadre.fr\/?p=2109#primaryimage"},"thumbnailUrl":"https:\/\/www.aupadre.fr\/wp-content\/uploads\/2025\/08\/merged-362x1024.png","keywords":["2025","dysfonctionnements","\u00c9lus","ligne N"],"articleSection":["Actions en cours"],"inLanguage":"fr-FR","potentialAction":[{"@type":"CommentAction","name":"Comment","target":["https:\/\/www.aupadre.fr\/?p=2109#respond"]}]},{"@type":"WebPage","@id":"https:\/\/www.aupadre.fr\/?p=2109","url":"https:\/\/www.aupadre.fr\/?p=2109","name":"courrier a Mme la Pr\u00e9sidente de la r\u00e9gion IDF - AUPADRE","isPartOf":{"@id":"http:\/\/www.aupadre.fr\/#website"},"primaryImageOfPage":{"@id":"https:\/\/www.aupadre.fr\/?p=2109#primaryimage"},"image":{"@id":"https:\/\/www.aupadre.fr\/?p=2109#primaryimage"},"thumbnailUrl":"https:\/\/www.aupadre.fr\/wp-content\/uploads\/2025\/08\/merged-362x1024.png","datePublished":"2025-08-11T20:32:28+00:00","dateModified":"2025-08-30T07:55:54+00:00","author":{"@id":"http:\/\/www.aupadre.fr\/#\/schema\/person\/a4d65d0845eb7504e7ac0d30b04fc724"},"breadcrumb":{"@id":"https:\/\/www.aupadre.fr\/?p=2109#breadcrumb"},"inLanguage":"fr-FR","potentialAction":[{"@type":"ReadAction","target":["https:\/\/www.aupadre.fr\/?p=2109"]}]},{"@type":"ImageObject","inLanguage":"fr-FR","@id":"https:\/\/www.aupadre.fr\/?p=2109#primaryimage","url":"https:\/\/www.aupadre.fr\/wp-content\/uploads\/2025\/08\/merged-scaled.png","contentUrl":"https:\/\/www.aupadre.fr\/wp-content\/uploads\/2025\/08\/merged-scaled.png","width":905,"height":2560},{"@type":"BreadcrumbList","@id":"https:\/\/www.aupadre.fr\/?p=2109#breadcrumb","itemListElement":[{"@type":"ListItem","position":1,"name":"Accueil","item":"http:\/\/www.aupadre.fr\/"},{"@type":"ListItem","position":2,"name":"courrier a Mme la Pr\u00e9sidente de la r\u00e9gion IDF"}]},{"@type":"WebSite","@id":"http:\/\/www.aupadre.fr\/#website","url":"http:\/\/www.aupadre.fr\/","name":"AUPADRE","description":"Vogue la Gal\u00e8re sur les Rails !!!","potentialAction":[{"@type":"SearchAction","target":{"@type":"EntryPoint","urlTemplate":"http:\/\/www.aupadre.fr\/?s={search_term_string}"},"query-input":{"@type":"PropertyValueSpecification","valueRequired":true,"valueName":"search_term_string"}}],"inLanguage":"fr-FR"},{"@type":"Person","@id":"http:\/\/www.aupadre.fr\/#\/schema\/person\/a4d65d0845eb7504e7ac0d30b04fc724","name":"Xavier","image":{"@type":"ImageObject","inLanguage":"fr-FR","@id":"https:\/\/secure.gravatar.com\/avatar\/ffb6d5ada7569959161d7e666c264373bd0a900188ef369643d330e156b456fa?s=96&r=g","url":"https:\/\/secure.gravatar.com\/avatar\/ffb6d5ada7569959161d7e666c264373bd0a900188ef369643d330e156b456fa?s=96&r=g","contentUrl":"https:\/\/secure.gravatar.com\/avatar\/ffb6d5ada7569959161d7e666c264373bd0a900188ef369643d330e156b456fa?s=96&r=g","caption":"Xavier"},"url":"https:\/\/www.aupadre.fr\/?author=2"}]}},"_links":{"self":[{"href":"https:\/\/www.aupadre.fr\/index.php?rest_route=\/wp\/v2\/posts\/2109","targetHints":{"allow":["GET"]}}],"collection":[{"href":"https:\/\/www.aupadre.fr\/index.php?rest_route=\/wp\/v2\/posts"}],"about":[{"href":"https:\/\/www.aupadre.fr\/index.php?rest_route=\/wp\/v2\/types\/post"}],"author":[{"embeddable":true,"href":"https:\/\/www.aupadre.fr\/index.php?rest_route=\/wp\/v2\/users\/2"}],"replies":[{"embeddable":true,"href":"https:\/\/www.aupadre.fr\/index.php?rest_route=%2Fwp%2Fv2%2Fcomments&post=2109"}],"version-history":[{"count":2,"href":"https:\/\/www.aupadre.fr\/index.php?rest_route=\/wp\/v2\/posts\/2109\/revisions"}],"predecessor-version":[{"id":2124,"href":"https:\/\/www.aupadre.fr\/index.php?rest_route=\/wp\/v2\/posts\/2109\/revisions\/2124"}],"wp:attachment":[{"href":"https:\/\/www.aupadre.fr\/index.php?rest_route=%2Fwp%2Fv2%2Fmedia&parent=2109"}],"wp:term":[{"taxonomy":"category","embeddable":true,"href":"https:\/\/www.aupadre.fr\/index.php?rest_route=%2Fwp%2Fv2%2Fcategories&post=2109"},{"taxonomy":"post_tag","embeddable":true,"href":"https:\/\/www.aupadre.fr\/index.php?rest_route=%2Fwp%2Fv2%2Ftags&post=2109"}],"curies":[{"name":"wp","href":"https:\/\/api.w.org\/{rel}","templated":true}]}}