{"id":2049,"date":"2025-04-16T22:57:34","date_gmt":"2025-04-16T20:57:34","guid":{"rendered":"https:\/\/www.aupadre.fr\/?p=2049"},"modified":"2025-08-30T09:57:12","modified_gmt":"2025-08-30T07:57:12","slug":"le-cri-d-alarme-des-usagers-dreux-paris","status":"publish","type":"post","link":"https:\/\/www.aupadre.fr\/?p=2049","title":{"rendered":"Quand \u00ab\u00a0transport collectif\u00a0\u00bb rime avec supplice : le cri d&rsquo;alarme des usagers\u00a0Dreux-Paris."},"content":{"rendered":"\n<p>Nous vous faisons suivre le courrier qu&rsquo;Aupadre a transmis vendredi 11 avril \u00e0 la pr\u00e9sidente de r\u00e9gion IDF, pr\u00e9sidente \u00e9galement du Syndicat des Transports d&rsquo;Ile-de-France et donc d\u00e9cisionnaire pour nos transports collectifs de demain (pour 2027-2030).<\/p>\n\n\n\n<p>Il appara\u00eet clairement que les d\u00e9cisions qui se profilent n&rsquo;envisagent pas plus de trains, mais plus d&rsquo;arr\u00eats alors que nous subissons des conditions de transports d\u00e9grad\u00e9es de plusieurs heures par jour.<br>Tasser un peu plus les travailleurs, \u00e9tudiants dans des trains d\u00e9j\u00e0 bond\u00e9s et rares n&rsquo;est pas une solution !<br><\/p>\n\n\n\n<p>Ce courrier vous est transmis pour information et circulation. Sachez que vos \u00e9lus des communes de l&rsquo;extr\u00eame ouest francilien se mobilisent pour la plupart face \u00e0 cette perspective de d\u00e9gradation sans nom, face \u00e0 cette absence de mesure efficace tandis que nos villages se densifient. N&rsquo;h\u00e9sitez pas \u00e0 en parler \u00e0 vos \u00e9lus de proximit\u00e9, \u00e0 t\u00e9moigner des conditions de trajets que vous vivez pour que ceux qui ne l&rsquo;ont pas encore fait se mobilisent aussi. Les d\u00e9cisions se prennent maintenant (fin avril d\u00e9but mai).<\/p>\n\n\n\n<p>Il en va de l&rsquo;avenir de nos trajets, de celui de nos enfants et de nos entreprises pour que nous ne laissions pas nos territoires sans solution digne de ce nom.<br>Cela d\u00e9pend de notre&nbsp;action&nbsp;\u00e0&nbsp;tous.<\/p>\n\n\n\n<div data-wp-interactive=\"core\/file\" class=\"wp-block-file\"><object data-wp-bind--hidden=\"!state.hasPdfPreview\" hidden class=\"wp-block-file__embed\" data=\"https:\/\/www.aupadre.fr\/wp-content\/uploads\/2025\/04\/20250411-CourrierAUPADRE-PresidenteRegionLigne-N-Dreux-PMPvf.pdf\" type=\"application\/pdf\" style=\"width:100%;height:600px\" aria-label=\"Contenu embarqu\u00e9 Courrier AUPDRE.\"><\/object><a id=\"wp-block-file--media-7dfc0611-7e61-47c3-9a73-56abb62e0507\" href=\"https:\/\/www.aupadre.fr\/wp-content\/uploads\/2025\/04\/20250411-CourrierAUPADRE-PresidenteRegionLigne-N-Dreux-PMPvf.pdf\">Courrier AUPDRE<\/a><a href=\"https:\/\/www.aupadre.fr\/wp-content\/uploads\/2025\/04\/20250411-CourrierAUPADRE-PresidenteRegionLigne-N-Dreux-PMPvf.pdf\" class=\"wp-block-file__button wp-element-button\" download aria-describedby=\"wp-block-file--media-7dfc0611-7e61-47c3-9a73-56abb62e0507\">T\u00e9l\u00e9charger<\/a><\/div>\n","protected":false},"excerpt":{"rendered":"<p>Nous vous faisons suivre le courrier qu&rsquo;Aupadre a transmis vendredi 11 avril \u00e0 la pr\u00e9sidente de r\u00e9gion IDF, pr\u00e9sidente \u00e9galement du Syndicat des Transports d&rsquo;Ile-de-France et donc d\u00e9cisionnaire pour nos transports collectifs de demain (pour 2027-2030). Il appara\u00eet clairement que&hellip; <\/p>\n","protected":false},"author":3,"featured_media":0,"comment_status":"open","ping_status":"open","sticky":false,"template":"","format":"standard","meta":{"_monsterinsights_skip_tracking":false,"_monsterinsights_sitenote_active":false,"_monsterinsights_sitenote_note":"","_monsterinsights_sitenote_category":0,"footnotes":""},"categories":[1],"tags":[],"class_list":["post-2049","post","type-post","status-publish","format-standard","hentry","category-actions-encours"],"yoast_head":"<!-- This site is optimized with the Yoast SEO plugin v27.5 - https:\/\/yoast.com\/product\/yoast-seo-wordpress\/ -->\n<title>Quand &quot;transport collectif&quot; rime avec supplice : le cri d&#039;alarme des usagers\u00a0Dreux-Paris. - AUPADRE<\/title>\n<meta name=\"robots\" content=\"index, follow, max-snippet:-1, max-image-preview:large, max-video-preview:-1\" \/>\n<link rel=\"canonical\" href=\"https:\/\/www.aupadre.fr\/?p=2049\" \/>\n<meta property=\"og:locale\" content=\"fr_FR\" \/>\n<meta property=\"og:type\" content=\"article\" \/>\n<meta property=\"og:title\" content=\"Quand &quot;transport collectif&quot; rime avec supplice : le cri d&#039;alarme des usagers\u00a0Dreux-Paris. - AUPADRE\" \/>\n<meta property=\"og:description\" content=\"Nous vous faisons suivre le courrier qu&rsquo;Aupadre a transmis vendredi 11 avril \u00e0 la pr\u00e9sidente de r\u00e9gion IDF, pr\u00e9sidente \u00e9galement du Syndicat des Transports d&rsquo;Ile-de-France et donc d\u00e9cisionnaire pour nos transports collectifs de demain (pour 2027-2030). Il appara\u00eet clairement que&hellip;\" \/>\n<meta property=\"og:url\" content=\"https:\/\/www.aupadre.fr\/?p=2049\" \/>\n<meta property=\"og:site_name\" content=\"AUPADRE\" \/>\n<meta property=\"article:published_time\" content=\"2025-04-16T20:57:34+00:00\" \/>\n<meta property=\"article:modified_time\" content=\"2025-08-30T07:57:12+00:00\" \/>\n<meta name=\"author\" content=\"Fabien\" \/>\n<meta name=\"twitter:card\" content=\"summary_large_image\" \/>\n<meta name=\"twitter:label1\" content=\"\u00c9crit par\" \/>\n\t<meta name=\"twitter:data1\" content=\"Fabien\" \/>\n\t<meta name=\"twitter:label2\" content=\"Dur\u00e9e de lecture estim\u00e9e\" \/>\n\t<meta name=\"twitter:data2\" content=\"1 minute\" \/>\n<script type=\"application\/ld+json\" class=\"yoast-schema-graph\">{\"@context\":\"https:\\\/\\\/schema.org\",\"@graph\":[{\"@type\":\"Article\",\"@id\":\"https:\\\/\\\/www.aupadre.fr\\\/?p=2049#article\",\"isPartOf\":{\"@id\":\"https:\\\/\\\/www.aupadre.fr\\\/?p=2049\"},\"author\":{\"name\":\"Fabien\",\"@id\":\"http:\\\/\\\/www.aupadre.fr\\\/#\\\/schema\\\/person\\\/db4d87c6fbb26c6d9a4e237375f5d83e\"},\"headline\":\"Quand \u00ab\u00a0transport collectif\u00a0\u00bb rime avec supplice : le cri d&rsquo;alarme des usagers\u00a0Dreux-Paris.\",\"datePublished\":\"2025-04-16T20:57:34+00:00\",\"dateModified\":\"2025-08-30T07:57:12+00:00\",\"mainEntityOfPage\":{\"@id\":\"https:\\\/\\\/www.aupadre.fr\\\/?p=2049\"},\"wordCount\":248,\"commentCount\":0,\"articleSection\":[\"Actions en cours\"],\"inLanguage\":\"fr-FR\",\"potentialAction\":[{\"@type\":\"CommentAction\",\"name\":\"Comment\",\"target\":[\"https:\\\/\\\/www.aupadre.fr\\\/?p=2049#respond\"]}]},{\"@type\":\"WebPage\",\"@id\":\"https:\\\/\\\/www.aupadre.fr\\\/?p=2049\",\"url\":\"https:\\\/\\\/www.aupadre.fr\\\/?p=2049\",\"name\":\"Quand \\\"transport collectif\\\" rime avec supplice : le cri d'alarme des usagers\u00a0Dreux-Paris. - AUPADRE\",\"isPartOf\":{\"@id\":\"http:\\\/\\\/www.aupadre.fr\\\/#website\"},\"datePublished\":\"2025-04-16T20:57:34+00:00\",\"dateModified\":\"2025-08-30T07:57:12+00:00\",\"author\":{\"@id\":\"http:\\\/\\\/www.aupadre.fr\\\/#\\\/schema\\\/person\\\/db4d87c6fbb26c6d9a4e237375f5d83e\"},\"breadcrumb\":{\"@id\":\"https:\\\/\\\/www.aupadre.fr\\\/?p=2049#breadcrumb\"},\"inLanguage\":\"fr-FR\",\"potentialAction\":[{\"@type\":\"ReadAction\",\"target\":[\"https:\\\/\\\/www.aupadre.fr\\\/?p=2049\"]}]},{\"@type\":\"BreadcrumbList\",\"@id\":\"https:\\\/\\\/www.aupadre.fr\\\/?p=2049#breadcrumb\",\"itemListElement\":[{\"@type\":\"ListItem\",\"position\":1,\"name\":\"Accueil\",\"item\":\"http:\\\/\\\/www.aupadre.fr\\\/\"},{\"@type\":\"ListItem\",\"position\":2,\"name\":\"Quand \u00ab\u00a0transport collectif\u00a0\u00bb rime avec supplice : le cri d&rsquo;alarme des usagers\u00a0Dreux-Paris.\"}]},{\"@type\":\"WebSite\",\"@id\":\"http:\\\/\\\/www.aupadre.fr\\\/#website\",\"url\":\"http:\\\/\\\/www.aupadre.fr\\\/\",\"name\":\"AUPADRE\",\"description\":\"Vogue la Gal\u00e8re sur les Rails !!!\",\"potentialAction\":[{\"@type\":\"SearchAction\",\"target\":{\"@type\":\"EntryPoint\",\"urlTemplate\":\"http:\\\/\\\/www.aupadre.fr\\\/?s={search_term_string}\"},\"query-input\":{\"@type\":\"PropertyValueSpecification\",\"valueRequired\":true,\"valueName\":\"search_term_string\"}}],\"inLanguage\":\"fr-FR\"},{\"@type\":\"Person\",\"@id\":\"http:\\\/\\\/www.aupadre.fr\\\/#\\\/schema\\\/person\\\/db4d87c6fbb26c6d9a4e237375f5d83e\",\"name\":\"Fabien\",\"image\":{\"@type\":\"ImageObject\",\"inLanguage\":\"fr-FR\",\"@id\":\"https:\\\/\\\/secure.gravatar.com\\\/avatar\\\/d943f65fd2537cf6aec449879a9731879e9ebbdda2bc93a987723c63ce270bf7?s=96&r=g\",\"url\":\"https:\\\/\\\/secure.gravatar.com\\\/avatar\\\/d943f65fd2537cf6aec449879a9731879e9ebbdda2bc93a987723c63ce270bf7?s=96&r=g\",\"contentUrl\":\"https:\\\/\\\/secure.gravatar.com\\\/avatar\\\/d943f65fd2537cf6aec449879a9731879e9ebbdda2bc93a987723c63ce270bf7?s=96&r=g\",\"caption\":\"Fabien\"},\"url\":\"https:\\\/\\\/www.aupadre.fr\\\/?author=3\"}]}<\/script>\n<!-- \/ Yoast SEO plugin. -->","yoast_head_json":{"title":"Quand \"transport collectif\" rime avec supplice : le cri d'alarme des usagers\u00a0Dreux-Paris. - AUPADRE","robots":{"index":"index","follow":"follow","max-snippet":"max-snippet:-1","max-image-preview":"max-image-preview:large","max-video-preview":"max-video-preview:-1"},"canonical":"https:\/\/www.aupadre.fr\/?p=2049","og_locale":"fr_FR","og_type":"article","og_title":"Quand \"transport collectif\" rime avec supplice : le cri d'alarme des usagers\u00a0Dreux-Paris. - AUPADRE","og_description":"Nous vous faisons suivre le courrier qu&rsquo;Aupadre a transmis vendredi 11 avril \u00e0 la pr\u00e9sidente de r\u00e9gion IDF, pr\u00e9sidente \u00e9galement du Syndicat des Transports d&rsquo;Ile-de-France et donc d\u00e9cisionnaire pour nos transports collectifs de demain (pour 2027-2030). Il appara\u00eet clairement que&hellip;","og_url":"https:\/\/www.aupadre.fr\/?p=2049","og_site_name":"AUPADRE","article_published_time":"2025-04-16T20:57:34+00:00","article_modified_time":"2025-08-30T07:57:12+00:00","author":"Fabien","twitter_card":"summary_large_image","twitter_misc":{"\u00c9crit par":"Fabien","Dur\u00e9e de lecture estim\u00e9e":"1 minute"},"schema":{"@context":"https:\/\/schema.org","@graph":[{"@type":"Article","@id":"https:\/\/www.aupadre.fr\/?p=2049#article","isPartOf":{"@id":"https:\/\/www.aupadre.fr\/?p=2049"},"author":{"name":"Fabien","@id":"http:\/\/www.aupadre.fr\/#\/schema\/person\/db4d87c6fbb26c6d9a4e237375f5d83e"},"headline":"Quand \u00ab\u00a0transport collectif\u00a0\u00bb rime avec supplice : le cri d&rsquo;alarme des usagers\u00a0Dreux-Paris.","datePublished":"2025-04-16T20:57:34+00:00","dateModified":"2025-08-30T07:57:12+00:00","mainEntityOfPage":{"@id":"https:\/\/www.aupadre.fr\/?p=2049"},"wordCount":248,"commentCount":0,"articleSection":["Actions en cours"],"inLanguage":"fr-FR","potentialAction":[{"@type":"CommentAction","name":"Comment","target":["https:\/\/www.aupadre.fr\/?p=2049#respond"]}]},{"@type":"WebPage","@id":"https:\/\/www.aupadre.fr\/?p=2049","url":"https:\/\/www.aupadre.fr\/?p=2049","name":"Quand \"transport collectif\" rime avec supplice : le cri d'alarme des usagers\u00a0Dreux-Paris. - AUPADRE","isPartOf":{"@id":"http:\/\/www.aupadre.fr\/#website"},"datePublished":"2025-04-16T20:57:34+00:00","dateModified":"2025-08-30T07:57:12+00:00","author":{"@id":"http:\/\/www.aupadre.fr\/#\/schema\/person\/db4d87c6fbb26c6d9a4e237375f5d83e"},"breadcrumb":{"@id":"https:\/\/www.aupadre.fr\/?p=2049#breadcrumb"},"inLanguage":"fr-FR","potentialAction":[{"@type":"ReadAction","target":["https:\/\/www.aupadre.fr\/?p=2049"]}]},{"@type":"BreadcrumbList","@id":"https:\/\/www.aupadre.fr\/?p=2049#breadcrumb","itemListElement":[{"@type":"ListItem","position":1,"name":"Accueil","item":"http:\/\/www.aupadre.fr\/"},{"@type":"ListItem","position":2,"name":"Quand \u00ab\u00a0transport collectif\u00a0\u00bb rime avec supplice : le cri d&rsquo;alarme des usagers\u00a0Dreux-Paris."}]},{"@type":"WebSite","@id":"http:\/\/www.aupadre.fr\/#website","url":"http:\/\/www.aupadre.fr\/","name":"AUPADRE","description":"Vogue la Gal\u00e8re sur les Rails !!!","potentialAction":[{"@type":"SearchAction","target":{"@type":"EntryPoint","urlTemplate":"http:\/\/www.aupadre.fr\/?s={search_term_string}"},"query-input":{"@type":"PropertyValueSpecification","valueRequired":true,"valueName":"search_term_string"}}],"inLanguage":"fr-FR"},{"@type":"Person","@id":"http:\/\/www.aupadre.fr\/#\/schema\/person\/db4d87c6fbb26c6d9a4e237375f5d83e","name":"Fabien","image":{"@type":"ImageObject","inLanguage":"fr-FR","@id":"https:\/\/secure.gravatar.com\/avatar\/d943f65fd2537cf6aec449879a9731879e9ebbdda2bc93a987723c63ce270bf7?s=96&r=g","url":"https:\/\/secure.gravatar.com\/avatar\/d943f65fd2537cf6aec449879a9731879e9ebbdda2bc93a987723c63ce270bf7?s=96&r=g","contentUrl":"https:\/\/secure.gravatar.com\/avatar\/d943f65fd2537cf6aec449879a9731879e9ebbdda2bc93a987723c63ce270bf7?s=96&r=g","caption":"Fabien"},"url":"https:\/\/www.aupadre.fr\/?author=3"}]}},"_links":{"self":[{"href":"https:\/\/www.aupadre.fr\/index.php?rest_route=\/wp\/v2\/posts\/2049","targetHints":{"allow":["GET"]}}],"collection":[{"href":"https:\/\/www.aupadre.fr\/index.php?rest_route=\/wp\/v2\/posts"}],"about":[{"href":"https:\/\/www.aupadre.fr\/index.php?rest_route=\/wp\/v2\/types\/post"}],"author":[{"embeddable":true,"href":"https:\/\/www.aupadre.fr\/index.php?rest_route=\/wp\/v2\/users\/3"}],"replies":[{"embeddable":true,"href":"https:\/\/www.aupadre.fr\/index.php?rest_route=%2Fwp%2Fv2%2Fcomments&post=2049"}],"version-history":[{"count":11,"href":"https:\/\/www.aupadre.fr\/index.php?rest_route=\/wp\/v2\/posts\/2049\/revisions"}],"predecessor-version":[{"id":2088,"href":"https:\/\/www.aupadre.fr\/index.php?rest_route=\/wp\/v2\/posts\/2049\/revisions\/2088"}],"wp:attachment":[{"href":"https:\/\/www.aupadre.fr\/index.php?rest_route=%2Fwp%2Fv2%2Fmedia&parent=2049"}],"wp:term":[{"taxonomy":"category","embeddable":true,"href":"https:\/\/www.aupadre.fr\/index.php?rest_route=%2Fwp%2Fv2%2Fcategories&post=2049"},{"taxonomy":"post_tag","embeddable":true,"href":"https:\/\/www.aupadre.fr\/index.php?rest_route=%2Fwp%2Fv2%2Ftags&post=2049"}],"curies":[{"name":"wp","href":"https:\/\/api.w.org\/{rel}","templated":true}]}}