{"id":2034,"date":"2025-03-24T14:55:48","date_gmt":"2025-03-24T13:55:48","guid":{"rendered":"https:\/\/www.aupadre.fr\/?p=2034"},"modified":"2025-09-19T09:01:31","modified_gmt":"2025-09-19T07:01:31","slug":"abandon-de-la-ligne-n-et-des-yvelinois-eloignes","status":"publish","type":"post","link":"https:\/\/www.aupadre.fr\/?p=2034","title":{"rendered":"Abandon de la Ligne N &#8230; et des yvelinois \u00e9loign\u00e9s"},"content":{"rendered":"\n<p>Comment \u00e9voquer sur le site de consultation d&rsquo;IDFM la d\u00e9sh\u00e9rence de la population du fond des Yvelines exclusivement desservie vers Paris par une ligne de train nomm\u00e9e N, terriblement malthusienne, notamment entre Plaisir grignon et Dreux ?<br>Il faut reconna\u00eetre que la raret\u00e9 du service, la multiplicit\u00e9 des travaux de fin de journ\u00e9e, les ruptures \u00e9lectriques, les dysfonctionnements de passages \u00e0 niveaux ou d&rsquo;aiguillage et les manquements r\u00e9p\u00e9t\u00e9s \u00e0 la r\u00e9gularit\u00e9 de service ont entrain\u00e9 un abandon des transports en commun par les plus ais\u00e9s, des pertes d&#8217;emploi et de l&rsquo;\u00e9puisement pour les plus petites CSP* qui passent parfois 4 heures de leur vie par jour pour rallier leurs emplois.<br>Il faut avouer que les \u00e9tudiants les moins riches qui ne peuvent pas trouver ais\u00e9ment \u00e0 se loger finissent par abandonner leurs \u00e9tudes.<br>Il faut mesurer que cette population paie aussi des imp\u00f4ts, mais n&rsquo;obtient plus le service en retour.<br>Il faut assumer que cette offre de transport dite \u00ab\u00a0publique\u00a0\u00bb confine \u00e0 la perte de chance et \u00e0 la rel\u00e9gation dans des territoires sans avenir.<\/p>\n\n\n\n<p>Les enjeux pour les habitants sont multiples : acc\u00e8s au travail, acc\u00e8s aux \u00e9tudes, aux soins, \u00e0 la culture, aux proches.<br>Les enjeux pour les entreprises qui restent \u00e0 proximit\u00e9 sont \u00e9normes, p\u00e9nalis\u00e9es par les difficult\u00e9s de recrutement et des abandons de poste, tant ces migrations pendulaires sont lourdes.<br>Les enjeux pour les \u00e9lus de proximit\u00e9 sont consid\u00e9rables, qui peinent \u00e0 entretenir ce tissu \u00e9conomique et voient grossir la fr\u00e9quentation de leurs bureaux de l&#8217;emploi, de leur Mission Locale, de leur CCAS, quand il ne reste plus que la solidarit\u00e9 pour pallier l&rsquo;insuffisance d&rsquo;un service digne de ce nom.<br>Et que dire aussi du co\u00fbt sur la s\u00e9curit\u00e9 sociale que font peser 20 ans d&rsquo;aller et retours, \u00e0 raison de 3 \u00e0 4 heures par jour, dans des trains si peu nombreux qu&rsquo;il n&rsquo;est plus possible de s&rsquo;y asseoir correctement en heure de pointe. Entre le stress des retards et des suppressions et l&rsquo;ampleur des TMS*, combien co\u00fbte \u00e0 la collectivit\u00e9 cette faiblesse des ambitions ?<br>Comment ne pas \u00e9couter le profond sentiment que ressent la population au regard de cette rel\u00e9gation ?<br>Comment peut-on accepter de ne pas r\u00e9pondre \u00e0 ce point aux enjeux \u00e9cologiques auxquels ces transports doivent r\u00e9pondre ?<\/p>\n\n\n\n<p>Face \u00e0 cette m\u00e9diocrit\u00e9, et au redoutable sous-dimensionnement de l&rsquo;offre de transport en commun aujourd&rsquo;hui dans ces territoires p\u00e9riph\u00e9riques si peu desservis, Aupadre plaide pour un programme ambitieux, porteur d&rsquo;espoir pour ses habitants, ses jeunes et son avenir.<br>Il appartient \u00e0 la collectivit\u00e9 publique de prendre en compte l&rsquo;expansion d\u00e9mographique et non plus le seul taux de fr\u00e9quentation actuel de la ligne qui n&rsquo;atteste que du renoncement des populations les moins captives.<br>Il importe qu&rsquo;elle s&rsquo;oriente vers un d\u00e9senclavement r\u00e9el, \u00e0 la hauteur des besoins :<br>&#8211; ce d\u00e9senclavement passe par le n\u00e9cessaire respect par les op\u00e9rateurs de transport des horaires annonc\u00e9s et par le respect des travailleurs qui finissent si tard qu&rsquo;il n&rsquo;y a plus d&rsquo;offre pour eux, comme par la reconnaissance qu&rsquo;il peut exister une vie le week-end ;<br>&#8211; il passe par la recherche de solutions de transports alternatives \u00e0 l&rsquo;unicit\u00e9 d&rsquo;une ligne, par des trajectoires transversales aujourd&rsquo;hui inexistantes, par une multimodalit\u00e9 qui ne soit pas qu&rsquo;incantatoire ou pure caution du fait de son insuffisance ;<br>&#8211; il appelle des choix ambitieux pour rallier les petites communes les plus \u00e9loign\u00e9es des gares (transport \u00e0 la demande hors des lignes usuelles et dans des plages horaires compatibles avec les besoins, ce qui n&rsquo;est pas le cas aujourd\u2019hui, taxis collectifs, multiplication des lignes douces et s\u00e9curisation des parcs mat\u00e9riels aux alentours des gares, gratuit\u00e9 des stationnements pour inciter \u00e0 renoncer aux v\u00e9hicules personnels, accroissement drastique des fr\u00e9quences des trains et des flux)&#8230;<br>&#8211; il requiert un travail \u00e9troit avec les entreprises et les collectivit\u00e9s locales, travail qui n&rsquo;existe plus aujourd&rsquo;hui, pour explorer les solutions innovantes et r\u00e9ellement adapt\u00e9es aux r\u00e9alit\u00e9s locales et rechercher si n\u00e9cessaire les co-financement ;<br>&#8211; Il n\u00e9cessite du courage politique en p\u00e9nalisant enfin, y compris financi\u00e8rement, l&rsquo;usage des v\u00e9hicules personnels, polluant, d\u00e8s lors que cette offre sera suffisante.<\/p>\n\n\n\n<p>Aupadre appelle ainsi l&rsquo;attention des collectivit\u00e9s d\u00e9cideuses pour faire en sorte que cesse cette rel\u00e9gation trop longtemps \u00e0 l&rsquo;\u0153uvre. Celle qui conduit non seulement \u00e0 un sentiment d&rsquo;abandon mais aussi \u00e0 occuper des ronds-points, ce sentiment diffus mais profond qui conduit \u00e0 vouloir faire confiance \u00e0 d&rsquo;autres orientations politiques que celles qui ont \u00e9t\u00e9 \u00e0 la man\u0153uvre durant des d\u00e9cennies et les ont oubli\u00e9s.<br>Aupadre en appelle ainsi \u00e0 cette consultation pour prendre enfin en compte les besoins au r\u00e9el : <a href=\"https:\/\/www.registre-numerique.fr\/pdmif2030\/deposer-son-observation\" title=\"\">SITE DE CONSULTATION D&rsquo;IDFM<\/a><\/p>\n","protected":false},"excerpt":{"rendered":"<p>Comment \u00e9voquer sur le site de consultation d&rsquo;IDFM la d\u00e9sh\u00e9rence de la population du fond des Yvelines exclusivement desservie vers Paris par une ligne de train nomm\u00e9e N, terriblement malthusienne, notamment entre Plaisir grignon et Dreux ?Il faut reconna\u00eetre que&hellip; <\/p>\n","protected":false},"author":2,"featured_media":0,"comment_status":"open","ping_status":"open","sticky":false,"template":"","format":"standard","meta":{"_monsterinsights_skip_tracking":false,"_monsterinsights_sitenote_active":false,"_monsterinsights_sitenote_note":"","_monsterinsights_sitenote_category":0,"footnotes":""},"categories":[1],"tags":[181,55,50,33],"class_list":["post-2034","post","type-post","status-publish","format-standard","hentry","category-actions-encours","tag-181","tag-dysfonctionnement","tag-elus","tag-ligne-n"],"yoast_head":"<!-- This site is optimized with the Yoast SEO plugin v27.5 - https:\/\/yoast.com\/product\/yoast-seo-wordpress\/ -->\n<title>Abandon de la Ligne N ... et des yvelinois \u00e9loign\u00e9s - AUPADRE<\/title>\n<meta name=\"robots\" content=\"index, follow, max-snippet:-1, max-image-preview:large, max-video-preview:-1\" \/>\n<link rel=\"canonical\" href=\"https:\/\/www.aupadre.fr\/?p=2034\" \/>\n<meta property=\"og:locale\" content=\"fr_FR\" \/>\n<meta property=\"og:type\" content=\"article\" \/>\n<meta property=\"og:title\" content=\"Abandon de la Ligne N ... et des yvelinois \u00e9loign\u00e9s - AUPADRE\" \/>\n<meta property=\"og:description\" content=\"Comment \u00e9voquer sur le site de consultation d&rsquo;IDFM la d\u00e9sh\u00e9rence de la population du fond des Yvelines exclusivement desservie vers Paris par une ligne de train nomm\u00e9e N, terriblement malthusienne, notamment entre Plaisir grignon et Dreux ?Il faut reconna\u00eetre que&hellip;\" \/>\n<meta property=\"og:url\" content=\"https:\/\/www.aupadre.fr\/?p=2034\" \/>\n<meta property=\"og:site_name\" content=\"AUPADRE\" \/>\n<meta property=\"article:published_time\" content=\"2025-03-24T13:55:48+00:00\" \/>\n<meta property=\"article:modified_time\" content=\"2025-09-19T07:01:31+00:00\" \/>\n<meta name=\"author\" content=\"Xavier\" \/>\n<meta name=\"twitter:card\" content=\"summary_large_image\" \/>\n<meta name=\"twitter:label1\" content=\"\u00c9crit par\" \/>\n\t<meta name=\"twitter:data1\" content=\"Xavier\" \/>\n\t<meta name=\"twitter:label2\" content=\"Dur\u00e9e de lecture estim\u00e9e\" \/>\n\t<meta name=\"twitter:data2\" content=\"4 minutes\" \/>\n<script type=\"application\/ld+json\" class=\"yoast-schema-graph\">{\"@context\":\"https:\\\/\\\/schema.org\",\"@graph\":[{\"@type\":\"Article\",\"@id\":\"https:\\\/\\\/www.aupadre.fr\\\/?p=2034#article\",\"isPartOf\":{\"@id\":\"https:\\\/\\\/www.aupadre.fr\\\/?p=2034\"},\"author\":{\"name\":\"Xavier\",\"@id\":\"http:\\\/\\\/www.aupadre.fr\\\/#\\\/schema\\\/person\\\/a4d65d0845eb7504e7ac0d30b04fc724\"},\"headline\":\"Abandon de la Ligne N &#8230; et des yvelinois \u00e9loign\u00e9s\",\"datePublished\":\"2025-03-24T13:55:48+00:00\",\"dateModified\":\"2025-09-19T07:01:31+00:00\",\"mainEntityOfPage\":{\"@id\":\"https:\\\/\\\/www.aupadre.fr\\\/?p=2034\"},\"wordCount\":834,\"commentCount\":0,\"keywords\":[\"2025\",\"Dysfonctionnement\",\"\u00c9lus\",\"ligne N\"],\"articleSection\":[\"Actions en cours\"],\"inLanguage\":\"fr-FR\",\"potentialAction\":[{\"@type\":\"CommentAction\",\"name\":\"Comment\",\"target\":[\"https:\\\/\\\/www.aupadre.fr\\\/?p=2034#respond\"]}]},{\"@type\":\"WebPage\",\"@id\":\"https:\\\/\\\/www.aupadre.fr\\\/?p=2034\",\"url\":\"https:\\\/\\\/www.aupadre.fr\\\/?p=2034\",\"name\":\"Abandon de la Ligne N ... et des yvelinois \u00e9loign\u00e9s - AUPADRE\",\"isPartOf\":{\"@id\":\"http:\\\/\\\/www.aupadre.fr\\\/#website\"},\"datePublished\":\"2025-03-24T13:55:48+00:00\",\"dateModified\":\"2025-09-19T07:01:31+00:00\",\"author\":{\"@id\":\"http:\\\/\\\/www.aupadre.fr\\\/#\\\/schema\\\/person\\\/a4d65d0845eb7504e7ac0d30b04fc724\"},\"breadcrumb\":{\"@id\":\"https:\\\/\\\/www.aupadre.fr\\\/?p=2034#breadcrumb\"},\"inLanguage\":\"fr-FR\",\"potentialAction\":[{\"@type\":\"ReadAction\",\"target\":[\"https:\\\/\\\/www.aupadre.fr\\\/?p=2034\"]}]},{\"@type\":\"BreadcrumbList\",\"@id\":\"https:\\\/\\\/www.aupadre.fr\\\/?p=2034#breadcrumb\",\"itemListElement\":[{\"@type\":\"ListItem\",\"position\":1,\"name\":\"Accueil\",\"item\":\"http:\\\/\\\/www.aupadre.fr\\\/\"},{\"@type\":\"ListItem\",\"position\":2,\"name\":\"Abandon de la Ligne N &#8230; et des yvelinois \u00e9loign\u00e9s\"}]},{\"@type\":\"WebSite\",\"@id\":\"http:\\\/\\\/www.aupadre.fr\\\/#website\",\"url\":\"http:\\\/\\\/www.aupadre.fr\\\/\",\"name\":\"AUPADRE\",\"description\":\"Vogue la Gal\u00e8re sur les Rails !!!\",\"potentialAction\":[{\"@type\":\"SearchAction\",\"target\":{\"@type\":\"EntryPoint\",\"urlTemplate\":\"http:\\\/\\\/www.aupadre.fr\\\/?s={search_term_string}\"},\"query-input\":{\"@type\":\"PropertyValueSpecification\",\"valueRequired\":true,\"valueName\":\"search_term_string\"}}],\"inLanguage\":\"fr-FR\"},{\"@type\":\"Person\",\"@id\":\"http:\\\/\\\/www.aupadre.fr\\\/#\\\/schema\\\/person\\\/a4d65d0845eb7504e7ac0d30b04fc724\",\"name\":\"Xavier\",\"image\":{\"@type\":\"ImageObject\",\"inLanguage\":\"fr-FR\",\"@id\":\"https:\\\/\\\/secure.gravatar.com\\\/avatar\\\/ffb6d5ada7569959161d7e666c264373bd0a900188ef369643d330e156b456fa?s=96&r=g\",\"url\":\"https:\\\/\\\/secure.gravatar.com\\\/avatar\\\/ffb6d5ada7569959161d7e666c264373bd0a900188ef369643d330e156b456fa?s=96&r=g\",\"contentUrl\":\"https:\\\/\\\/secure.gravatar.com\\\/avatar\\\/ffb6d5ada7569959161d7e666c264373bd0a900188ef369643d330e156b456fa?s=96&r=g\",\"caption\":\"Xavier\"},\"url\":\"https:\\\/\\\/www.aupadre.fr\\\/?author=2\"}]}<\/script>\n<!-- \/ Yoast SEO plugin. -->","yoast_head_json":{"title":"Abandon de la Ligne N ... et des yvelinois \u00e9loign\u00e9s - AUPADRE","robots":{"index":"index","follow":"follow","max-snippet":"max-snippet:-1","max-image-preview":"max-image-preview:large","max-video-preview":"max-video-preview:-1"},"canonical":"https:\/\/www.aupadre.fr\/?p=2034","og_locale":"fr_FR","og_type":"article","og_title":"Abandon de la Ligne N ... et des yvelinois \u00e9loign\u00e9s - AUPADRE","og_description":"Comment \u00e9voquer sur le site de consultation d&rsquo;IDFM la d\u00e9sh\u00e9rence de la population du fond des Yvelines exclusivement desservie vers Paris par une ligne de train nomm\u00e9e N, terriblement malthusienne, notamment entre Plaisir grignon et Dreux ?Il faut reconna\u00eetre que&hellip;","og_url":"https:\/\/www.aupadre.fr\/?p=2034","og_site_name":"AUPADRE","article_published_time":"2025-03-24T13:55:48+00:00","article_modified_time":"2025-09-19T07:01:31+00:00","author":"Xavier","twitter_card":"summary_large_image","twitter_misc":{"\u00c9crit par":"Xavier","Dur\u00e9e de lecture estim\u00e9e":"4 minutes"},"schema":{"@context":"https:\/\/schema.org","@graph":[{"@type":"Article","@id":"https:\/\/www.aupadre.fr\/?p=2034#article","isPartOf":{"@id":"https:\/\/www.aupadre.fr\/?p=2034"},"author":{"name":"Xavier","@id":"http:\/\/www.aupadre.fr\/#\/schema\/person\/a4d65d0845eb7504e7ac0d30b04fc724"},"headline":"Abandon de la Ligne N &#8230; et des yvelinois \u00e9loign\u00e9s","datePublished":"2025-03-24T13:55:48+00:00","dateModified":"2025-09-19T07:01:31+00:00","mainEntityOfPage":{"@id":"https:\/\/www.aupadre.fr\/?p=2034"},"wordCount":834,"commentCount":0,"keywords":["2025","Dysfonctionnement","\u00c9lus","ligne N"],"articleSection":["Actions en cours"],"inLanguage":"fr-FR","potentialAction":[{"@type":"CommentAction","name":"Comment","target":["https:\/\/www.aupadre.fr\/?p=2034#respond"]}]},{"@type":"WebPage","@id":"https:\/\/www.aupadre.fr\/?p=2034","url":"https:\/\/www.aupadre.fr\/?p=2034","name":"Abandon de la Ligne N ... et des yvelinois \u00e9loign\u00e9s - AUPADRE","isPartOf":{"@id":"http:\/\/www.aupadre.fr\/#website"},"datePublished":"2025-03-24T13:55:48+00:00","dateModified":"2025-09-19T07:01:31+00:00","author":{"@id":"http:\/\/www.aupadre.fr\/#\/schema\/person\/a4d65d0845eb7504e7ac0d30b04fc724"},"breadcrumb":{"@id":"https:\/\/www.aupadre.fr\/?p=2034#breadcrumb"},"inLanguage":"fr-FR","potentialAction":[{"@type":"ReadAction","target":["https:\/\/www.aupadre.fr\/?p=2034"]}]},{"@type":"BreadcrumbList","@id":"https:\/\/www.aupadre.fr\/?p=2034#breadcrumb","itemListElement":[{"@type":"ListItem","position":1,"name":"Accueil","item":"http:\/\/www.aupadre.fr\/"},{"@type":"ListItem","position":2,"name":"Abandon de la Ligne N &#8230; et des yvelinois \u00e9loign\u00e9s"}]},{"@type":"WebSite","@id":"http:\/\/www.aupadre.fr\/#website","url":"http:\/\/www.aupadre.fr\/","name":"AUPADRE","description":"Vogue la Gal\u00e8re sur les Rails !!!","potentialAction":[{"@type":"SearchAction","target":{"@type":"EntryPoint","urlTemplate":"http:\/\/www.aupadre.fr\/?s={search_term_string}"},"query-input":{"@type":"PropertyValueSpecification","valueRequired":true,"valueName":"search_term_string"}}],"inLanguage":"fr-FR"},{"@type":"Person","@id":"http:\/\/www.aupadre.fr\/#\/schema\/person\/a4d65d0845eb7504e7ac0d30b04fc724","name":"Xavier","image":{"@type":"ImageObject","inLanguage":"fr-FR","@id":"https:\/\/secure.gravatar.com\/avatar\/ffb6d5ada7569959161d7e666c264373bd0a900188ef369643d330e156b456fa?s=96&r=g","url":"https:\/\/secure.gravatar.com\/avatar\/ffb6d5ada7569959161d7e666c264373bd0a900188ef369643d330e156b456fa?s=96&r=g","contentUrl":"https:\/\/secure.gravatar.com\/avatar\/ffb6d5ada7569959161d7e666c264373bd0a900188ef369643d330e156b456fa?s=96&r=g","caption":"Xavier"},"url":"https:\/\/www.aupadre.fr\/?author=2"}]}},"_links":{"self":[{"href":"https:\/\/www.aupadre.fr\/index.php?rest_route=\/wp\/v2\/posts\/2034","targetHints":{"allow":["GET"]}}],"collection":[{"href":"https:\/\/www.aupadre.fr\/index.php?rest_route=\/wp\/v2\/posts"}],"about":[{"href":"https:\/\/www.aupadre.fr\/index.php?rest_route=\/wp\/v2\/types\/post"}],"author":[{"embeddable":true,"href":"https:\/\/www.aupadre.fr\/index.php?rest_route=\/wp\/v2\/users\/2"}],"replies":[{"embeddable":true,"href":"https:\/\/www.aupadre.fr\/index.php?rest_route=%2Fwp%2Fv2%2Fcomments&post=2034"}],"version-history":[{"count":3,"href":"https:\/\/www.aupadre.fr\/index.php?rest_route=\/wp\/v2\/posts\/2034\/revisions"}],"predecessor-version":[{"id":2039,"href":"https:\/\/www.aupadre.fr\/index.php?rest_route=\/wp\/v2\/posts\/2034\/revisions\/2039"}],"wp:attachment":[{"href":"https:\/\/www.aupadre.fr\/index.php?rest_route=%2Fwp%2Fv2%2Fmedia&parent=2034"}],"wp:term":[{"taxonomy":"category","embeddable":true,"href":"https:\/\/www.aupadre.fr\/index.php?rest_route=%2Fwp%2Fv2%2Fcategories&post=2034"},{"taxonomy":"post_tag","embeddable":true,"href":"https:\/\/www.aupadre.fr\/index.php?rest_route=%2Fwp%2Fv2%2Ftags&post=2034"}],"curies":[{"name":"wp","href":"https:\/\/api.w.org\/{rel}","templated":true}]}}