{"id":1985,"date":"2025-01-13T14:53:37","date_gmt":"2025-01-13T13:53:37","guid":{"rendered":"http:\/\/www.aupadre.fr\/?p=1985"},"modified":"2025-01-13T20:08:40","modified_gmt":"2025-01-13T19:08:40","slug":"ligne-n-vers-des-mobilites-douces","status":"publish","type":"post","link":"https:\/\/www.aupadre.fr\/?p=1985","title":{"rendered":"Enqu\u00eate sur l&rsquo;usage du train (ligne N, U, C.. ) et les mobilit\u00e9s douces aujourd&rsquo;hui"},"content":{"rendered":"\n<p>Cette enqu\u00eate est importante pour nous permettre de mesurer les trajets des habitants des Yvelines et du Drouais, quotidiens ou non, leur longueur, vos contraintes et besoins et, plus largement, nous permettre d&rsquo;exposer le plus factuellement possible ce que vit la population aupr\u00e8s des financeurs. C&rsquo;est d&rsquo;autant plus important que se profile un risque d&rsquo;allongement des parcours domicile travail\/\u00e9tudes, etc., dans un contexte qui appelle des choix budg\u00e9taires.<br>Donc, pour mieux prendre en compte les besoins, nous vous remercions tous de votre r\u00e9ponse \u00e0 l&rsquo;enqu\u00eate.<br>N&rsquo;h\u00e9sitez pas non plus \u00e0 la diffuser largement.<\/p>\n\n\n\n<p><a href=\"https:\/\/forms.gle\/JPWSXDVv8gbCwhrVA\">https:\/\/forms.gle\/JPWSXDVv8gbCwhrVA<\/a><\/p>\n","protected":false},"excerpt":{"rendered":"<p>Cette enqu\u00eate est importante pour nous permettre de mesurer les trajets des habitants des Yvelines et du Drouais, quotidiens ou non, leur longueur, vos contraintes et besoins et, plus largement, nous permettre d&rsquo;exposer le plus factuellement possible ce que vit&hellip; <\/p>\n","protected":false},"author":2,"featured_media":0,"comment_status":"open","ping_status":"open","sticky":false,"template":"","format":"standard","meta":{"_monsterinsights_skip_tracking":false,"_monsterinsights_sitenote_active":false,"_monsterinsights_sitenote_note":"","_monsterinsights_sitenote_category":0,"footnotes":""},"categories":[1],"tags":[],"class_list":["post-1985","post","type-post","status-publish","format-standard","hentry","category-actions-encours"],"yoast_head":"<!-- This site is optimized with the Yoast SEO plugin v27.5 - https:\/\/yoast.com\/product\/yoast-seo-wordpress\/ -->\n<title>Enqu\u00eate sur l&#039;usage du train (ligne N, U, C.. ) et les mobilit\u00e9s douces aujourd&#039;hui - AUPADRE<\/title>\n<meta name=\"robots\" content=\"index, follow, max-snippet:-1, max-image-preview:large, max-video-preview:-1\" \/>\n<link rel=\"canonical\" href=\"https:\/\/www.aupadre.fr\/?p=1985\" \/>\n<meta property=\"og:locale\" content=\"fr_FR\" \/>\n<meta property=\"og:type\" content=\"article\" \/>\n<meta property=\"og:title\" content=\"Enqu\u00eate sur l&#039;usage du train (ligne N, U, C.. ) et les mobilit\u00e9s douces aujourd&#039;hui - AUPADRE\" \/>\n<meta property=\"og:description\" content=\"Cette enqu\u00eate est importante pour nous permettre de mesurer les trajets des habitants des Yvelines et du Drouais, quotidiens ou non, leur longueur, vos contraintes et besoins et, plus largement, nous permettre d&rsquo;exposer le plus factuellement possible ce que vit&hellip;\" \/>\n<meta property=\"og:url\" content=\"https:\/\/www.aupadre.fr\/?p=1985\" \/>\n<meta property=\"og:site_name\" content=\"AUPADRE\" \/>\n<meta property=\"article:published_time\" content=\"2025-01-13T13:53:37+00:00\" \/>\n<meta property=\"article:modified_time\" content=\"2025-01-13T19:08:40+00:00\" \/>\n<meta name=\"author\" content=\"Xavier\" \/>\n<meta name=\"twitter:card\" content=\"summary_large_image\" \/>\n<meta name=\"twitter:label1\" content=\"\u00c9crit par\" \/>\n\t<meta name=\"twitter:data1\" content=\"Xavier\" \/>\n\t<meta name=\"twitter:label2\" content=\"Dur\u00e9e de lecture estim\u00e9e\" \/>\n\t<meta name=\"twitter:data2\" content=\"1 minute\" \/>\n<script type=\"application\/ld+json\" class=\"yoast-schema-graph\">{\"@context\":\"https:\\\/\\\/schema.org\",\"@graph\":[{\"@type\":\"Article\",\"@id\":\"https:\\\/\\\/www.aupadre.fr\\\/?p=1985#article\",\"isPartOf\":{\"@id\":\"https:\\\/\\\/www.aupadre.fr\\\/?p=1985\"},\"author\":{\"name\":\"Xavier\",\"@id\":\"http:\\\/\\\/www.aupadre.fr\\\/#\\\/schema\\\/person\\\/a4d65d0845eb7504e7ac0d30b04fc724\"},\"headline\":\"Enqu\u00eate sur l&rsquo;usage du train (ligne N, U, C.. ) et les mobilit\u00e9s douces aujourd&rsquo;hui\",\"datePublished\":\"2025-01-13T13:53:37+00:00\",\"dateModified\":\"2025-01-13T19:08:40+00:00\",\"mainEntityOfPage\":{\"@id\":\"https:\\\/\\\/www.aupadre.fr\\\/?p=1985\"},\"wordCount\":127,\"commentCount\":4,\"articleSection\":[\"Actions en cours\"],\"inLanguage\":\"fr-FR\",\"potentialAction\":[{\"@type\":\"CommentAction\",\"name\":\"Comment\",\"target\":[\"https:\\\/\\\/www.aupadre.fr\\\/?p=1985#respond\"]}]},{\"@type\":\"WebPage\",\"@id\":\"https:\\\/\\\/www.aupadre.fr\\\/?p=1985\",\"url\":\"https:\\\/\\\/www.aupadre.fr\\\/?p=1985\",\"name\":\"Enqu\u00eate sur l'usage du train (ligne N, U, C.. ) et les mobilit\u00e9s douces aujourd'hui - AUPADRE\",\"isPartOf\":{\"@id\":\"http:\\\/\\\/www.aupadre.fr\\\/#website\"},\"datePublished\":\"2025-01-13T13:53:37+00:00\",\"dateModified\":\"2025-01-13T19:08:40+00:00\",\"author\":{\"@id\":\"http:\\\/\\\/www.aupadre.fr\\\/#\\\/schema\\\/person\\\/a4d65d0845eb7504e7ac0d30b04fc724\"},\"breadcrumb\":{\"@id\":\"https:\\\/\\\/www.aupadre.fr\\\/?p=1985#breadcrumb\"},\"inLanguage\":\"fr-FR\",\"potentialAction\":[{\"@type\":\"ReadAction\",\"target\":[\"https:\\\/\\\/www.aupadre.fr\\\/?p=1985\"]}]},{\"@type\":\"BreadcrumbList\",\"@id\":\"https:\\\/\\\/www.aupadre.fr\\\/?p=1985#breadcrumb\",\"itemListElement\":[{\"@type\":\"ListItem\",\"position\":1,\"name\":\"Accueil\",\"item\":\"http:\\\/\\\/www.aupadre.fr\\\/\"},{\"@type\":\"ListItem\",\"position\":2,\"name\":\"Enqu\u00eate sur l&rsquo;usage du train (ligne N, U, C.. ) et les mobilit\u00e9s douces aujourd&rsquo;hui\"}]},{\"@type\":\"WebSite\",\"@id\":\"http:\\\/\\\/www.aupadre.fr\\\/#website\",\"url\":\"http:\\\/\\\/www.aupadre.fr\\\/\",\"name\":\"AUPADRE\",\"description\":\"Vogue la Gal\u00e8re sur les Rails !!!\",\"potentialAction\":[{\"@type\":\"SearchAction\",\"target\":{\"@type\":\"EntryPoint\",\"urlTemplate\":\"http:\\\/\\\/www.aupadre.fr\\\/?s={search_term_string}\"},\"query-input\":{\"@type\":\"PropertyValueSpecification\",\"valueRequired\":true,\"valueName\":\"search_term_string\"}}],\"inLanguage\":\"fr-FR\"},{\"@type\":\"Person\",\"@id\":\"http:\\\/\\\/www.aupadre.fr\\\/#\\\/schema\\\/person\\\/a4d65d0845eb7504e7ac0d30b04fc724\",\"name\":\"Xavier\",\"image\":{\"@type\":\"ImageObject\",\"inLanguage\":\"fr-FR\",\"@id\":\"https:\\\/\\\/secure.gravatar.com\\\/avatar\\\/ffb6d5ada7569959161d7e666c264373bd0a900188ef369643d330e156b456fa?s=96&r=g\",\"url\":\"https:\\\/\\\/secure.gravatar.com\\\/avatar\\\/ffb6d5ada7569959161d7e666c264373bd0a900188ef369643d330e156b456fa?s=96&r=g\",\"contentUrl\":\"https:\\\/\\\/secure.gravatar.com\\\/avatar\\\/ffb6d5ada7569959161d7e666c264373bd0a900188ef369643d330e156b456fa?s=96&r=g\",\"caption\":\"Xavier\"},\"url\":\"https:\\\/\\\/www.aupadre.fr\\\/?author=2\"}]}<\/script>\n<!-- \/ Yoast SEO plugin. -->","yoast_head_json":{"title":"Enqu\u00eate sur l'usage du train (ligne N, U, C.. ) et les mobilit\u00e9s douces aujourd'hui - AUPADRE","robots":{"index":"index","follow":"follow","max-snippet":"max-snippet:-1","max-image-preview":"max-image-preview:large","max-video-preview":"max-video-preview:-1"},"canonical":"https:\/\/www.aupadre.fr\/?p=1985","og_locale":"fr_FR","og_type":"article","og_title":"Enqu\u00eate sur l'usage du train (ligne N, U, C.. ) et les mobilit\u00e9s douces aujourd'hui - AUPADRE","og_description":"Cette enqu\u00eate est importante pour nous permettre de mesurer les trajets des habitants des Yvelines et du Drouais, quotidiens ou non, leur longueur, vos contraintes et besoins et, plus largement, nous permettre d&rsquo;exposer le plus factuellement possible ce que vit&hellip;","og_url":"https:\/\/www.aupadre.fr\/?p=1985","og_site_name":"AUPADRE","article_published_time":"2025-01-13T13:53:37+00:00","article_modified_time":"2025-01-13T19:08:40+00:00","author":"Xavier","twitter_card":"summary_large_image","twitter_misc":{"\u00c9crit par":"Xavier","Dur\u00e9e de lecture estim\u00e9e":"1 minute"},"schema":{"@context":"https:\/\/schema.org","@graph":[{"@type":"Article","@id":"https:\/\/www.aupadre.fr\/?p=1985#article","isPartOf":{"@id":"https:\/\/www.aupadre.fr\/?p=1985"},"author":{"name":"Xavier","@id":"http:\/\/www.aupadre.fr\/#\/schema\/person\/a4d65d0845eb7504e7ac0d30b04fc724"},"headline":"Enqu\u00eate sur l&rsquo;usage du train (ligne N, U, C.. ) et les mobilit\u00e9s douces aujourd&rsquo;hui","datePublished":"2025-01-13T13:53:37+00:00","dateModified":"2025-01-13T19:08:40+00:00","mainEntityOfPage":{"@id":"https:\/\/www.aupadre.fr\/?p=1985"},"wordCount":127,"commentCount":4,"articleSection":["Actions en cours"],"inLanguage":"fr-FR","potentialAction":[{"@type":"CommentAction","name":"Comment","target":["https:\/\/www.aupadre.fr\/?p=1985#respond"]}]},{"@type":"WebPage","@id":"https:\/\/www.aupadre.fr\/?p=1985","url":"https:\/\/www.aupadre.fr\/?p=1985","name":"Enqu\u00eate sur l'usage du train (ligne N, U, C.. ) et les mobilit\u00e9s douces aujourd'hui - AUPADRE","isPartOf":{"@id":"http:\/\/www.aupadre.fr\/#website"},"datePublished":"2025-01-13T13:53:37+00:00","dateModified":"2025-01-13T19:08:40+00:00","author":{"@id":"http:\/\/www.aupadre.fr\/#\/schema\/person\/a4d65d0845eb7504e7ac0d30b04fc724"},"breadcrumb":{"@id":"https:\/\/www.aupadre.fr\/?p=1985#breadcrumb"},"inLanguage":"fr-FR","potentialAction":[{"@type":"ReadAction","target":["https:\/\/www.aupadre.fr\/?p=1985"]}]},{"@type":"BreadcrumbList","@id":"https:\/\/www.aupadre.fr\/?p=1985#breadcrumb","itemListElement":[{"@type":"ListItem","position":1,"name":"Accueil","item":"http:\/\/www.aupadre.fr\/"},{"@type":"ListItem","position":2,"name":"Enqu\u00eate sur l&rsquo;usage du train (ligne N, U, C.. ) et les mobilit\u00e9s douces aujourd&rsquo;hui"}]},{"@type":"WebSite","@id":"http:\/\/www.aupadre.fr\/#website","url":"http:\/\/www.aupadre.fr\/","name":"AUPADRE","description":"Vogue la Gal\u00e8re sur les Rails !!!","potentialAction":[{"@type":"SearchAction","target":{"@type":"EntryPoint","urlTemplate":"http:\/\/www.aupadre.fr\/?s={search_term_string}"},"query-input":{"@type":"PropertyValueSpecification","valueRequired":true,"valueName":"search_term_string"}}],"inLanguage":"fr-FR"},{"@type":"Person","@id":"http:\/\/www.aupadre.fr\/#\/schema\/person\/a4d65d0845eb7504e7ac0d30b04fc724","name":"Xavier","image":{"@type":"ImageObject","inLanguage":"fr-FR","@id":"https:\/\/secure.gravatar.com\/avatar\/ffb6d5ada7569959161d7e666c264373bd0a900188ef369643d330e156b456fa?s=96&r=g","url":"https:\/\/secure.gravatar.com\/avatar\/ffb6d5ada7569959161d7e666c264373bd0a900188ef369643d330e156b456fa?s=96&r=g","contentUrl":"https:\/\/secure.gravatar.com\/avatar\/ffb6d5ada7569959161d7e666c264373bd0a900188ef369643d330e156b456fa?s=96&r=g","caption":"Xavier"},"url":"https:\/\/www.aupadre.fr\/?author=2"}]}},"_links":{"self":[{"href":"https:\/\/www.aupadre.fr\/index.php?rest_route=\/wp\/v2\/posts\/1985","targetHints":{"allow":["GET"]}}],"collection":[{"href":"https:\/\/www.aupadre.fr\/index.php?rest_route=\/wp\/v2\/posts"}],"about":[{"href":"https:\/\/www.aupadre.fr\/index.php?rest_route=\/wp\/v2\/types\/post"}],"author":[{"embeddable":true,"href":"https:\/\/www.aupadre.fr\/index.php?rest_route=\/wp\/v2\/users\/2"}],"replies":[{"embeddable":true,"href":"https:\/\/www.aupadre.fr\/index.php?rest_route=%2Fwp%2Fv2%2Fcomments&post=1985"}],"version-history":[{"count":6,"href":"https:\/\/www.aupadre.fr\/index.php?rest_route=\/wp\/v2\/posts\/1985\/revisions"}],"predecessor-version":[{"id":2021,"href":"https:\/\/www.aupadre.fr\/index.php?rest_route=\/wp\/v2\/posts\/1985\/revisions\/2021"}],"wp:attachment":[{"href":"https:\/\/www.aupadre.fr\/index.php?rest_route=%2Fwp%2Fv2%2Fmedia&parent=1985"}],"wp:term":[{"taxonomy":"category","embeddable":true,"href":"https:\/\/www.aupadre.fr\/index.php?rest_route=%2Fwp%2Fv2%2Fcategories&post=1985"},{"taxonomy":"post_tag","embeddable":true,"href":"https:\/\/www.aupadre.fr\/index.php?rest_route=%2Fwp%2Fv2%2Ftags&post=1985"}],"curies":[{"name":"wp","href":"https:\/\/api.w.org\/{rel}","templated":true}]}}