{"id":1981,"date":"2025-01-13T13:27:59","date_gmt":"2025-01-13T12:27:59","guid":{"rendered":"http:\/\/www.aupadre.fr\/?p=1981"},"modified":"2026-01-08T00:34:58","modified_gmt":"2026-01-07T23:34:58","slug":"pour-une-ligne-n-respectueuse-adherez","status":"publish","type":"post","link":"https:\/\/www.aupadre.fr\/?p=1981","title":{"rendered":"Adh\u00e9rer, un acte utile pour la ligne N !"},"content":{"rendered":"<div class=\"wp-block-image\">\n<figure class=\"alignright size-full is-resized\"><a href=\"https:\/\/www.helloasso.com\/associations\/aupadre\/adhesions\/aupadre-2026\"><img loading=\"lazy\" decoding=\"async\" width=\"180\" height=\"180\" src=\"http:\/\/www.aupadre.fr\/wp-content\/uploads\/2025\/01\/image-adhesion.jpg\" alt=\"\" class=\"wp-image-1982\" style=\"width:136px;height:auto\" srcset=\"https:\/\/www.aupadre.fr\/wp-content\/uploads\/2025\/01\/image-adhesion.jpg 180w, https:\/\/www.aupadre.fr\/wp-content\/uploads\/2025\/01\/image-adhesion-150x150.jpg 150w, https:\/\/www.aupadre.fr\/wp-content\/uploads\/2025\/01\/image-adhesion-80x80.jpg 80w\" sizes=\"auto, (max-width: 180px) 100vw, 180px\" \/><\/a><\/figure>\n<\/div>\n\n\n<p>Les conditions de trajet sur la Ligne N Dreux-Paris s\u2019am\u00e9liorent si et seulement si la SNCF et les Utilisateurs de la Ligne le d\u00e9cident ; <a href=\"https:\/\/www.helloasso.com\/associations\/aupadre\/adhesions\/aupadre-2026\" target=\"_blank\" rel=\"noopener\" title=\"\">d\u00e9cidez !<\/a><\/p>\n\n\n\n<p>Les al\u00e9as sont fr\u00e9quents sur +\/-60km de voies \u00e9tal\u00e9es sur 2 R\u00e9gions, et les personnels changent. Les voyageurs\/utilisateurs\/clients sont donc soumis \u00e0 des dysfonctionnements fr\u00e9quents. Depuis 2001, des voyageurs de la Ligne ont cr\u00e9e l&rsquo;asso AUPADRE et se mobilisent r\u00e9guli\u00e8rement pour am\u00e9liorer les conditions de trajet. Sachant qu&rsquo;en mati\u00e8re d&rsquo;informations des voyageurs, de fiabilit\u00e9 des horaires, de parkings, etc. , il y en a tellement \u00e0 faire ! Rejoignez-les, <strong><a href=\"https:\/\/www.helloasso.com\/associations\/aupadre\/adhesions\/aupadre-2026\" target=\"_blank\" rel=\"noopener\" title=\"\">adh\u00e9rez !!<\/a><\/strong><\/p>\n\n\n\n<p>Vous avez besoin d&rsquo;Aupadre, et Aupadre a besoin de chacun de vous, REJOIGNEZ-NOUS et FAITES ENTENDRE VOTRE VOIX, <strong><a href=\"https:\/\/www.helloasso.com\/associations\/aupadre\/adhesions\/aupadre-2026\" title=\"\">cliquez ici pour adh\u00e9rer !!!<\/a><\/strong><\/p>\n\n\n\n<p>NB : Depuis 2018, notre partenaire <a href=\"https:\/\/www.helloasso.com\/\" title=\"\">Helloasso<\/a> est super efficace et g\u00e9n\u00e9reux pour assurer le secr\u00e9tariat de nos adh\u00e9sions. Si vous rencontrez une quelconque difficult\u00e9 dans cette d\u00e9marche, dites-nous ce qui ne va pas. Nous serons ravis de vous lire et de vous r\u00e9pondre. Pour nous \u00e9crire votre message, c&rsquo;est ici : <a href=\"http:\/\/www.aupadre.fr\/?p=89\" title=\"\">votre message.<\/a><\/p>\n\n\n\n<p><\/p>\n","protected":false},"excerpt":{"rendered":"<p>Les conditions de trajet sur la Ligne N Dreux-Paris s\u2019am\u00e9liorent si et seulement si la SNCF et les Utilisateurs de la Ligne le d\u00e9cident ; d\u00e9cidez ! Les al\u00e9as sont fr\u00e9quents sur +\/-60km de voies \u00e9tal\u00e9es sur 2 R\u00e9gions, et&hellip; <\/p>\n","protected":false},"author":2,"featured_media":1982,"comment_status":"open","ping_status":"open","sticky":true,"template":"","format":"standard","meta":{"_monsterinsights_skip_tracking":false,"_monsterinsights_sitenote_active":false,"_monsterinsights_sitenote_note":"","_monsterinsights_sitenote_category":0,"footnotes":""},"categories":[6],"tags":[188,40,89,33],"class_list":["post-1981","post","type-post","status-publish","format-standard","has-post-thumbnail","hentry","category-aupadre","tag-188","tag-adherer","tag-aupadre-2","tag-ligne-n"],"yoast_head":"<!-- This site is optimized with the Yoast SEO plugin v27.5 - https:\/\/yoast.com\/product\/yoast-seo-wordpress\/ -->\n<title>Adh\u00e9rer, un acte utile pour la ligne N ! - AUPADRE<\/title>\n<meta name=\"robots\" content=\"index, follow, max-snippet:-1, max-image-preview:large, max-video-preview:-1\" \/>\n<link rel=\"canonical\" href=\"https:\/\/www.aupadre.fr\/?p=1981\" \/>\n<meta property=\"og:locale\" content=\"fr_FR\" \/>\n<meta property=\"og:type\" content=\"article\" \/>\n<meta property=\"og:title\" content=\"Adh\u00e9rer, un acte utile pour la ligne N ! - AUPADRE\" \/>\n<meta property=\"og:description\" content=\"Les conditions de trajet sur la Ligne N Dreux-Paris s\u2019am\u00e9liorent si et seulement si la SNCF et les Utilisateurs de la Ligne le d\u00e9cident ; d\u00e9cidez ! Les al\u00e9as sont fr\u00e9quents sur +\/-60km de voies \u00e9tal\u00e9es sur 2 R\u00e9gions, et&hellip;\" \/>\n<meta property=\"og:url\" content=\"https:\/\/www.aupadre.fr\/?p=1981\" \/>\n<meta property=\"og:site_name\" content=\"AUPADRE\" \/>\n<meta property=\"article:published_time\" content=\"2025-01-13T12:27:59+00:00\" \/>\n<meta property=\"article:modified_time\" content=\"2026-01-07T23:34:58+00:00\" \/>\n<meta property=\"og:image\" content=\"https:\/\/www.aupadre.fr\/wp-content\/uploads\/2025\/01\/image-adhesion.jpg\" \/>\n\t<meta property=\"og:image:width\" content=\"180\" \/>\n\t<meta property=\"og:image:height\" content=\"180\" \/>\n\t<meta property=\"og:image:type\" content=\"image\/jpeg\" \/>\n<meta name=\"author\" content=\"Xavier\" \/>\n<meta name=\"twitter:card\" content=\"summary_large_image\" \/>\n<meta name=\"twitter:label1\" content=\"\u00c9crit par\" \/>\n\t<meta name=\"twitter:data1\" content=\"Xavier\" \/>\n\t<meta name=\"twitter:label2\" content=\"Dur\u00e9e de lecture estim\u00e9e\" \/>\n\t<meta name=\"twitter:data2\" content=\"1 minute\" \/>\n<script type=\"application\/ld+json\" class=\"yoast-schema-graph\">{\"@context\":\"https:\\\/\\\/schema.org\",\"@graph\":[{\"@type\":\"Article\",\"@id\":\"https:\\\/\\\/www.aupadre.fr\\\/?p=1981#article\",\"isPartOf\":{\"@id\":\"https:\\\/\\\/www.aupadre.fr\\\/?p=1981\"},\"author\":{\"name\":\"Xavier\",\"@id\":\"http:\\\/\\\/www.aupadre.fr\\\/#\\\/schema\\\/person\\\/a4d65d0845eb7504e7ac0d30b04fc724\"},\"headline\":\"Adh\u00e9rer, un acte utile pour la ligne N !\",\"datePublished\":\"2025-01-13T12:27:59+00:00\",\"dateModified\":\"2026-01-07T23:34:58+00:00\",\"mainEntityOfPage\":{\"@id\":\"https:\\\/\\\/www.aupadre.fr\\\/?p=1981\"},\"wordCount\":201,\"commentCount\":0,\"image\":{\"@id\":\"https:\\\/\\\/www.aupadre.fr\\\/?p=1981#primaryimage\"},\"thumbnailUrl\":\"https:\\\/\\\/www.aupadre.fr\\\/wp-content\\\/uploads\\\/2025\\\/01\\\/image-adhesion.jpg\",\"keywords\":[\"2026\",\"adh\u00e9rer\",\"Aupadre\",\"ligne N\"],\"articleSection\":[\"L'association\"],\"inLanguage\":\"fr-FR\",\"potentialAction\":[{\"@type\":\"CommentAction\",\"name\":\"Comment\",\"target\":[\"https:\\\/\\\/www.aupadre.fr\\\/?p=1981#respond\"]}]},{\"@type\":\"WebPage\",\"@id\":\"https:\\\/\\\/www.aupadre.fr\\\/?p=1981\",\"url\":\"https:\\\/\\\/www.aupadre.fr\\\/?p=1981\",\"name\":\"Adh\u00e9rer, un acte utile pour la ligne N ! - AUPADRE\",\"isPartOf\":{\"@id\":\"http:\\\/\\\/www.aupadre.fr\\\/#website\"},\"primaryImageOfPage\":{\"@id\":\"https:\\\/\\\/www.aupadre.fr\\\/?p=1981#primaryimage\"},\"image\":{\"@id\":\"https:\\\/\\\/www.aupadre.fr\\\/?p=1981#primaryimage\"},\"thumbnailUrl\":\"https:\\\/\\\/www.aupadre.fr\\\/wp-content\\\/uploads\\\/2025\\\/01\\\/image-adhesion.jpg\",\"datePublished\":\"2025-01-13T12:27:59+00:00\",\"dateModified\":\"2026-01-07T23:34:58+00:00\",\"author\":{\"@id\":\"http:\\\/\\\/www.aupadre.fr\\\/#\\\/schema\\\/person\\\/a4d65d0845eb7504e7ac0d30b04fc724\"},\"breadcrumb\":{\"@id\":\"https:\\\/\\\/www.aupadre.fr\\\/?p=1981#breadcrumb\"},\"inLanguage\":\"fr-FR\",\"potentialAction\":[{\"@type\":\"ReadAction\",\"target\":[\"https:\\\/\\\/www.aupadre.fr\\\/?p=1981\"]}]},{\"@type\":\"ImageObject\",\"inLanguage\":\"fr-FR\",\"@id\":\"https:\\\/\\\/www.aupadre.fr\\\/?p=1981#primaryimage\",\"url\":\"https:\\\/\\\/www.aupadre.fr\\\/wp-content\\\/uploads\\\/2025\\\/01\\\/image-adhesion.jpg\",\"contentUrl\":\"https:\\\/\\\/www.aupadre.fr\\\/wp-content\\\/uploads\\\/2025\\\/01\\\/image-adhesion.jpg\",\"width\":180,\"height\":180},{\"@type\":\"BreadcrumbList\",\"@id\":\"https:\\\/\\\/www.aupadre.fr\\\/?p=1981#breadcrumb\",\"itemListElement\":[{\"@type\":\"ListItem\",\"position\":1,\"name\":\"Accueil\",\"item\":\"http:\\\/\\\/www.aupadre.fr\\\/\"},{\"@type\":\"ListItem\",\"position\":2,\"name\":\"Adh\u00e9rer, un acte utile pour la ligne N !\"}]},{\"@type\":\"WebSite\",\"@id\":\"http:\\\/\\\/www.aupadre.fr\\\/#website\",\"url\":\"http:\\\/\\\/www.aupadre.fr\\\/\",\"name\":\"AUPADRE\",\"description\":\"Vogue la Gal\u00e8re sur les Rails !!!\",\"potentialAction\":[{\"@type\":\"SearchAction\",\"target\":{\"@type\":\"EntryPoint\",\"urlTemplate\":\"http:\\\/\\\/www.aupadre.fr\\\/?s={search_term_string}\"},\"query-input\":{\"@type\":\"PropertyValueSpecification\",\"valueRequired\":true,\"valueName\":\"search_term_string\"}}],\"inLanguage\":\"fr-FR\"},{\"@type\":\"Person\",\"@id\":\"http:\\\/\\\/www.aupadre.fr\\\/#\\\/schema\\\/person\\\/a4d65d0845eb7504e7ac0d30b04fc724\",\"name\":\"Xavier\",\"image\":{\"@type\":\"ImageObject\",\"inLanguage\":\"fr-FR\",\"@id\":\"https:\\\/\\\/secure.gravatar.com\\\/avatar\\\/ffb6d5ada7569959161d7e666c264373bd0a900188ef369643d330e156b456fa?s=96&r=g\",\"url\":\"https:\\\/\\\/secure.gravatar.com\\\/avatar\\\/ffb6d5ada7569959161d7e666c264373bd0a900188ef369643d330e156b456fa?s=96&r=g\",\"contentUrl\":\"https:\\\/\\\/secure.gravatar.com\\\/avatar\\\/ffb6d5ada7569959161d7e666c264373bd0a900188ef369643d330e156b456fa?s=96&r=g\",\"caption\":\"Xavier\"},\"url\":\"https:\\\/\\\/www.aupadre.fr\\\/?author=2\"}]}<\/script>\n<!-- \/ Yoast SEO plugin. -->","yoast_head_json":{"title":"Adh\u00e9rer, un acte utile pour la ligne N ! - AUPADRE","robots":{"index":"index","follow":"follow","max-snippet":"max-snippet:-1","max-image-preview":"max-image-preview:large","max-video-preview":"max-video-preview:-1"},"canonical":"https:\/\/www.aupadre.fr\/?p=1981","og_locale":"fr_FR","og_type":"article","og_title":"Adh\u00e9rer, un acte utile pour la ligne N ! - AUPADRE","og_description":"Les conditions de trajet sur la Ligne N Dreux-Paris s\u2019am\u00e9liorent si et seulement si la SNCF et les Utilisateurs de la Ligne le d\u00e9cident ; d\u00e9cidez ! Les al\u00e9as sont fr\u00e9quents sur +\/-60km de voies \u00e9tal\u00e9es sur 2 R\u00e9gions, et&hellip;","og_url":"https:\/\/www.aupadre.fr\/?p=1981","og_site_name":"AUPADRE","article_published_time":"2025-01-13T12:27:59+00:00","article_modified_time":"2026-01-07T23:34:58+00:00","og_image":[{"width":180,"height":180,"url":"https:\/\/www.aupadre.fr\/wp-content\/uploads\/2025\/01\/image-adhesion.jpg","type":"image\/jpeg"}],"author":"Xavier","twitter_card":"summary_large_image","twitter_misc":{"\u00c9crit par":"Xavier","Dur\u00e9e de lecture estim\u00e9e":"1 minute"},"schema":{"@context":"https:\/\/schema.org","@graph":[{"@type":"Article","@id":"https:\/\/www.aupadre.fr\/?p=1981#article","isPartOf":{"@id":"https:\/\/www.aupadre.fr\/?p=1981"},"author":{"name":"Xavier","@id":"http:\/\/www.aupadre.fr\/#\/schema\/person\/a4d65d0845eb7504e7ac0d30b04fc724"},"headline":"Adh\u00e9rer, un acte utile pour la ligne N !","datePublished":"2025-01-13T12:27:59+00:00","dateModified":"2026-01-07T23:34:58+00:00","mainEntityOfPage":{"@id":"https:\/\/www.aupadre.fr\/?p=1981"},"wordCount":201,"commentCount":0,"image":{"@id":"https:\/\/www.aupadre.fr\/?p=1981#primaryimage"},"thumbnailUrl":"https:\/\/www.aupadre.fr\/wp-content\/uploads\/2025\/01\/image-adhesion.jpg","keywords":["2026","adh\u00e9rer","Aupadre","ligne N"],"articleSection":["L'association"],"inLanguage":"fr-FR","potentialAction":[{"@type":"CommentAction","name":"Comment","target":["https:\/\/www.aupadre.fr\/?p=1981#respond"]}]},{"@type":"WebPage","@id":"https:\/\/www.aupadre.fr\/?p=1981","url":"https:\/\/www.aupadre.fr\/?p=1981","name":"Adh\u00e9rer, un acte utile pour la ligne N ! - AUPADRE","isPartOf":{"@id":"http:\/\/www.aupadre.fr\/#website"},"primaryImageOfPage":{"@id":"https:\/\/www.aupadre.fr\/?p=1981#primaryimage"},"image":{"@id":"https:\/\/www.aupadre.fr\/?p=1981#primaryimage"},"thumbnailUrl":"https:\/\/www.aupadre.fr\/wp-content\/uploads\/2025\/01\/image-adhesion.jpg","datePublished":"2025-01-13T12:27:59+00:00","dateModified":"2026-01-07T23:34:58+00:00","author":{"@id":"http:\/\/www.aupadre.fr\/#\/schema\/person\/a4d65d0845eb7504e7ac0d30b04fc724"},"breadcrumb":{"@id":"https:\/\/www.aupadre.fr\/?p=1981#breadcrumb"},"inLanguage":"fr-FR","potentialAction":[{"@type":"ReadAction","target":["https:\/\/www.aupadre.fr\/?p=1981"]}]},{"@type":"ImageObject","inLanguage":"fr-FR","@id":"https:\/\/www.aupadre.fr\/?p=1981#primaryimage","url":"https:\/\/www.aupadre.fr\/wp-content\/uploads\/2025\/01\/image-adhesion.jpg","contentUrl":"https:\/\/www.aupadre.fr\/wp-content\/uploads\/2025\/01\/image-adhesion.jpg","width":180,"height":180},{"@type":"BreadcrumbList","@id":"https:\/\/www.aupadre.fr\/?p=1981#breadcrumb","itemListElement":[{"@type":"ListItem","position":1,"name":"Accueil","item":"http:\/\/www.aupadre.fr\/"},{"@type":"ListItem","position":2,"name":"Adh\u00e9rer, un acte utile pour la ligne N !"}]},{"@type":"WebSite","@id":"http:\/\/www.aupadre.fr\/#website","url":"http:\/\/www.aupadre.fr\/","name":"AUPADRE","description":"Vogue la Gal\u00e8re sur les Rails !!!","potentialAction":[{"@type":"SearchAction","target":{"@type":"EntryPoint","urlTemplate":"http:\/\/www.aupadre.fr\/?s={search_term_string}"},"query-input":{"@type":"PropertyValueSpecification","valueRequired":true,"valueName":"search_term_string"}}],"inLanguage":"fr-FR"},{"@type":"Person","@id":"http:\/\/www.aupadre.fr\/#\/schema\/person\/a4d65d0845eb7504e7ac0d30b04fc724","name":"Xavier","image":{"@type":"ImageObject","inLanguage":"fr-FR","@id":"https:\/\/secure.gravatar.com\/avatar\/ffb6d5ada7569959161d7e666c264373bd0a900188ef369643d330e156b456fa?s=96&r=g","url":"https:\/\/secure.gravatar.com\/avatar\/ffb6d5ada7569959161d7e666c264373bd0a900188ef369643d330e156b456fa?s=96&r=g","contentUrl":"https:\/\/secure.gravatar.com\/avatar\/ffb6d5ada7569959161d7e666c264373bd0a900188ef369643d330e156b456fa?s=96&r=g","caption":"Xavier"},"url":"https:\/\/www.aupadre.fr\/?author=2"}]}},"_links":{"self":[{"href":"https:\/\/www.aupadre.fr\/index.php?rest_route=\/wp\/v2\/posts\/1981","targetHints":{"allow":["GET"]}}],"collection":[{"href":"https:\/\/www.aupadre.fr\/index.php?rest_route=\/wp\/v2\/posts"}],"about":[{"href":"https:\/\/www.aupadre.fr\/index.php?rest_route=\/wp\/v2\/types\/post"}],"author":[{"embeddable":true,"href":"https:\/\/www.aupadre.fr\/index.php?rest_route=\/wp\/v2\/users\/2"}],"replies":[{"embeddable":true,"href":"https:\/\/www.aupadre.fr\/index.php?rest_route=%2Fwp%2Fv2%2Fcomments&post=1981"}],"version-history":[{"count":9,"href":"https:\/\/www.aupadre.fr\/index.php?rest_route=\/wp\/v2\/posts\/1981\/revisions"}],"predecessor-version":[{"id":2228,"href":"https:\/\/www.aupadre.fr\/index.php?rest_route=\/wp\/v2\/posts\/1981\/revisions\/2228"}],"wp:featuredmedia":[{"embeddable":true,"href":"https:\/\/www.aupadre.fr\/index.php?rest_route=\/wp\/v2\/media\/1982"}],"wp:attachment":[{"href":"https:\/\/www.aupadre.fr\/index.php?rest_route=%2Fwp%2Fv2%2Fmedia&parent=1981"}],"wp:term":[{"taxonomy":"category","embeddable":true,"href":"https:\/\/www.aupadre.fr\/index.php?rest_route=%2Fwp%2Fv2%2Fcategories&post=1981"},{"taxonomy":"post_tag","embeddable":true,"href":"https:\/\/www.aupadre.fr\/index.php?rest_route=%2Fwp%2Fv2%2Ftags&post=1981"}],"curies":[{"name":"wp","href":"https:\/\/api.w.org\/{rel}","templated":true}]}}