{"id":1962,"date":"2025-01-06T09:07:40","date_gmt":"2025-01-06T08:07:40","guid":{"rendered":"http:\/\/www.aupadre.fr\/?p=1962"},"modified":"2025-01-06T09:07:42","modified_gmt":"2025-01-06T08:07:42","slug":"lettre-a-la-sncf-a-loccasion-de-la-fermeture-partielle-de-la-ligne-n","status":"publish","type":"post","link":"https:\/\/www.aupadre.fr\/?p=1962","title":{"rendered":"Lettre \u00e0 la SNCF \u00e0 l&rsquo;occasion de la fermeture partielle de la ligne N"},"content":{"rendered":"\n<p>\u00ab\u00a0Bonjour \u00e0 tous,<br>nous nous interrogeons sur le choix du \u00ab\u00a0gestionnaire r\u00e9seau\u00a0\u00bb de suspendre qu&rsquo;une partie de la ligne N de Dreux \u00e0 Plaisir et ce de 10h a 13h. S&rsquo;il nous fallait un exemple de la rel\u00e9gation de cette fin de ligne ( telle qu&rsquo;\u00e9voqu\u00e9e dans les r\u00e9unions avec les \u00e9lus et idfm), en voici un.<br>Comment ce \u00ab\u00a0gestionnaire\u00a0\u00bb justifie-t-il l&rsquo;in\u00e9galit\u00e9 de traitement pour ce service de transport public ?<br>Nous remercions la SNCF par avance pour sa r\u00e9ponse.<br>Bien cordialement\u00a0\u00bb.<\/p>\n","protected":false},"excerpt":{"rendered":"<p>\u00ab\u00a0Bonjour \u00e0 tous,nous nous interrogeons sur le choix du \u00ab\u00a0gestionnaire r\u00e9seau\u00a0\u00bb de suspendre qu&rsquo;une partie de la ligne N de Dreux \u00e0 Plaisir et ce de 10h a 13h. S&rsquo;il nous fallait un exemple de la rel\u00e9gation de cette fin&hellip; <\/p>\n","protected":false},"author":2,"featured_media":0,"comment_status":"open","ping_status":"open","sticky":false,"template":"","format":"standard","meta":{"_monsterinsights_skip_tracking":false,"_monsterinsights_sitenote_active":false,"_monsterinsights_sitenote_note":"","_monsterinsights_sitenote_category":0,"footnotes":""},"categories":[1],"tags":[181,89,55,50,33,182],"class_list":["post-1962","post","type-post","status-publish","format-standard","hentry","category-actions-encours","tag-181","tag-aupadre-2","tag-dysfonctionnement","tag-elus","tag-ligne-n","tag-ligne-releguee"],"yoast_head":"<!-- This site is optimized with the Yoast SEO plugin v27.5 - https:\/\/yoast.com\/product\/yoast-seo-wordpress\/ -->\n<title>Lettre \u00e0 la SNCF \u00e0 l&#039;occasion de la fermeture partielle de la ligne N - AUPADRE<\/title>\n<meta name=\"robots\" content=\"index, follow, max-snippet:-1, max-image-preview:large, max-video-preview:-1\" \/>\n<link rel=\"canonical\" href=\"https:\/\/www.aupadre.fr\/?p=1962\" \/>\n<meta property=\"og:locale\" content=\"fr_FR\" \/>\n<meta property=\"og:type\" content=\"article\" \/>\n<meta property=\"og:title\" content=\"Lettre \u00e0 la SNCF \u00e0 l&#039;occasion de la fermeture partielle de la ligne N - AUPADRE\" \/>\n<meta property=\"og:description\" content=\"\u00ab\u00a0Bonjour \u00e0 tous,nous nous interrogeons sur le choix du \u00ab\u00a0gestionnaire r\u00e9seau\u00a0\u00bb de suspendre qu&rsquo;une partie de la ligne N de Dreux \u00e0 Plaisir et ce de 10h a 13h. S&rsquo;il nous fallait un exemple de la rel\u00e9gation de cette fin&hellip;\" \/>\n<meta property=\"og:url\" content=\"https:\/\/www.aupadre.fr\/?p=1962\" \/>\n<meta property=\"og:site_name\" content=\"AUPADRE\" \/>\n<meta property=\"article:published_time\" content=\"2025-01-06T08:07:40+00:00\" \/>\n<meta property=\"article:modified_time\" content=\"2025-01-06T08:07:42+00:00\" \/>\n<meta name=\"author\" content=\"Xavier\" \/>\n<meta name=\"twitter:card\" content=\"summary_large_image\" \/>\n<meta name=\"twitter:label1\" content=\"\u00c9crit par\" \/>\n\t<meta name=\"twitter:data1\" content=\"Xavier\" \/>\n<script type=\"application\/ld+json\" class=\"yoast-schema-graph\">{\"@context\":\"https:\\\/\\\/schema.org\",\"@graph\":[{\"@type\":\"Article\",\"@id\":\"https:\\\/\\\/www.aupadre.fr\\\/?p=1962#article\",\"isPartOf\":{\"@id\":\"https:\\\/\\\/www.aupadre.fr\\\/?p=1962\"},\"author\":{\"name\":\"Xavier\",\"@id\":\"http:\\\/\\\/www.aupadre.fr\\\/#\\\/schema\\\/person\\\/a4d65d0845eb7504e7ac0d30b04fc724\"},\"headline\":\"Lettre \u00e0 la SNCF \u00e0 l&rsquo;occasion de la fermeture partielle de la ligne N\",\"datePublished\":\"2025-01-06T08:07:40+00:00\",\"dateModified\":\"2025-01-06T08:07:42+00:00\",\"mainEntityOfPage\":{\"@id\":\"https:\\\/\\\/www.aupadre.fr\\\/?p=1962\"},\"wordCount\":101,\"commentCount\":0,\"keywords\":[\"2025\",\"Aupadre\",\"Dysfonctionnement\",\"\u00c9lus\",\"ligne N\",\"Ligne rel\u00e9gu\u00e9e\"],\"articleSection\":[\"Actions en cours\"],\"inLanguage\":\"fr-FR\",\"potentialAction\":[{\"@type\":\"CommentAction\",\"name\":\"Comment\",\"target\":[\"https:\\\/\\\/www.aupadre.fr\\\/?p=1962#respond\"]}]},{\"@type\":\"WebPage\",\"@id\":\"https:\\\/\\\/www.aupadre.fr\\\/?p=1962\",\"url\":\"https:\\\/\\\/www.aupadre.fr\\\/?p=1962\",\"name\":\"Lettre \u00e0 la SNCF \u00e0 l'occasion de la fermeture partielle de la ligne N - AUPADRE\",\"isPartOf\":{\"@id\":\"http:\\\/\\\/www.aupadre.fr\\\/#website\"},\"datePublished\":\"2025-01-06T08:07:40+00:00\",\"dateModified\":\"2025-01-06T08:07:42+00:00\",\"author\":{\"@id\":\"http:\\\/\\\/www.aupadre.fr\\\/#\\\/schema\\\/person\\\/a4d65d0845eb7504e7ac0d30b04fc724\"},\"breadcrumb\":{\"@id\":\"https:\\\/\\\/www.aupadre.fr\\\/?p=1962#breadcrumb\"},\"inLanguage\":\"fr-FR\",\"potentialAction\":[{\"@type\":\"ReadAction\",\"target\":[\"https:\\\/\\\/www.aupadre.fr\\\/?p=1962\"]}]},{\"@type\":\"BreadcrumbList\",\"@id\":\"https:\\\/\\\/www.aupadre.fr\\\/?p=1962#breadcrumb\",\"itemListElement\":[{\"@type\":\"ListItem\",\"position\":1,\"name\":\"Accueil\",\"item\":\"http:\\\/\\\/www.aupadre.fr\\\/\"},{\"@type\":\"ListItem\",\"position\":2,\"name\":\"Lettre \u00e0 la SNCF \u00e0 l&rsquo;occasion de la fermeture partielle de la ligne N\"}]},{\"@type\":\"WebSite\",\"@id\":\"http:\\\/\\\/www.aupadre.fr\\\/#website\",\"url\":\"http:\\\/\\\/www.aupadre.fr\\\/\",\"name\":\"AUPADRE\",\"description\":\"Vogue la Gal\u00e8re sur les Rails !!!\",\"potentialAction\":[{\"@type\":\"SearchAction\",\"target\":{\"@type\":\"EntryPoint\",\"urlTemplate\":\"http:\\\/\\\/www.aupadre.fr\\\/?s={search_term_string}\"},\"query-input\":{\"@type\":\"PropertyValueSpecification\",\"valueRequired\":true,\"valueName\":\"search_term_string\"}}],\"inLanguage\":\"fr-FR\"},{\"@type\":\"Person\",\"@id\":\"http:\\\/\\\/www.aupadre.fr\\\/#\\\/schema\\\/person\\\/a4d65d0845eb7504e7ac0d30b04fc724\",\"name\":\"Xavier\",\"image\":{\"@type\":\"ImageObject\",\"inLanguage\":\"fr-FR\",\"@id\":\"https:\\\/\\\/secure.gravatar.com\\\/avatar\\\/ffb6d5ada7569959161d7e666c264373bd0a900188ef369643d330e156b456fa?s=96&r=g\",\"url\":\"https:\\\/\\\/secure.gravatar.com\\\/avatar\\\/ffb6d5ada7569959161d7e666c264373bd0a900188ef369643d330e156b456fa?s=96&r=g\",\"contentUrl\":\"https:\\\/\\\/secure.gravatar.com\\\/avatar\\\/ffb6d5ada7569959161d7e666c264373bd0a900188ef369643d330e156b456fa?s=96&r=g\",\"caption\":\"Xavier\"},\"url\":\"https:\\\/\\\/www.aupadre.fr\\\/?author=2\"}]}<\/script>\n<!-- \/ Yoast SEO plugin. -->","yoast_head_json":{"title":"Lettre \u00e0 la SNCF \u00e0 l'occasion de la fermeture partielle de la ligne N - AUPADRE","robots":{"index":"index","follow":"follow","max-snippet":"max-snippet:-1","max-image-preview":"max-image-preview:large","max-video-preview":"max-video-preview:-1"},"canonical":"https:\/\/www.aupadre.fr\/?p=1962","og_locale":"fr_FR","og_type":"article","og_title":"Lettre \u00e0 la SNCF \u00e0 l'occasion de la fermeture partielle de la ligne N - AUPADRE","og_description":"\u00ab\u00a0Bonjour \u00e0 tous,nous nous interrogeons sur le choix du \u00ab\u00a0gestionnaire r\u00e9seau\u00a0\u00bb de suspendre qu&rsquo;une partie de la ligne N de Dreux \u00e0 Plaisir et ce de 10h a 13h. S&rsquo;il nous fallait un exemple de la rel\u00e9gation de cette fin&hellip;","og_url":"https:\/\/www.aupadre.fr\/?p=1962","og_site_name":"AUPADRE","article_published_time":"2025-01-06T08:07:40+00:00","article_modified_time":"2025-01-06T08:07:42+00:00","author":"Xavier","twitter_card":"summary_large_image","twitter_misc":{"\u00c9crit par":"Xavier"},"schema":{"@context":"https:\/\/schema.org","@graph":[{"@type":"Article","@id":"https:\/\/www.aupadre.fr\/?p=1962#article","isPartOf":{"@id":"https:\/\/www.aupadre.fr\/?p=1962"},"author":{"name":"Xavier","@id":"http:\/\/www.aupadre.fr\/#\/schema\/person\/a4d65d0845eb7504e7ac0d30b04fc724"},"headline":"Lettre \u00e0 la SNCF \u00e0 l&rsquo;occasion de la fermeture partielle de la ligne N","datePublished":"2025-01-06T08:07:40+00:00","dateModified":"2025-01-06T08:07:42+00:00","mainEntityOfPage":{"@id":"https:\/\/www.aupadre.fr\/?p=1962"},"wordCount":101,"commentCount":0,"keywords":["2025","Aupadre","Dysfonctionnement","\u00c9lus","ligne N","Ligne rel\u00e9gu\u00e9e"],"articleSection":["Actions en cours"],"inLanguage":"fr-FR","potentialAction":[{"@type":"CommentAction","name":"Comment","target":["https:\/\/www.aupadre.fr\/?p=1962#respond"]}]},{"@type":"WebPage","@id":"https:\/\/www.aupadre.fr\/?p=1962","url":"https:\/\/www.aupadre.fr\/?p=1962","name":"Lettre \u00e0 la SNCF \u00e0 l'occasion de la fermeture partielle de la ligne N - AUPADRE","isPartOf":{"@id":"http:\/\/www.aupadre.fr\/#website"},"datePublished":"2025-01-06T08:07:40+00:00","dateModified":"2025-01-06T08:07:42+00:00","author":{"@id":"http:\/\/www.aupadre.fr\/#\/schema\/person\/a4d65d0845eb7504e7ac0d30b04fc724"},"breadcrumb":{"@id":"https:\/\/www.aupadre.fr\/?p=1962#breadcrumb"},"inLanguage":"fr-FR","potentialAction":[{"@type":"ReadAction","target":["https:\/\/www.aupadre.fr\/?p=1962"]}]},{"@type":"BreadcrumbList","@id":"https:\/\/www.aupadre.fr\/?p=1962#breadcrumb","itemListElement":[{"@type":"ListItem","position":1,"name":"Accueil","item":"http:\/\/www.aupadre.fr\/"},{"@type":"ListItem","position":2,"name":"Lettre \u00e0 la SNCF \u00e0 l&rsquo;occasion de la fermeture partielle de la ligne N"}]},{"@type":"WebSite","@id":"http:\/\/www.aupadre.fr\/#website","url":"http:\/\/www.aupadre.fr\/","name":"AUPADRE","description":"Vogue la Gal\u00e8re sur les Rails !!!","potentialAction":[{"@type":"SearchAction","target":{"@type":"EntryPoint","urlTemplate":"http:\/\/www.aupadre.fr\/?s={search_term_string}"},"query-input":{"@type":"PropertyValueSpecification","valueRequired":true,"valueName":"search_term_string"}}],"inLanguage":"fr-FR"},{"@type":"Person","@id":"http:\/\/www.aupadre.fr\/#\/schema\/person\/a4d65d0845eb7504e7ac0d30b04fc724","name":"Xavier","image":{"@type":"ImageObject","inLanguage":"fr-FR","@id":"https:\/\/secure.gravatar.com\/avatar\/ffb6d5ada7569959161d7e666c264373bd0a900188ef369643d330e156b456fa?s=96&r=g","url":"https:\/\/secure.gravatar.com\/avatar\/ffb6d5ada7569959161d7e666c264373bd0a900188ef369643d330e156b456fa?s=96&r=g","contentUrl":"https:\/\/secure.gravatar.com\/avatar\/ffb6d5ada7569959161d7e666c264373bd0a900188ef369643d330e156b456fa?s=96&r=g","caption":"Xavier"},"url":"https:\/\/www.aupadre.fr\/?author=2"}]}},"_links":{"self":[{"href":"https:\/\/www.aupadre.fr\/index.php?rest_route=\/wp\/v2\/posts\/1962","targetHints":{"allow":["GET"]}}],"collection":[{"href":"https:\/\/www.aupadre.fr\/index.php?rest_route=\/wp\/v2\/posts"}],"about":[{"href":"https:\/\/www.aupadre.fr\/index.php?rest_route=\/wp\/v2\/types\/post"}],"author":[{"embeddable":true,"href":"https:\/\/www.aupadre.fr\/index.php?rest_route=\/wp\/v2\/users\/2"}],"replies":[{"embeddable":true,"href":"https:\/\/www.aupadre.fr\/index.php?rest_route=%2Fwp%2Fv2%2Fcomments&post=1962"}],"version-history":[{"count":1,"href":"https:\/\/www.aupadre.fr\/index.php?rest_route=\/wp\/v2\/posts\/1962\/revisions"}],"predecessor-version":[{"id":1963,"href":"https:\/\/www.aupadre.fr\/index.php?rest_route=\/wp\/v2\/posts\/1962\/revisions\/1963"}],"wp:attachment":[{"href":"https:\/\/www.aupadre.fr\/index.php?rest_route=%2Fwp%2Fv2%2Fmedia&parent=1962"}],"wp:term":[{"taxonomy":"category","embeddable":true,"href":"https:\/\/www.aupadre.fr\/index.php?rest_route=%2Fwp%2Fv2%2Fcategories&post=1962"},{"taxonomy":"post_tag","embeddable":true,"href":"https:\/\/www.aupadre.fr\/index.php?rest_route=%2Fwp%2Fv2%2Ftags&post=1962"}],"curies":[{"name":"wp","href":"https:\/\/api.w.org\/{rel}","templated":true}]}}