{"id":1944,"date":"2024-11-10T23:26:44","date_gmt":"2024-11-10T22:26:44","guid":{"rendered":"http:\/\/www.aupadre.fr\/?p=1944"},"modified":"2025-09-19T09:01:15","modified_gmt":"2025-09-19T07:01:15","slug":"non-a-la-privatisation-de-la-ligne-n-communique-daupadre","status":"publish","type":"post","link":"https:\/\/www.aupadre.fr\/?p=1944","title":{"rendered":"NON A LA PRIVATISATION DE LA LIGNE N &#8211; Communiqu\u00e9 d&rsquo;AUPADRE"},"content":{"rendered":"\n<p>Aupadre s\u2019oppose \u00e0 la privatisation sc\u00e9l\u00e9rate de la ligne N pr\u00e9vue au vote du Conseil d\u2019Administration d\u2019\u00cele-de-France Mobilit\u00e9s (IDFM) le 12 novembre prochain et a mandat\u00e9 l\u2019Association des Usagers des Transports d\u2019Ile-de-France (AUT) pour voter contre.<\/p>\n\n\n\n<p>A l&rsquo;\u00e9vidence, la collectivit\u00e9 territoriale se dirige vers une privatisation de la ligne N au moyen d&rsquo;un contrat de service public qui serait vot\u00e9 d\u00e8s ce 12 novembre, avec des d\u00e9lais impossibles pour d\u00e9poser un amendement, et ce sans en avoir avis\u00e9 les \u00e9lus locaux pourtant concern\u00e9s.<\/p>\n\n\n\n<p>Cette option appelle fortement notre attention et notre d\u00e9sapprobation, d&rsquo;autant qu&rsquo;elle s&rsquo;appuie sur une analyse de risques certes transparente mais conduisant \u00e0 des choix contraires au sens de l&rsquo;int\u00e9r\u00eat g\u00e9n\u00e9ral.<\/p>\n\n\n\n<p>En effet, IDFM s&rsquo;appuie notamment sur un risque financier et un risque politique pour justifier un processus d&rsquo;externalisation plut\u00f4t qu&rsquo;un maintien en r\u00e9gie, c&rsquo;est \u00e0 dire restant pleinement sous l&rsquo;\u00e9gide de la collectivit\u00e9 que nous avons mandat\u00e9e.<\/p>\n\n\n\n<p>Il faut y entendre tr\u00e8s clairement que la collectivit\u00e9 est consciente du faible potentiel de rentabilit\u00e9 de cette ligne apr\u00e8s l&rsquo;avoir laiss\u00e9e pendant 3 d\u00e9cennies en d\u00e9sh\u00e9rence et pr\u00e9f\u00e8re transf\u00e9rer \u00e0 un op\u00e9rateur tiers un risque image d\u00e8s lors que la population serait susceptible de se plaindre de l&rsquo;indigence des conditions qui lui sont faites.<\/p>\n\n\n\n<p>C&rsquo;est bien parce que la ligne N n&rsquo;est actuellement pas fr\u00e9quent\u00e9e \u00e0 la hauteur des besoins de la population du fait d&rsquo;un retour \u00e0 l&rsquo;usage des v\u00e9hicules personnels, compte tenu de la m\u00e9diocrit\u00e9 de l&rsquo;offre de service (et surtout des dysfonctionnements r\u00e9currents) qu&rsquo;il nous semble essentiel qu&rsquo;elle en maintienne la gestion en son sein, tout en prenant enfin la mesure des enjeux.<\/p>\n\n\n\n<p>Si cette externalisation \u00e9tait prononc\u00e9e, il ne passerait pas 5 ans avant que le futur prestataire n&rsquo;acte un d\u00e9ficit profond pour justifier une d\u00e9gradation encore plus sensible de l&rsquo;offre d\u00e9j\u00e0 indigente. Et que ferons-nous des populations qui ne pourront plus aller travailler, \u00e9tudier, se soigner, se cultiver correctement ? Acte-t-on d\u00e9j\u00e0 un abandon inique de ces lignes et territoires recul\u00e9s de l&rsquo;ouest francilien ? Est-ce ainsi que les d\u00e9cisions se prennent ? Ce n&rsquo;est pas notre conception du mandat donn\u00e9 !<\/p>\n\n\n\n<p>Alors que les britanniques reviennent en force sur le processus de privatisation st\u00e9rile qui a conduit \u00e0 une d\u00e9sh\u00e9rence du service, faut-il que la France, avec 20 ans de retard r\u00e9alise les m\u00eames erreurs ?<\/p>\n\n\n\n<p>Il nous semble au contraire que la collectivit\u00e9 territoriale se doit, au travers du STIF et d&rsquo;IDFM de pr\u00e9server son engagement sur cette ligne (qui ne dispose toujours pas d&rsquo;alternative de transport en commun) et que cet engagement constitue la seule garantie de l&rsquo;\u00e9galit\u00e9 des chances d&rsquo;une population d\u00e9j\u00e0 bien rel\u00e9gu\u00e9e. Pour toutes ces raisons, au nom de l&rsquo;\u00e9quit\u00e9 territoriale et dans le plus grand respect d&rsquo;un service \u00e0 rendre au public lorsque l&rsquo;offre priv\u00e9e ne peut trouver sa place, AUPaDre vote contre et demande que sa voix soit entendue aupr\u00e8s du repr\u00e9sentant d\u00e9sign\u00e9 par le conseil d\u2019administration d\u2019Ile-de-France mobilit\u00e9s, l\u2019AUT association des usagers des transports d\u2019ile de France.<\/p>\n\n\n\n<p>Communiqu\u00e9 Association AUPaDre &#8211; 10 novembre 2024.<\/p>\n","protected":false},"excerpt":{"rendered":"<p>Aupadre s\u2019oppose \u00e0 la privatisation sc\u00e9l\u00e9rate de la ligne N pr\u00e9vue au vote du Conseil d\u2019Administration d\u2019\u00cele-de-France Mobilit\u00e9s (IDFM) le 12 novembre prochain et a mandat\u00e9 l\u2019Association des Usagers des Transports d\u2019Ile-de-France (AUT) pour voter contre. A l&rsquo;\u00e9vidence, la collectivit\u00e9&hellip; <\/p>\n","protected":false},"author":2,"featured_media":0,"comment_status":"open","ping_status":"open","sticky":false,"template":"","format":"standard","meta":{"_monsterinsights_skip_tracking":false,"_monsterinsights_sitenote_active":false,"_monsterinsights_sitenote_note":"","_monsterinsights_sitenote_category":0,"footnotes":""},"categories":[1],"tags":[],"class_list":["post-1944","post","type-post","status-publish","format-standard","hentry","category-actions-encours"],"yoast_head":"<!-- This site is optimized with the Yoast SEO plugin v27.5 - https:\/\/yoast.com\/product\/yoast-seo-wordpress\/ -->\n<title>NON A LA PRIVATISATION DE LA LIGNE N - Communiqu\u00e9 d&#039;AUPADRE - AUPADRE<\/title>\n<meta name=\"robots\" content=\"index, follow, max-snippet:-1, max-image-preview:large, max-video-preview:-1\" \/>\n<link rel=\"canonical\" href=\"http:\/\/www.aupadre.fr\/?p=1944\" \/>\n<meta property=\"og:locale\" content=\"fr_FR\" \/>\n<meta property=\"og:type\" content=\"article\" \/>\n<meta property=\"og:title\" content=\"NON A LA PRIVATISATION DE LA LIGNE N - Communiqu\u00e9 d&#039;AUPADRE - AUPADRE\" \/>\n<meta property=\"og:description\" content=\"Aupadre s\u2019oppose \u00e0 la privatisation sc\u00e9l\u00e9rate de la ligne N pr\u00e9vue au vote du Conseil d\u2019Administration d\u2019\u00cele-de-France Mobilit\u00e9s (IDFM) le 12 novembre prochain et a mandat\u00e9 l\u2019Association des Usagers des Transports d\u2019Ile-de-France (AUT) pour voter contre. A l&rsquo;\u00e9vidence, la collectivit\u00e9&hellip;\" \/>\n<meta property=\"og:url\" content=\"http:\/\/www.aupadre.fr\/?p=1944\" \/>\n<meta property=\"og:site_name\" content=\"AUPADRE\" \/>\n<meta property=\"article:published_time\" content=\"2024-11-10T22:26:44+00:00\" \/>\n<meta property=\"article:modified_time\" content=\"2025-09-19T07:01:15+00:00\" \/>\n<meta name=\"author\" content=\"Xavier\" \/>\n<meta name=\"twitter:card\" content=\"summary_large_image\" \/>\n<meta name=\"twitter:label1\" content=\"\u00c9crit par\" \/>\n\t<meta name=\"twitter:data1\" content=\"Xavier\" \/>\n\t<meta name=\"twitter:label2\" content=\"Dur\u00e9e de lecture estim\u00e9e\" \/>\n\t<meta name=\"twitter:data2\" content=\"3 minutes\" \/>\n<script type=\"application\/ld+json\" class=\"yoast-schema-graph\">{\"@context\":\"https:\\\/\\\/schema.org\",\"@graph\":[{\"@type\":\"Article\",\"@id\":\"http:\\\/\\\/www.aupadre.fr\\\/?p=1944#article\",\"isPartOf\":{\"@id\":\"http:\\\/\\\/www.aupadre.fr\\\/?p=1944\"},\"author\":{\"name\":\"Xavier\",\"@id\":\"http:\\\/\\\/www.aupadre.fr\\\/#\\\/schema\\\/person\\\/a4d65d0845eb7504e7ac0d30b04fc724\"},\"headline\":\"NON A LA PRIVATISATION DE LA LIGNE N &#8211; Communiqu\u00e9 d&rsquo;AUPADRE\",\"datePublished\":\"2024-11-10T22:26:44+00:00\",\"dateModified\":\"2025-09-19T07:01:15+00:00\",\"mainEntityOfPage\":{\"@id\":\"http:\\\/\\\/www.aupadre.fr\\\/?p=1944\"},\"wordCount\":584,\"commentCount\":0,\"articleSection\":[\"Actions en cours\"],\"inLanguage\":\"fr-FR\",\"potentialAction\":[{\"@type\":\"CommentAction\",\"name\":\"Comment\",\"target\":[\"http:\\\/\\\/www.aupadre.fr\\\/?p=1944#respond\"]}]},{\"@type\":\"WebPage\",\"@id\":\"http:\\\/\\\/www.aupadre.fr\\\/?p=1944\",\"url\":\"http:\\\/\\\/www.aupadre.fr\\\/?p=1944\",\"name\":\"NON A LA PRIVATISATION DE LA LIGNE N - Communiqu\u00e9 d'AUPADRE - AUPADRE\",\"isPartOf\":{\"@id\":\"http:\\\/\\\/www.aupadre.fr\\\/#website\"},\"datePublished\":\"2024-11-10T22:26:44+00:00\",\"dateModified\":\"2025-09-19T07:01:15+00:00\",\"author\":{\"@id\":\"http:\\\/\\\/www.aupadre.fr\\\/#\\\/schema\\\/person\\\/a4d65d0845eb7504e7ac0d30b04fc724\"},\"breadcrumb\":{\"@id\":\"http:\\\/\\\/www.aupadre.fr\\\/?p=1944#breadcrumb\"},\"inLanguage\":\"fr-FR\",\"potentialAction\":[{\"@type\":\"ReadAction\",\"target\":[\"http:\\\/\\\/www.aupadre.fr\\\/?p=1944\"]}]},{\"@type\":\"BreadcrumbList\",\"@id\":\"http:\\\/\\\/www.aupadre.fr\\\/?p=1944#breadcrumb\",\"itemListElement\":[{\"@type\":\"ListItem\",\"position\":1,\"name\":\"Accueil\",\"item\":\"http:\\\/\\\/www.aupadre.fr\\\/\"},{\"@type\":\"ListItem\",\"position\":2,\"name\":\"NON A LA PRIVATISATION DE LA LIGNE N &#8211; Communiqu\u00e9 d&rsquo;AUPADRE\"}]},{\"@type\":\"WebSite\",\"@id\":\"http:\\\/\\\/www.aupadre.fr\\\/#website\",\"url\":\"http:\\\/\\\/www.aupadre.fr\\\/\",\"name\":\"AUPADRE\",\"description\":\"Vogue la Gal\u00e8re sur les Rails !!!\",\"potentialAction\":[{\"@type\":\"SearchAction\",\"target\":{\"@type\":\"EntryPoint\",\"urlTemplate\":\"http:\\\/\\\/www.aupadre.fr\\\/?s={search_term_string}\"},\"query-input\":{\"@type\":\"PropertyValueSpecification\",\"valueRequired\":true,\"valueName\":\"search_term_string\"}}],\"inLanguage\":\"fr-FR\"},{\"@type\":\"Person\",\"@id\":\"http:\\\/\\\/www.aupadre.fr\\\/#\\\/schema\\\/person\\\/a4d65d0845eb7504e7ac0d30b04fc724\",\"name\":\"Xavier\",\"image\":{\"@type\":\"ImageObject\",\"inLanguage\":\"fr-FR\",\"@id\":\"https:\\\/\\\/secure.gravatar.com\\\/avatar\\\/ffb6d5ada7569959161d7e666c264373bd0a900188ef369643d330e156b456fa?s=96&r=g\",\"url\":\"https:\\\/\\\/secure.gravatar.com\\\/avatar\\\/ffb6d5ada7569959161d7e666c264373bd0a900188ef369643d330e156b456fa?s=96&r=g\",\"contentUrl\":\"https:\\\/\\\/secure.gravatar.com\\\/avatar\\\/ffb6d5ada7569959161d7e666c264373bd0a900188ef369643d330e156b456fa?s=96&r=g\",\"caption\":\"Xavier\"},\"url\":\"https:\\\/\\\/www.aupadre.fr\\\/?author=2\"}]}<\/script>\n<!-- \/ Yoast SEO plugin. -->","yoast_head_json":{"title":"NON A LA PRIVATISATION DE LA LIGNE N - Communiqu\u00e9 d'AUPADRE - AUPADRE","robots":{"index":"index","follow":"follow","max-snippet":"max-snippet:-1","max-image-preview":"max-image-preview:large","max-video-preview":"max-video-preview:-1"},"canonical":"http:\/\/www.aupadre.fr\/?p=1944","og_locale":"fr_FR","og_type":"article","og_title":"NON A LA PRIVATISATION DE LA LIGNE N - Communiqu\u00e9 d'AUPADRE - AUPADRE","og_description":"Aupadre s\u2019oppose \u00e0 la privatisation sc\u00e9l\u00e9rate de la ligne N pr\u00e9vue au vote du Conseil d\u2019Administration d\u2019\u00cele-de-France Mobilit\u00e9s (IDFM) le 12 novembre prochain et a mandat\u00e9 l\u2019Association des Usagers des Transports d\u2019Ile-de-France (AUT) pour voter contre. A l&rsquo;\u00e9vidence, la collectivit\u00e9&hellip;","og_url":"http:\/\/www.aupadre.fr\/?p=1944","og_site_name":"AUPADRE","article_published_time":"2024-11-10T22:26:44+00:00","article_modified_time":"2025-09-19T07:01:15+00:00","author":"Xavier","twitter_card":"summary_large_image","twitter_misc":{"\u00c9crit par":"Xavier","Dur\u00e9e de lecture estim\u00e9e":"3 minutes"},"schema":{"@context":"https:\/\/schema.org","@graph":[{"@type":"Article","@id":"http:\/\/www.aupadre.fr\/?p=1944#article","isPartOf":{"@id":"http:\/\/www.aupadre.fr\/?p=1944"},"author":{"name":"Xavier","@id":"http:\/\/www.aupadre.fr\/#\/schema\/person\/a4d65d0845eb7504e7ac0d30b04fc724"},"headline":"NON A LA PRIVATISATION DE LA LIGNE N &#8211; Communiqu\u00e9 d&rsquo;AUPADRE","datePublished":"2024-11-10T22:26:44+00:00","dateModified":"2025-09-19T07:01:15+00:00","mainEntityOfPage":{"@id":"http:\/\/www.aupadre.fr\/?p=1944"},"wordCount":584,"commentCount":0,"articleSection":["Actions en cours"],"inLanguage":"fr-FR","potentialAction":[{"@type":"CommentAction","name":"Comment","target":["http:\/\/www.aupadre.fr\/?p=1944#respond"]}]},{"@type":"WebPage","@id":"http:\/\/www.aupadre.fr\/?p=1944","url":"http:\/\/www.aupadre.fr\/?p=1944","name":"NON A LA PRIVATISATION DE LA LIGNE N - Communiqu\u00e9 d'AUPADRE - AUPADRE","isPartOf":{"@id":"http:\/\/www.aupadre.fr\/#website"},"datePublished":"2024-11-10T22:26:44+00:00","dateModified":"2025-09-19T07:01:15+00:00","author":{"@id":"http:\/\/www.aupadre.fr\/#\/schema\/person\/a4d65d0845eb7504e7ac0d30b04fc724"},"breadcrumb":{"@id":"http:\/\/www.aupadre.fr\/?p=1944#breadcrumb"},"inLanguage":"fr-FR","potentialAction":[{"@type":"ReadAction","target":["http:\/\/www.aupadre.fr\/?p=1944"]}]},{"@type":"BreadcrumbList","@id":"http:\/\/www.aupadre.fr\/?p=1944#breadcrumb","itemListElement":[{"@type":"ListItem","position":1,"name":"Accueil","item":"http:\/\/www.aupadre.fr\/"},{"@type":"ListItem","position":2,"name":"NON A LA PRIVATISATION DE LA LIGNE N &#8211; Communiqu\u00e9 d&rsquo;AUPADRE"}]},{"@type":"WebSite","@id":"http:\/\/www.aupadre.fr\/#website","url":"http:\/\/www.aupadre.fr\/","name":"AUPADRE","description":"Vogue la Gal\u00e8re sur les Rails !!!","potentialAction":[{"@type":"SearchAction","target":{"@type":"EntryPoint","urlTemplate":"http:\/\/www.aupadre.fr\/?s={search_term_string}"},"query-input":{"@type":"PropertyValueSpecification","valueRequired":true,"valueName":"search_term_string"}}],"inLanguage":"fr-FR"},{"@type":"Person","@id":"http:\/\/www.aupadre.fr\/#\/schema\/person\/a4d65d0845eb7504e7ac0d30b04fc724","name":"Xavier","image":{"@type":"ImageObject","inLanguage":"fr-FR","@id":"https:\/\/secure.gravatar.com\/avatar\/ffb6d5ada7569959161d7e666c264373bd0a900188ef369643d330e156b456fa?s=96&r=g","url":"https:\/\/secure.gravatar.com\/avatar\/ffb6d5ada7569959161d7e666c264373bd0a900188ef369643d330e156b456fa?s=96&r=g","contentUrl":"https:\/\/secure.gravatar.com\/avatar\/ffb6d5ada7569959161d7e666c264373bd0a900188ef369643d330e156b456fa?s=96&r=g","caption":"Xavier"},"url":"https:\/\/www.aupadre.fr\/?author=2"}]}},"_links":{"self":[{"href":"https:\/\/www.aupadre.fr\/index.php?rest_route=\/wp\/v2\/posts\/1944","targetHints":{"allow":["GET"]}}],"collection":[{"href":"https:\/\/www.aupadre.fr\/index.php?rest_route=\/wp\/v2\/posts"}],"about":[{"href":"https:\/\/www.aupadre.fr\/index.php?rest_route=\/wp\/v2\/types\/post"}],"author":[{"embeddable":true,"href":"https:\/\/www.aupadre.fr\/index.php?rest_route=\/wp\/v2\/users\/2"}],"replies":[{"embeddable":true,"href":"https:\/\/www.aupadre.fr\/index.php?rest_route=%2Fwp%2Fv2%2Fcomments&post=1944"}],"version-history":[{"count":2,"href":"https:\/\/www.aupadre.fr\/index.php?rest_route=\/wp\/v2\/posts\/1944\/revisions"}],"predecessor-version":[{"id":1990,"href":"https:\/\/www.aupadre.fr\/index.php?rest_route=\/wp\/v2\/posts\/1944\/revisions\/1990"}],"wp:attachment":[{"href":"https:\/\/www.aupadre.fr\/index.php?rest_route=%2Fwp%2Fv2%2Fmedia&parent=1944"}],"wp:term":[{"taxonomy":"category","embeddable":true,"href":"https:\/\/www.aupadre.fr\/index.php?rest_route=%2Fwp%2Fv2%2Fcategories&post=1944"},{"taxonomy":"post_tag","embeddable":true,"href":"https:\/\/www.aupadre.fr\/index.php?rest_route=%2Fwp%2Fv2%2Ftags&post=1944"}],"curies":[{"name":"wp","href":"https:\/\/api.w.org\/{rel}","templated":true}]}}