{"id":194,"date":"2014-07-01T09:22:48","date_gmt":"2014-07-01T08:22:48","guid":{"rendered":"http:\/\/www.aupadre.fr\/?p=194"},"modified":"2015-03-25T09:52:55","modified_gmt":"2015-03-25T08:52:55","slug":"actions-de-letat-en-matiere-de-transport-urbain-jm-tetart-depute-26-fevrier2014","status":"publish","type":"post","link":"https:\/\/www.aupadre.fr\/?p=194","title":{"rendered":"Action de l&rsquo;Etat en mati\u00e8re de transport urbain, Intervention du d\u00e9put\u00e9, 26 f\u00e9vrier 2014"},"content":{"rendered":"<p>Le 26 f\u00e9vrier, l&rsquo;\u00e9lu de notre territoire, en charge des transports urbains au Conseil G\u00e9n\u00e9ral des Yvelines et membre du STIF, JM T\u00e9tart, \u00a0est intervenu \u00e0 l&rsquo;Assembl\u00e9e dans le d\u00e9bat sur l&rsquo;Action de l&rsquo;Etat en mati\u00e8re de <strong><span style=\"text-decoration: underline;\">transport urbai<\/span><span style=\"text-decoration: underline;\">n<\/span><\/strong>.<\/p>\n<p>S&rsquo;appuyant sur les situations probl\u00e9matiques que vivent bon nombre \u00a0des usagers de la ligne N et clients de la SNCF, il plaide pour des trains \u00e0 l&rsquo;heure, confortables, reliant correctement par bus les communes les moins bien desservies, pour un v\u00e9ritable projet du STIF pour la desserte des zones du STIF les plus \u00e9loign\u00e9es des grands centres urbains.<\/p>\n<h2>\u00a0retrouvez la vid\u00e9o et l&rsquo;int\u00e9grale du d\u00e9bat sur le site de l&rsquo;assembl\u00e9e\u00a0<a href=\"http:\/\/videos.assemblee-nationale.fr\/video.5264.2005495.2eme-seance--action-de-l-etat-en-matiere-de-transports-urbains-debat-26-fevrier-2014#\"> ici<\/a><\/h2>\n","protected":false},"excerpt":{"rendered":"<p>Le 26 f\u00e9vrier, l&rsquo;\u00e9lu de notre territoire, en charge des transports urbains au Conseil G\u00e9n\u00e9ral des Yvelines et membre du STIF, JM T\u00e9tart, \u00a0est intervenu \u00e0 l&rsquo;Assembl\u00e9e dans le d\u00e9bat sur l&rsquo;Action de l&rsquo;Etat en mati\u00e8re de transport urbain. S&rsquo;appuyant&hellip; <\/p>\n","protected":false},"author":2,"featured_media":0,"comment_status":"open","ping_status":"open","sticky":false,"template":"","format":"standard","meta":{"_monsterinsights_skip_tracking":false,"_monsterinsights_sitenote_active":false,"_monsterinsights_sitenote_note":"","_monsterinsights_sitenote_category":0,"footnotes":""},"categories":[5],"tags":[84,85,50,73],"class_list":["post-194","post","type-post","status-publish","format-standard","hentry","category-liens","tag-84","tag-action-de-letat","tag-elus","tag-stif"],"yoast_head":"<!-- This site is optimized with the Yoast SEO plugin v27.5 - https:\/\/yoast.com\/product\/yoast-seo-wordpress\/ -->\n<title>Action de l&#039;Etat en mati\u00e8re de transport urbain, Intervention du d\u00e9put\u00e9, 26 f\u00e9vrier 2014 - AUPADRE<\/title>\n<meta name=\"robots\" content=\"index, follow, max-snippet:-1, max-image-preview:large, max-video-preview:-1\" \/>\n<link rel=\"canonical\" href=\"https:\/\/www.aupadre.fr\/?p=194\" \/>\n<meta property=\"og:locale\" content=\"fr_FR\" \/>\n<meta property=\"og:type\" content=\"article\" \/>\n<meta property=\"og:title\" content=\"Action de l&#039;Etat en mati\u00e8re de transport urbain, Intervention du d\u00e9put\u00e9, 26 f\u00e9vrier 2014 - AUPADRE\" \/>\n<meta property=\"og:description\" content=\"Le 26 f\u00e9vrier, l&rsquo;\u00e9lu de notre territoire, en charge des transports urbains au Conseil G\u00e9n\u00e9ral des Yvelines et membre du STIF, JM T\u00e9tart, \u00a0est intervenu \u00e0 l&rsquo;Assembl\u00e9e dans le d\u00e9bat sur l&rsquo;Action de l&rsquo;Etat en mati\u00e8re de transport urbain. S&rsquo;appuyant&hellip;\" \/>\n<meta property=\"og:url\" content=\"https:\/\/www.aupadre.fr\/?p=194\" \/>\n<meta property=\"og:site_name\" content=\"AUPADRE\" \/>\n<meta property=\"article:published_time\" content=\"2014-07-01T08:22:48+00:00\" \/>\n<meta property=\"article:modified_time\" content=\"2015-03-25T08:52:55+00:00\" \/>\n<meta name=\"author\" content=\"Xavier\" \/>\n<meta name=\"twitter:card\" content=\"summary_large_image\" \/>\n<meta name=\"twitter:label1\" content=\"\u00c9crit par\" \/>\n\t<meta name=\"twitter:data1\" content=\"Xavier\" \/>\n\t<meta name=\"twitter:label2\" content=\"Dur\u00e9e de lecture estim\u00e9e\" \/>\n\t<meta name=\"twitter:data2\" content=\"1 minute\" \/>\n<script type=\"application\/ld+json\" class=\"yoast-schema-graph\">{\"@context\":\"https:\\\/\\\/schema.org\",\"@graph\":[{\"@type\":\"Article\",\"@id\":\"https:\\\/\\\/www.aupadre.fr\\\/?p=194#article\",\"isPartOf\":{\"@id\":\"https:\\\/\\\/www.aupadre.fr\\\/?p=194\"},\"author\":{\"name\":\"Xavier\",\"@id\":\"http:\\\/\\\/www.aupadre.fr\\\/#\\\/schema\\\/person\\\/a4d65d0845eb7504e7ac0d30b04fc724\"},\"headline\":\"Action de l&rsquo;Etat en mati\u00e8re de transport urbain, Intervention du d\u00e9put\u00e9, 26 f\u00e9vrier 2014\",\"datePublished\":\"2014-07-01T08:22:48+00:00\",\"dateModified\":\"2015-03-25T08:52:55+00:00\",\"mainEntityOfPage\":{\"@id\":\"https:\\\/\\\/www.aupadre.fr\\\/?p=194\"},\"wordCount\":146,\"commentCount\":0,\"keywords\":[\"2014\",\"Action de l'Etat\",\"\u00c9lus\",\"STIF\"],\"articleSection\":[\"Liens et astuces\"],\"inLanguage\":\"fr-FR\",\"potentialAction\":[{\"@type\":\"CommentAction\",\"name\":\"Comment\",\"target\":[\"https:\\\/\\\/www.aupadre.fr\\\/?p=194#respond\"]}]},{\"@type\":\"WebPage\",\"@id\":\"https:\\\/\\\/www.aupadre.fr\\\/?p=194\",\"url\":\"https:\\\/\\\/www.aupadre.fr\\\/?p=194\",\"name\":\"Action de l'Etat en mati\u00e8re de transport urbain, Intervention du d\u00e9put\u00e9, 26 f\u00e9vrier 2014 - AUPADRE\",\"isPartOf\":{\"@id\":\"http:\\\/\\\/www.aupadre.fr\\\/#website\"},\"datePublished\":\"2014-07-01T08:22:48+00:00\",\"dateModified\":\"2015-03-25T08:52:55+00:00\",\"author\":{\"@id\":\"http:\\\/\\\/www.aupadre.fr\\\/#\\\/schema\\\/person\\\/a4d65d0845eb7504e7ac0d30b04fc724\"},\"breadcrumb\":{\"@id\":\"https:\\\/\\\/www.aupadre.fr\\\/?p=194#breadcrumb\"},\"inLanguage\":\"fr-FR\",\"potentialAction\":[{\"@type\":\"ReadAction\",\"target\":[\"https:\\\/\\\/www.aupadre.fr\\\/?p=194\"]}]},{\"@type\":\"BreadcrumbList\",\"@id\":\"https:\\\/\\\/www.aupadre.fr\\\/?p=194#breadcrumb\",\"itemListElement\":[{\"@type\":\"ListItem\",\"position\":1,\"name\":\"Accueil\",\"item\":\"http:\\\/\\\/www.aupadre.fr\\\/\"},{\"@type\":\"ListItem\",\"position\":2,\"name\":\"Action de l&rsquo;Etat en mati\u00e8re de transport urbain, Intervention du d\u00e9put\u00e9, 26 f\u00e9vrier 2014\"}]},{\"@type\":\"WebSite\",\"@id\":\"http:\\\/\\\/www.aupadre.fr\\\/#website\",\"url\":\"http:\\\/\\\/www.aupadre.fr\\\/\",\"name\":\"AUPADRE\",\"description\":\"Vogue la Gal\u00e8re sur les Rails !!!\",\"potentialAction\":[{\"@type\":\"SearchAction\",\"target\":{\"@type\":\"EntryPoint\",\"urlTemplate\":\"http:\\\/\\\/www.aupadre.fr\\\/?s={search_term_string}\"},\"query-input\":{\"@type\":\"PropertyValueSpecification\",\"valueRequired\":true,\"valueName\":\"search_term_string\"}}],\"inLanguage\":\"fr-FR\"},{\"@type\":\"Person\",\"@id\":\"http:\\\/\\\/www.aupadre.fr\\\/#\\\/schema\\\/person\\\/a4d65d0845eb7504e7ac0d30b04fc724\",\"name\":\"Xavier\",\"image\":{\"@type\":\"ImageObject\",\"inLanguage\":\"fr-FR\",\"@id\":\"https:\\\/\\\/secure.gravatar.com\\\/avatar\\\/ffb6d5ada7569959161d7e666c264373bd0a900188ef369643d330e156b456fa?s=96&r=g\",\"url\":\"https:\\\/\\\/secure.gravatar.com\\\/avatar\\\/ffb6d5ada7569959161d7e666c264373bd0a900188ef369643d330e156b456fa?s=96&r=g\",\"contentUrl\":\"https:\\\/\\\/secure.gravatar.com\\\/avatar\\\/ffb6d5ada7569959161d7e666c264373bd0a900188ef369643d330e156b456fa?s=96&r=g\",\"caption\":\"Xavier\"},\"url\":\"https:\\\/\\\/www.aupadre.fr\\\/?author=2\"}]}<\/script>\n<!-- \/ Yoast SEO plugin. -->","yoast_head_json":{"title":"Action de l'Etat en mati\u00e8re de transport urbain, Intervention du d\u00e9put\u00e9, 26 f\u00e9vrier 2014 - AUPADRE","robots":{"index":"index","follow":"follow","max-snippet":"max-snippet:-1","max-image-preview":"max-image-preview:large","max-video-preview":"max-video-preview:-1"},"canonical":"https:\/\/www.aupadre.fr\/?p=194","og_locale":"fr_FR","og_type":"article","og_title":"Action de l'Etat en mati\u00e8re de transport urbain, Intervention du d\u00e9put\u00e9, 26 f\u00e9vrier 2014 - AUPADRE","og_description":"Le 26 f\u00e9vrier, l&rsquo;\u00e9lu de notre territoire, en charge des transports urbains au Conseil G\u00e9n\u00e9ral des Yvelines et membre du STIF, JM T\u00e9tart, \u00a0est intervenu \u00e0 l&rsquo;Assembl\u00e9e dans le d\u00e9bat sur l&rsquo;Action de l&rsquo;Etat en mati\u00e8re de transport urbain. S&rsquo;appuyant&hellip;","og_url":"https:\/\/www.aupadre.fr\/?p=194","og_site_name":"AUPADRE","article_published_time":"2014-07-01T08:22:48+00:00","article_modified_time":"2015-03-25T08:52:55+00:00","author":"Xavier","twitter_card":"summary_large_image","twitter_misc":{"\u00c9crit par":"Xavier","Dur\u00e9e de lecture estim\u00e9e":"1 minute"},"schema":{"@context":"https:\/\/schema.org","@graph":[{"@type":"Article","@id":"https:\/\/www.aupadre.fr\/?p=194#article","isPartOf":{"@id":"https:\/\/www.aupadre.fr\/?p=194"},"author":{"name":"Xavier","@id":"http:\/\/www.aupadre.fr\/#\/schema\/person\/a4d65d0845eb7504e7ac0d30b04fc724"},"headline":"Action de l&rsquo;Etat en mati\u00e8re de transport urbain, Intervention du d\u00e9put\u00e9, 26 f\u00e9vrier 2014","datePublished":"2014-07-01T08:22:48+00:00","dateModified":"2015-03-25T08:52:55+00:00","mainEntityOfPage":{"@id":"https:\/\/www.aupadre.fr\/?p=194"},"wordCount":146,"commentCount":0,"keywords":["2014","Action de l'Etat","\u00c9lus","STIF"],"articleSection":["Liens et astuces"],"inLanguage":"fr-FR","potentialAction":[{"@type":"CommentAction","name":"Comment","target":["https:\/\/www.aupadre.fr\/?p=194#respond"]}]},{"@type":"WebPage","@id":"https:\/\/www.aupadre.fr\/?p=194","url":"https:\/\/www.aupadre.fr\/?p=194","name":"Action de l'Etat en mati\u00e8re de transport urbain, Intervention du d\u00e9put\u00e9, 26 f\u00e9vrier 2014 - AUPADRE","isPartOf":{"@id":"http:\/\/www.aupadre.fr\/#website"},"datePublished":"2014-07-01T08:22:48+00:00","dateModified":"2015-03-25T08:52:55+00:00","author":{"@id":"http:\/\/www.aupadre.fr\/#\/schema\/person\/a4d65d0845eb7504e7ac0d30b04fc724"},"breadcrumb":{"@id":"https:\/\/www.aupadre.fr\/?p=194#breadcrumb"},"inLanguage":"fr-FR","potentialAction":[{"@type":"ReadAction","target":["https:\/\/www.aupadre.fr\/?p=194"]}]},{"@type":"BreadcrumbList","@id":"https:\/\/www.aupadre.fr\/?p=194#breadcrumb","itemListElement":[{"@type":"ListItem","position":1,"name":"Accueil","item":"http:\/\/www.aupadre.fr\/"},{"@type":"ListItem","position":2,"name":"Action de l&rsquo;Etat en mati\u00e8re de transport urbain, Intervention du d\u00e9put\u00e9, 26 f\u00e9vrier 2014"}]},{"@type":"WebSite","@id":"http:\/\/www.aupadre.fr\/#website","url":"http:\/\/www.aupadre.fr\/","name":"AUPADRE","description":"Vogue la Gal\u00e8re sur les Rails !!!","potentialAction":[{"@type":"SearchAction","target":{"@type":"EntryPoint","urlTemplate":"http:\/\/www.aupadre.fr\/?s={search_term_string}"},"query-input":{"@type":"PropertyValueSpecification","valueRequired":true,"valueName":"search_term_string"}}],"inLanguage":"fr-FR"},{"@type":"Person","@id":"http:\/\/www.aupadre.fr\/#\/schema\/person\/a4d65d0845eb7504e7ac0d30b04fc724","name":"Xavier","image":{"@type":"ImageObject","inLanguage":"fr-FR","@id":"https:\/\/secure.gravatar.com\/avatar\/ffb6d5ada7569959161d7e666c264373bd0a900188ef369643d330e156b456fa?s=96&r=g","url":"https:\/\/secure.gravatar.com\/avatar\/ffb6d5ada7569959161d7e666c264373bd0a900188ef369643d330e156b456fa?s=96&r=g","contentUrl":"https:\/\/secure.gravatar.com\/avatar\/ffb6d5ada7569959161d7e666c264373bd0a900188ef369643d330e156b456fa?s=96&r=g","caption":"Xavier"},"url":"https:\/\/www.aupadre.fr\/?author=2"}]}},"_links":{"self":[{"href":"https:\/\/www.aupadre.fr\/index.php?rest_route=\/wp\/v2\/posts\/194","targetHints":{"allow":["GET"]}}],"collection":[{"href":"https:\/\/www.aupadre.fr\/index.php?rest_route=\/wp\/v2\/posts"}],"about":[{"href":"https:\/\/www.aupadre.fr\/index.php?rest_route=\/wp\/v2\/types\/post"}],"author":[{"embeddable":true,"href":"https:\/\/www.aupadre.fr\/index.php?rest_route=\/wp\/v2\/users\/2"}],"replies":[{"embeddable":true,"href":"https:\/\/www.aupadre.fr\/index.php?rest_route=%2Fwp%2Fv2%2Fcomments&post=194"}],"version-history":[{"count":12,"href":"https:\/\/www.aupadre.fr\/index.php?rest_route=\/wp\/v2\/posts\/194\/revisions"}],"predecessor-version":[{"id":541,"href":"https:\/\/www.aupadre.fr\/index.php?rest_route=\/wp\/v2\/posts\/194\/revisions\/541"}],"wp:attachment":[{"href":"https:\/\/www.aupadre.fr\/index.php?rest_route=%2Fwp%2Fv2%2Fmedia&parent=194"}],"wp:term":[{"taxonomy":"category","embeddable":true,"href":"https:\/\/www.aupadre.fr\/index.php?rest_route=%2Fwp%2Fv2%2Fcategories&post=194"},{"taxonomy":"post_tag","embeddable":true,"href":"https:\/\/www.aupadre.fr\/index.php?rest_route=%2Fwp%2Fv2%2Ftags&post=194"}],"curies":[{"name":"wp","href":"https:\/\/api.w.org\/{rel}","templated":true}]}}