{"id":1936,"date":"2024-10-01T23:19:01","date_gmt":"2024-10-01T21:19:01","guid":{"rendered":"http:\/\/www.aupadre.fr\/?p=1936"},"modified":"2025-08-30T15:09:50","modified_gmt":"2025-08-30T13:09:50","slug":"nouvelle-concertation-sur-la-ligne-n","status":"publish","type":"post","link":"https:\/\/www.aupadre.fr\/?p=1936","title":{"rendered":"Nouvelle concertation sur la ligne N"},"content":{"rendered":"\n<p>IDFM lance une nouvelle Grande Concertation sur la Ligne N jusqu&rsquo;en f\u00e9vrier 2025. Ce n&rsquo;est pas sans rappeler celle nomm\u00e9e \u00ab\u00a0Le Grand D\u00e9bat\u00a0\u00bb lanc\u00e9e par l&rsquo;Elys\u00e9e en 2019. Il en est sorti notamment la Loi d&rsquo;Orientations sur la Mobilit\u00e9s et beaucoup d&rsquo;encre et d&rsquo;heures d&rsquo;antenne. Mais au-del\u00e0, qu&rsquo;en est-il sorti de concret en bient\u00f4t 5 ans ? <\/p>\n\n\n\n<p>La Loi d\u2019Orientations des Mobilit\u00e9s avait \u00ab\u00a0un objectif simple : des transports du quotidien \u00e0 la fois plus faciles, moins co\u00fbteux et plus propres\u00a0\u00bb. Elle reprenait notamment quelques-uns des sujets de nos contributions <em>toujours d\u2019actualit\u00e9 <\/em>au Grand D\u00e9bat que nous rassemblons \u00e0 nouveau ici :<\/p>\n\n\n\n<p>Participation d\u2019Aupadre au \u00ab&nbsp;Grand d\u00e9bat&nbsp;\u00bb&nbsp;: <a href=\"http:\/\/www.aupadre.fr\/?p=958\">http:\/\/www.aupadre.fr\/?p=958<\/a><\/p>\n\n\n\n<p>Grand d\u00e9bat&nbsp;: le stationnement aupr\u00e8s des gares, enjeu&nbsp;d\u2019acc\u00e8s aux emplois et aux \u00e9tudes \u2013 Aupadre f\u00e9vrier 2019 : <a href=\"http:\/\/www.aupadre.fr\/?p=914\" target=\"_blank\" rel=\"noreferrer noopener\">http:\/\/www.aupadre.fr\/?p=914<\/a><\/p>\n\n\n\n<p>Grand d\u00e9bat&nbsp;: le co\u00fbt social des mauvais transports en commun, un enjeu d\u2019\u00e9quit\u00e9&nbsp;\u2013 Aupadre f\u00e9vrier 2019 : <a href=\"http:\/\/www.aupadre.fr\/?p=911\">http:\/\/www.aupadre.fr\/?p=911<\/a><\/p>\n\n\n\n<p>Le projet de Loi d\u2019Orientation des Mobilit\u00e9s&nbsp;\u2013 Aupadre juin 2019 : <a href=\"https:\/\/www.aupadre.fr\/?p=967\">https:\/\/www.aupadre.fr\/?p=967<\/a><\/p>\n\n\n\n<p>Grand d\u00e9bat&nbsp;: la situation in\u00e9galitaire des femmes dans les transports en commun&nbsp;\u2013 janv 2019 : <a href=\"https:\/\/www.aupadre.fr\/?p=892\">https:\/\/www.aupadre.fr\/?p=892<\/a><\/p>\n","protected":false},"excerpt":{"rendered":"<p>IDFM lance une nouvelle Grande Concertation sur la Ligne N jusqu&rsquo;en f\u00e9vrier 2025. Ce n&rsquo;est pas sans rappeler celle nomm\u00e9e \u00ab\u00a0Le Grand D\u00e9bat\u00a0\u00bb lanc\u00e9e par l&rsquo;Elys\u00e9e en 2019. Il en est sorti notamment la Loi d&rsquo;Orientations sur la Mobilit\u00e9s et&hellip; <\/p>\n","protected":false},"author":2,"featured_media":1930,"comment_status":"open","ping_status":"open","sticky":false,"template":"","format":"standard","meta":{"_monsterinsights_skip_tracking":false,"_monsterinsights_sitenote_active":false,"_monsterinsights_sitenote_note":"","_monsterinsights_sitenote_category":0,"footnotes":""},"categories":[1],"tags":[118,172,50,180,33,179,178,21],"class_list":["post-1936","post","type-post","status-publish","format-standard","has-post-thumbnail","hentry","category-actions-encours","tag-118","tag-172","tag-elus","tag-equite","tag-ligne-n","tag-loi-dorientations-des-mobilites","tag-lom","tag-parkings"],"yoast_head":"<!-- This site is optimized with the Yoast SEO plugin v27.5 - https:\/\/yoast.com\/product\/yoast-seo-wordpress\/ -->\n<title>Nouvelle concertation sur la ligne N - AUPADRE<\/title>\n<meta name=\"robots\" content=\"index, follow, max-snippet:-1, max-image-preview:large, max-video-preview:-1\" \/>\n<link rel=\"canonical\" href=\"http:\/\/www.aupadre.fr\/?p=1936\" \/>\n<meta property=\"og:locale\" content=\"fr_FR\" \/>\n<meta property=\"og:type\" content=\"article\" \/>\n<meta property=\"og:title\" content=\"Nouvelle concertation sur la ligne N - AUPADRE\" \/>\n<meta property=\"og:description\" content=\"IDFM lance une nouvelle Grande Concertation sur la Ligne N jusqu&rsquo;en f\u00e9vrier 2025. Ce n&rsquo;est pas sans rappeler celle nomm\u00e9e \u00ab\u00a0Le Grand D\u00e9bat\u00a0\u00bb lanc\u00e9e par l&rsquo;Elys\u00e9e en 2019. Il en est sorti notamment la Loi d&rsquo;Orientations sur la Mobilit\u00e9s et&hellip;\" \/>\n<meta property=\"og:url\" content=\"http:\/\/www.aupadre.fr\/?p=1936\" \/>\n<meta property=\"og:site_name\" content=\"AUPADRE\" \/>\n<meta property=\"article:published_time\" content=\"2024-10-01T21:19:01+00:00\" \/>\n<meta property=\"article:modified_time\" content=\"2025-08-30T13:09:50+00:00\" \/>\n<meta property=\"og:image\" content=\"http:\/\/www.aupadre.fr\/wp-content\/uploads\/2024\/10\/LOM.jpg\" \/>\n\t<meta property=\"og:image:width\" content=\"474\" \/>\n\t<meta property=\"og:image:height\" content=\"237\" \/>\n\t<meta property=\"og:image:type\" content=\"image\/jpeg\" \/>\n<meta name=\"author\" content=\"Xavier\" \/>\n<meta name=\"twitter:card\" content=\"summary_large_image\" \/>\n<meta name=\"twitter:label1\" content=\"\u00c9crit par\" \/>\n\t<meta name=\"twitter:data1\" content=\"Xavier\" \/>\n\t<meta name=\"twitter:label2\" content=\"Dur\u00e9e de lecture estim\u00e9e\" \/>\n\t<meta name=\"twitter:data2\" content=\"1 minute\" \/>\n<script type=\"application\/ld+json\" class=\"yoast-schema-graph\">{\"@context\":\"https:\\\/\\\/schema.org\",\"@graph\":[{\"@type\":\"Article\",\"@id\":\"http:\\\/\\\/www.aupadre.fr\\\/?p=1936#article\",\"isPartOf\":{\"@id\":\"http:\\\/\\\/www.aupadre.fr\\\/?p=1936\"},\"author\":{\"name\":\"Xavier\",\"@id\":\"http:\\\/\\\/www.aupadre.fr\\\/#\\\/schema\\\/person\\\/a4d65d0845eb7504e7ac0d30b04fc724\"},\"headline\":\"Nouvelle concertation sur la ligne N\",\"datePublished\":\"2024-10-01T21:19:01+00:00\",\"dateModified\":\"2025-08-30T13:09:50+00:00\",\"mainEntityOfPage\":{\"@id\":\"http:\\\/\\\/www.aupadre.fr\\\/?p=1936\"},\"wordCount\":228,\"commentCount\":0,\"image\":{\"@id\":\"http:\\\/\\\/www.aupadre.fr\\\/?p=1936#primaryimage\"},\"thumbnailUrl\":\"https:\\\/\\\/www.aupadre.fr\\\/wp-content\\\/uploads\\\/2024\\\/10\\\/LOM.jpg\",\"keywords\":[\"2019\",\"2024\",\"\u00c9lus\",\"\u00e9quit\u00e9\",\"ligne N\",\"Loi d'Orientations des Mobilit\u00e9s\",\"LOM\",\"Parkings\"],\"articleSection\":[\"Actions en cours\"],\"inLanguage\":\"fr-FR\",\"potentialAction\":[{\"@type\":\"CommentAction\",\"name\":\"Comment\",\"target\":[\"http:\\\/\\\/www.aupadre.fr\\\/?p=1936#respond\"]}]},{\"@type\":\"WebPage\",\"@id\":\"http:\\\/\\\/www.aupadre.fr\\\/?p=1936\",\"url\":\"http:\\\/\\\/www.aupadre.fr\\\/?p=1936\",\"name\":\"Nouvelle concertation sur la ligne N - AUPADRE\",\"isPartOf\":{\"@id\":\"http:\\\/\\\/www.aupadre.fr\\\/#website\"},\"primaryImageOfPage\":{\"@id\":\"http:\\\/\\\/www.aupadre.fr\\\/?p=1936#primaryimage\"},\"image\":{\"@id\":\"http:\\\/\\\/www.aupadre.fr\\\/?p=1936#primaryimage\"},\"thumbnailUrl\":\"https:\\\/\\\/www.aupadre.fr\\\/wp-content\\\/uploads\\\/2024\\\/10\\\/LOM.jpg\",\"datePublished\":\"2024-10-01T21:19:01+00:00\",\"dateModified\":\"2025-08-30T13:09:50+00:00\",\"author\":{\"@id\":\"http:\\\/\\\/www.aupadre.fr\\\/#\\\/schema\\\/person\\\/a4d65d0845eb7504e7ac0d30b04fc724\"},\"breadcrumb\":{\"@id\":\"http:\\\/\\\/www.aupadre.fr\\\/?p=1936#breadcrumb\"},\"inLanguage\":\"fr-FR\",\"potentialAction\":[{\"@type\":\"ReadAction\",\"target\":[\"http:\\\/\\\/www.aupadre.fr\\\/?p=1936\"]}]},{\"@type\":\"ImageObject\",\"inLanguage\":\"fr-FR\",\"@id\":\"http:\\\/\\\/www.aupadre.fr\\\/?p=1936#primaryimage\",\"url\":\"https:\\\/\\\/www.aupadre.fr\\\/wp-content\\\/uploads\\\/2024\\\/10\\\/LOM.jpg\",\"contentUrl\":\"https:\\\/\\\/www.aupadre.fr\\\/wp-content\\\/uploads\\\/2024\\\/10\\\/LOM.jpg\",\"width\":474,\"height\":237},{\"@type\":\"BreadcrumbList\",\"@id\":\"http:\\\/\\\/www.aupadre.fr\\\/?p=1936#breadcrumb\",\"itemListElement\":[{\"@type\":\"ListItem\",\"position\":1,\"name\":\"Accueil\",\"item\":\"http:\\\/\\\/www.aupadre.fr\\\/\"},{\"@type\":\"ListItem\",\"position\":2,\"name\":\"Nouvelle concertation sur la ligne N\"}]},{\"@type\":\"WebSite\",\"@id\":\"http:\\\/\\\/www.aupadre.fr\\\/#website\",\"url\":\"http:\\\/\\\/www.aupadre.fr\\\/\",\"name\":\"AUPADRE\",\"description\":\"Vogue la Gal\u00e8re sur les Rails !!!\",\"potentialAction\":[{\"@type\":\"SearchAction\",\"target\":{\"@type\":\"EntryPoint\",\"urlTemplate\":\"http:\\\/\\\/www.aupadre.fr\\\/?s={search_term_string}\"},\"query-input\":{\"@type\":\"PropertyValueSpecification\",\"valueRequired\":true,\"valueName\":\"search_term_string\"}}],\"inLanguage\":\"fr-FR\"},{\"@type\":\"Person\",\"@id\":\"http:\\\/\\\/www.aupadre.fr\\\/#\\\/schema\\\/person\\\/a4d65d0845eb7504e7ac0d30b04fc724\",\"name\":\"Xavier\",\"image\":{\"@type\":\"ImageObject\",\"inLanguage\":\"fr-FR\",\"@id\":\"https:\\\/\\\/secure.gravatar.com\\\/avatar\\\/ffb6d5ada7569959161d7e666c264373bd0a900188ef369643d330e156b456fa?s=96&r=g\",\"url\":\"https:\\\/\\\/secure.gravatar.com\\\/avatar\\\/ffb6d5ada7569959161d7e666c264373bd0a900188ef369643d330e156b456fa?s=96&r=g\",\"contentUrl\":\"https:\\\/\\\/secure.gravatar.com\\\/avatar\\\/ffb6d5ada7569959161d7e666c264373bd0a900188ef369643d330e156b456fa?s=96&r=g\",\"caption\":\"Xavier\"},\"url\":\"https:\\\/\\\/www.aupadre.fr\\\/?author=2\"}]}<\/script>\n<!-- \/ Yoast SEO plugin. -->","yoast_head_json":{"title":"Nouvelle concertation sur la ligne N - AUPADRE","robots":{"index":"index","follow":"follow","max-snippet":"max-snippet:-1","max-image-preview":"max-image-preview:large","max-video-preview":"max-video-preview:-1"},"canonical":"http:\/\/www.aupadre.fr\/?p=1936","og_locale":"fr_FR","og_type":"article","og_title":"Nouvelle concertation sur la ligne N - AUPADRE","og_description":"IDFM lance une nouvelle Grande Concertation sur la Ligne N jusqu&rsquo;en f\u00e9vrier 2025. Ce n&rsquo;est pas sans rappeler celle nomm\u00e9e \u00ab\u00a0Le Grand D\u00e9bat\u00a0\u00bb lanc\u00e9e par l&rsquo;Elys\u00e9e en 2019. Il en est sorti notamment la Loi d&rsquo;Orientations sur la Mobilit\u00e9s et&hellip;","og_url":"http:\/\/www.aupadre.fr\/?p=1936","og_site_name":"AUPADRE","article_published_time":"2024-10-01T21:19:01+00:00","article_modified_time":"2025-08-30T13:09:50+00:00","og_image":[{"width":474,"height":237,"url":"http:\/\/www.aupadre.fr\/wp-content\/uploads\/2024\/10\/LOM.jpg","type":"image\/jpeg"}],"author":"Xavier","twitter_card":"summary_large_image","twitter_misc":{"\u00c9crit par":"Xavier","Dur\u00e9e de lecture estim\u00e9e":"1 minute"},"schema":{"@context":"https:\/\/schema.org","@graph":[{"@type":"Article","@id":"http:\/\/www.aupadre.fr\/?p=1936#article","isPartOf":{"@id":"http:\/\/www.aupadre.fr\/?p=1936"},"author":{"name":"Xavier","@id":"http:\/\/www.aupadre.fr\/#\/schema\/person\/a4d65d0845eb7504e7ac0d30b04fc724"},"headline":"Nouvelle concertation sur la ligne N","datePublished":"2024-10-01T21:19:01+00:00","dateModified":"2025-08-30T13:09:50+00:00","mainEntityOfPage":{"@id":"http:\/\/www.aupadre.fr\/?p=1936"},"wordCount":228,"commentCount":0,"image":{"@id":"http:\/\/www.aupadre.fr\/?p=1936#primaryimage"},"thumbnailUrl":"https:\/\/www.aupadre.fr\/wp-content\/uploads\/2024\/10\/LOM.jpg","keywords":["2019","2024","\u00c9lus","\u00e9quit\u00e9","ligne N","Loi d'Orientations des Mobilit\u00e9s","LOM","Parkings"],"articleSection":["Actions en cours"],"inLanguage":"fr-FR","potentialAction":[{"@type":"CommentAction","name":"Comment","target":["http:\/\/www.aupadre.fr\/?p=1936#respond"]}]},{"@type":"WebPage","@id":"http:\/\/www.aupadre.fr\/?p=1936","url":"http:\/\/www.aupadre.fr\/?p=1936","name":"Nouvelle concertation sur la ligne N - AUPADRE","isPartOf":{"@id":"http:\/\/www.aupadre.fr\/#website"},"primaryImageOfPage":{"@id":"http:\/\/www.aupadre.fr\/?p=1936#primaryimage"},"image":{"@id":"http:\/\/www.aupadre.fr\/?p=1936#primaryimage"},"thumbnailUrl":"https:\/\/www.aupadre.fr\/wp-content\/uploads\/2024\/10\/LOM.jpg","datePublished":"2024-10-01T21:19:01+00:00","dateModified":"2025-08-30T13:09:50+00:00","author":{"@id":"http:\/\/www.aupadre.fr\/#\/schema\/person\/a4d65d0845eb7504e7ac0d30b04fc724"},"breadcrumb":{"@id":"http:\/\/www.aupadre.fr\/?p=1936#breadcrumb"},"inLanguage":"fr-FR","potentialAction":[{"@type":"ReadAction","target":["http:\/\/www.aupadre.fr\/?p=1936"]}]},{"@type":"ImageObject","inLanguage":"fr-FR","@id":"http:\/\/www.aupadre.fr\/?p=1936#primaryimage","url":"https:\/\/www.aupadre.fr\/wp-content\/uploads\/2024\/10\/LOM.jpg","contentUrl":"https:\/\/www.aupadre.fr\/wp-content\/uploads\/2024\/10\/LOM.jpg","width":474,"height":237},{"@type":"BreadcrumbList","@id":"http:\/\/www.aupadre.fr\/?p=1936#breadcrumb","itemListElement":[{"@type":"ListItem","position":1,"name":"Accueil","item":"http:\/\/www.aupadre.fr\/"},{"@type":"ListItem","position":2,"name":"Nouvelle concertation sur la ligne N"}]},{"@type":"WebSite","@id":"http:\/\/www.aupadre.fr\/#website","url":"http:\/\/www.aupadre.fr\/","name":"AUPADRE","description":"Vogue la Gal\u00e8re sur les Rails !!!","potentialAction":[{"@type":"SearchAction","target":{"@type":"EntryPoint","urlTemplate":"http:\/\/www.aupadre.fr\/?s={search_term_string}"},"query-input":{"@type":"PropertyValueSpecification","valueRequired":true,"valueName":"search_term_string"}}],"inLanguage":"fr-FR"},{"@type":"Person","@id":"http:\/\/www.aupadre.fr\/#\/schema\/person\/a4d65d0845eb7504e7ac0d30b04fc724","name":"Xavier","image":{"@type":"ImageObject","inLanguage":"fr-FR","@id":"https:\/\/secure.gravatar.com\/avatar\/ffb6d5ada7569959161d7e666c264373bd0a900188ef369643d330e156b456fa?s=96&r=g","url":"https:\/\/secure.gravatar.com\/avatar\/ffb6d5ada7569959161d7e666c264373bd0a900188ef369643d330e156b456fa?s=96&r=g","contentUrl":"https:\/\/secure.gravatar.com\/avatar\/ffb6d5ada7569959161d7e666c264373bd0a900188ef369643d330e156b456fa?s=96&r=g","caption":"Xavier"},"url":"https:\/\/www.aupadre.fr\/?author=2"}]}},"_links":{"self":[{"href":"https:\/\/www.aupadre.fr\/index.php?rest_route=\/wp\/v2\/posts\/1936","targetHints":{"allow":["GET"]}}],"collection":[{"href":"https:\/\/www.aupadre.fr\/index.php?rest_route=\/wp\/v2\/posts"}],"about":[{"href":"https:\/\/www.aupadre.fr\/index.php?rest_route=\/wp\/v2\/types\/post"}],"author":[{"embeddable":true,"href":"https:\/\/www.aupadre.fr\/index.php?rest_route=\/wp\/v2\/users\/2"}],"replies":[{"embeddable":true,"href":"https:\/\/www.aupadre.fr\/index.php?rest_route=%2Fwp%2Fv2%2Fcomments&post=1936"}],"version-history":[{"count":2,"href":"https:\/\/www.aupadre.fr\/index.php?rest_route=\/wp\/v2\/posts\/1936\/revisions"}],"predecessor-version":[{"id":1943,"href":"https:\/\/www.aupadre.fr\/index.php?rest_route=\/wp\/v2\/posts\/1936\/revisions\/1943"}],"wp:featuredmedia":[{"embeddable":true,"href":"https:\/\/www.aupadre.fr\/index.php?rest_route=\/wp\/v2\/media\/1930"}],"wp:attachment":[{"href":"https:\/\/www.aupadre.fr\/index.php?rest_route=%2Fwp%2Fv2%2Fmedia&parent=1936"}],"wp:term":[{"taxonomy":"category","embeddable":true,"href":"https:\/\/www.aupadre.fr\/index.php?rest_route=%2Fwp%2Fv2%2Fcategories&post=1936"},{"taxonomy":"post_tag","embeddable":true,"href":"https:\/\/www.aupadre.fr\/index.php?rest_route=%2Fwp%2Fv2%2Ftags&post=1936"}],"curies":[{"name":"wp","href":"https:\/\/api.w.org\/{rel}","templated":true}]}}