{"id":1929,"date":"2023-12-26T22:51:00","date_gmt":"2023-12-26T21:51:00","guid":{"rendered":"http:\/\/www.aupadre.fr\/?p=1929"},"modified":"2025-01-11T14:58:09","modified_gmt":"2025-01-11T13:58:09","slug":"2019-grand-debat-et-loi-dorientation-des-mobilites-quoi-de-concret-5-ans-apres","status":"publish","type":"post","link":"https:\/\/www.aupadre.fr\/?p=1929","title":{"rendered":"Grand D\u00e9bat et Loi d&rsquo;Orientation des Mobilit\u00e9s : 4 ans d\u00e9j\u00e0 !"},"content":{"rendered":"\n<p>La Loi d\u2019Orientations des Mobilit\u00e9s \u00ab\u00a0transforme en profondeur la politique des mobilit\u00e9s, avec un objectif simple : des transports du quotidien \u00e0 la fois plus faciles, moins co\u00fbteux et plus propres\u00a0\u00bb. Elle reprenait notamment quelques uns des sujets de nos contributions <em>toujours d&rsquo;actualit\u00e9 <\/em>au Grand d\u00e9bat que nous rassemblons ici :<\/p>\n\n\n\n<p>Participation d\u2019Aupadre au \u00ab&nbsp;Grand d\u00e9bat&nbsp;\u00bb&nbsp;: <a href=\"http:\/\/www.aupadre.fr\/?p=958\">http:\/\/www.aupadre.fr\/?p=958<\/a><\/p>\n\n\n\n<p>Grand d\u00e9bat&nbsp;: le stationnement aupr\u00e8s des gares, enjeu&nbsp;d&rsquo;acc\u00e8s aux emplois et aux \u00e9tudes \u2013 Aupadre f\u00e9vrier 2019 : <a href=\"http:\/\/www.aupadre.fr\/?p=914\" target=\"_blank\" rel=\"noopener\" title=\"\">http:\/\/www.aupadre.fr\/?p=914<\/a><\/p>\n\n\n\n<p>Grand d\u00e9bat&nbsp;: le co\u00fbt social des mauvais transports en commun, un enjeu d&rsquo;\u00e9quit\u00e9&nbsp;\u2013 Aupadre f\u00e9vrier 2019 : <a href=\"http:\/\/www.aupadre.fr\/?p=911\">http:\/\/www.aupadre.fr\/?p=911<\/a><\/p>\n\n\n\n<p>Le projet de Loi d\u2019Orientation des Mobilit\u00e9s&nbsp;\u2013 Aupadre juin 2019 : <a href=\"https:\/\/www.aupadre.fr\/?p=967\">https:\/\/www.aupadre.fr\/?p=967<\/a><\/p>\n\n\n\n<p>Grand d\u00e9bat&nbsp;: la situation in\u00e9galitaire des femmes dans les transports en commun&nbsp;\u2013 janv 2019 : <a href=\"https:\/\/www.aupadre.fr\/?p=892\">https:\/\/www.aupadre.fr\/?p=892<\/a><\/p>\n\n\n\n<p><\/p>\n\n\n\n<p><\/p>\n","protected":false},"excerpt":{"rendered":"<p>La Loi d\u2019Orientations des Mobilit\u00e9s \u00ab\u00a0transforme en profondeur la politique des mobilit\u00e9s, avec un objectif simple : des transports du quotidien \u00e0 la fois plus faciles, moins co\u00fbteux et plus propres\u00a0\u00bb. Elle reprenait notamment quelques uns des sujets de nos&hellip; <\/p>\n","protected":false},"author":2,"featured_media":1930,"comment_status":"closed","ping_status":"open","sticky":false,"template":"","format":"standard","meta":{"_monsterinsights_skip_tracking":false,"_monsterinsights_sitenote_active":false,"_monsterinsights_sitenote_note":"","_monsterinsights_sitenote_category":0,"footnotes":""},"categories":[1],"tags":[118,172,33,179,178],"class_list":["post-1929","post","type-post","status-publish","format-standard","has-post-thumbnail","hentry","category-actions-encours","tag-118","tag-172","tag-ligne-n","tag-loi-dorientations-des-mobilites","tag-lom"],"yoast_head":"<!-- This site is optimized with the Yoast SEO plugin v27.5 - https:\/\/yoast.com\/product\/yoast-seo-wordpress\/ -->\n<title>Grand D\u00e9bat et Loi d&#039;Orientation des Mobilit\u00e9s : 4 ans d\u00e9j\u00e0 ! - AUPADRE<\/title>\n<meta name=\"robots\" content=\"index, follow, max-snippet:-1, max-image-preview:large, max-video-preview:-1\" \/>\n<link rel=\"canonical\" href=\"https:\/\/www.aupadre.fr\/?p=1929\" \/>\n<meta property=\"og:locale\" content=\"fr_FR\" \/>\n<meta property=\"og:type\" content=\"article\" \/>\n<meta property=\"og:title\" content=\"Grand D\u00e9bat et Loi d&#039;Orientation des Mobilit\u00e9s : 4 ans d\u00e9j\u00e0 ! - AUPADRE\" \/>\n<meta property=\"og:description\" content=\"La Loi d\u2019Orientations des Mobilit\u00e9s \u00ab\u00a0transforme en profondeur la politique des mobilit\u00e9s, avec un objectif simple : des transports du quotidien \u00e0 la fois plus faciles, moins co\u00fbteux et plus propres\u00a0\u00bb. Elle reprenait notamment quelques uns des sujets de nos&hellip;\" \/>\n<meta property=\"og:url\" content=\"https:\/\/www.aupadre.fr\/?p=1929\" \/>\n<meta property=\"og:site_name\" content=\"AUPADRE\" \/>\n<meta property=\"article:published_time\" content=\"2023-12-26T21:51:00+00:00\" \/>\n<meta property=\"article:modified_time\" content=\"2025-01-11T13:58:09+00:00\" \/>\n<meta property=\"og:image\" content=\"https:\/\/www.aupadre.fr\/wp-content\/uploads\/2024\/10\/LOM.jpg\" \/>\n\t<meta property=\"og:image:width\" content=\"474\" \/>\n\t<meta property=\"og:image:height\" content=\"237\" \/>\n\t<meta property=\"og:image:type\" content=\"image\/jpeg\" \/>\n<meta name=\"author\" content=\"Xavier\" \/>\n<meta name=\"twitter:card\" content=\"summary_large_image\" \/>\n<meta name=\"twitter:label1\" content=\"\u00c9crit par\" \/>\n\t<meta name=\"twitter:data1\" content=\"Xavier\" \/>\n\t<meta name=\"twitter:label2\" content=\"Dur\u00e9e de lecture estim\u00e9e\" \/>\n\t<meta name=\"twitter:data2\" content=\"1 minute\" \/>\n<script type=\"application\/ld+json\" class=\"yoast-schema-graph\">{\"@context\":\"https:\\\/\\\/schema.org\",\"@graph\":[{\"@type\":\"Article\",\"@id\":\"https:\\\/\\\/www.aupadre.fr\\\/?p=1929#article\",\"isPartOf\":{\"@id\":\"https:\\\/\\\/www.aupadre.fr\\\/?p=1929\"},\"author\":{\"name\":\"Xavier\",\"@id\":\"http:\\\/\\\/www.aupadre.fr\\\/#\\\/schema\\\/person\\\/a4d65d0845eb7504e7ac0d30b04fc724\"},\"headline\":\"Grand D\u00e9bat et Loi d&rsquo;Orientation des Mobilit\u00e9s : 4 ans d\u00e9j\u00e0 !\",\"datePublished\":\"2023-12-26T21:51:00+00:00\",\"dateModified\":\"2025-01-11T13:58:09+00:00\",\"mainEntityOfPage\":{\"@id\":\"https:\\\/\\\/www.aupadre.fr\\\/?p=1929\"},\"wordCount\":175,\"image\":{\"@id\":\"https:\\\/\\\/www.aupadre.fr\\\/?p=1929#primaryimage\"},\"thumbnailUrl\":\"https:\\\/\\\/www.aupadre.fr\\\/wp-content\\\/uploads\\\/2024\\\/10\\\/LOM.jpg\",\"keywords\":[\"2019\",\"2024\",\"ligne N\",\"Loi d'Orientations des Mobilit\u00e9s\",\"LOM\"],\"articleSection\":[\"Actions en cours\"],\"inLanguage\":\"fr-FR\"},{\"@type\":\"WebPage\",\"@id\":\"https:\\\/\\\/www.aupadre.fr\\\/?p=1929\",\"url\":\"https:\\\/\\\/www.aupadre.fr\\\/?p=1929\",\"name\":\"Grand D\u00e9bat et Loi d'Orientation des Mobilit\u00e9s : 4 ans d\u00e9j\u00e0 ! - AUPADRE\",\"isPartOf\":{\"@id\":\"http:\\\/\\\/www.aupadre.fr\\\/#website\"},\"primaryImageOfPage\":{\"@id\":\"https:\\\/\\\/www.aupadre.fr\\\/?p=1929#primaryimage\"},\"image\":{\"@id\":\"https:\\\/\\\/www.aupadre.fr\\\/?p=1929#primaryimage\"},\"thumbnailUrl\":\"https:\\\/\\\/www.aupadre.fr\\\/wp-content\\\/uploads\\\/2024\\\/10\\\/LOM.jpg\",\"datePublished\":\"2023-12-26T21:51:00+00:00\",\"dateModified\":\"2025-01-11T13:58:09+00:00\",\"author\":{\"@id\":\"http:\\\/\\\/www.aupadre.fr\\\/#\\\/schema\\\/person\\\/a4d65d0845eb7504e7ac0d30b04fc724\"},\"breadcrumb\":{\"@id\":\"https:\\\/\\\/www.aupadre.fr\\\/?p=1929#breadcrumb\"},\"inLanguage\":\"fr-FR\",\"potentialAction\":[{\"@type\":\"ReadAction\",\"target\":[\"https:\\\/\\\/www.aupadre.fr\\\/?p=1929\"]}]},{\"@type\":\"ImageObject\",\"inLanguage\":\"fr-FR\",\"@id\":\"https:\\\/\\\/www.aupadre.fr\\\/?p=1929#primaryimage\",\"url\":\"https:\\\/\\\/www.aupadre.fr\\\/wp-content\\\/uploads\\\/2024\\\/10\\\/LOM.jpg\",\"contentUrl\":\"https:\\\/\\\/www.aupadre.fr\\\/wp-content\\\/uploads\\\/2024\\\/10\\\/LOM.jpg\",\"width\":474,\"height\":237},{\"@type\":\"BreadcrumbList\",\"@id\":\"https:\\\/\\\/www.aupadre.fr\\\/?p=1929#breadcrumb\",\"itemListElement\":[{\"@type\":\"ListItem\",\"position\":1,\"name\":\"Accueil\",\"item\":\"http:\\\/\\\/www.aupadre.fr\\\/\"},{\"@type\":\"ListItem\",\"position\":2,\"name\":\"Grand D\u00e9bat et Loi d&rsquo;Orientation des Mobilit\u00e9s : 4 ans d\u00e9j\u00e0 !\"}]},{\"@type\":\"WebSite\",\"@id\":\"http:\\\/\\\/www.aupadre.fr\\\/#website\",\"url\":\"http:\\\/\\\/www.aupadre.fr\\\/\",\"name\":\"AUPADRE\",\"description\":\"Vogue la Gal\u00e8re sur les Rails !!!\",\"potentialAction\":[{\"@type\":\"SearchAction\",\"target\":{\"@type\":\"EntryPoint\",\"urlTemplate\":\"http:\\\/\\\/www.aupadre.fr\\\/?s={search_term_string}\"},\"query-input\":{\"@type\":\"PropertyValueSpecification\",\"valueRequired\":true,\"valueName\":\"search_term_string\"}}],\"inLanguage\":\"fr-FR\"},{\"@type\":\"Person\",\"@id\":\"http:\\\/\\\/www.aupadre.fr\\\/#\\\/schema\\\/person\\\/a4d65d0845eb7504e7ac0d30b04fc724\",\"name\":\"Xavier\",\"image\":{\"@type\":\"ImageObject\",\"inLanguage\":\"fr-FR\",\"@id\":\"https:\\\/\\\/secure.gravatar.com\\\/avatar\\\/ffb6d5ada7569959161d7e666c264373bd0a900188ef369643d330e156b456fa?s=96&r=g\",\"url\":\"https:\\\/\\\/secure.gravatar.com\\\/avatar\\\/ffb6d5ada7569959161d7e666c264373bd0a900188ef369643d330e156b456fa?s=96&r=g\",\"contentUrl\":\"https:\\\/\\\/secure.gravatar.com\\\/avatar\\\/ffb6d5ada7569959161d7e666c264373bd0a900188ef369643d330e156b456fa?s=96&r=g\",\"caption\":\"Xavier\"},\"url\":\"https:\\\/\\\/www.aupadre.fr\\\/?author=2\"}]}<\/script>\n<!-- \/ Yoast SEO plugin. -->","yoast_head_json":{"title":"Grand D\u00e9bat et Loi d'Orientation des Mobilit\u00e9s : 4 ans d\u00e9j\u00e0 ! - AUPADRE","robots":{"index":"index","follow":"follow","max-snippet":"max-snippet:-1","max-image-preview":"max-image-preview:large","max-video-preview":"max-video-preview:-1"},"canonical":"https:\/\/www.aupadre.fr\/?p=1929","og_locale":"fr_FR","og_type":"article","og_title":"Grand D\u00e9bat et Loi d'Orientation des Mobilit\u00e9s : 4 ans d\u00e9j\u00e0 ! - AUPADRE","og_description":"La Loi d\u2019Orientations des Mobilit\u00e9s \u00ab\u00a0transforme en profondeur la politique des mobilit\u00e9s, avec un objectif simple : des transports du quotidien \u00e0 la fois plus faciles, moins co\u00fbteux et plus propres\u00a0\u00bb. Elle reprenait notamment quelques uns des sujets de nos&hellip;","og_url":"https:\/\/www.aupadre.fr\/?p=1929","og_site_name":"AUPADRE","article_published_time":"2023-12-26T21:51:00+00:00","article_modified_time":"2025-01-11T13:58:09+00:00","og_image":[{"width":474,"height":237,"url":"https:\/\/www.aupadre.fr\/wp-content\/uploads\/2024\/10\/LOM.jpg","type":"image\/jpeg"}],"author":"Xavier","twitter_card":"summary_large_image","twitter_misc":{"\u00c9crit par":"Xavier","Dur\u00e9e de lecture estim\u00e9e":"1 minute"},"schema":{"@context":"https:\/\/schema.org","@graph":[{"@type":"Article","@id":"https:\/\/www.aupadre.fr\/?p=1929#article","isPartOf":{"@id":"https:\/\/www.aupadre.fr\/?p=1929"},"author":{"name":"Xavier","@id":"http:\/\/www.aupadre.fr\/#\/schema\/person\/a4d65d0845eb7504e7ac0d30b04fc724"},"headline":"Grand D\u00e9bat et Loi d&rsquo;Orientation des Mobilit\u00e9s : 4 ans d\u00e9j\u00e0 !","datePublished":"2023-12-26T21:51:00+00:00","dateModified":"2025-01-11T13:58:09+00:00","mainEntityOfPage":{"@id":"https:\/\/www.aupadre.fr\/?p=1929"},"wordCount":175,"image":{"@id":"https:\/\/www.aupadre.fr\/?p=1929#primaryimage"},"thumbnailUrl":"https:\/\/www.aupadre.fr\/wp-content\/uploads\/2024\/10\/LOM.jpg","keywords":["2019","2024","ligne N","Loi d'Orientations des Mobilit\u00e9s","LOM"],"articleSection":["Actions en cours"],"inLanguage":"fr-FR"},{"@type":"WebPage","@id":"https:\/\/www.aupadre.fr\/?p=1929","url":"https:\/\/www.aupadre.fr\/?p=1929","name":"Grand D\u00e9bat et Loi d'Orientation des Mobilit\u00e9s : 4 ans d\u00e9j\u00e0 ! - AUPADRE","isPartOf":{"@id":"http:\/\/www.aupadre.fr\/#website"},"primaryImageOfPage":{"@id":"https:\/\/www.aupadre.fr\/?p=1929#primaryimage"},"image":{"@id":"https:\/\/www.aupadre.fr\/?p=1929#primaryimage"},"thumbnailUrl":"https:\/\/www.aupadre.fr\/wp-content\/uploads\/2024\/10\/LOM.jpg","datePublished":"2023-12-26T21:51:00+00:00","dateModified":"2025-01-11T13:58:09+00:00","author":{"@id":"http:\/\/www.aupadre.fr\/#\/schema\/person\/a4d65d0845eb7504e7ac0d30b04fc724"},"breadcrumb":{"@id":"https:\/\/www.aupadre.fr\/?p=1929#breadcrumb"},"inLanguage":"fr-FR","potentialAction":[{"@type":"ReadAction","target":["https:\/\/www.aupadre.fr\/?p=1929"]}]},{"@type":"ImageObject","inLanguage":"fr-FR","@id":"https:\/\/www.aupadre.fr\/?p=1929#primaryimage","url":"https:\/\/www.aupadre.fr\/wp-content\/uploads\/2024\/10\/LOM.jpg","contentUrl":"https:\/\/www.aupadre.fr\/wp-content\/uploads\/2024\/10\/LOM.jpg","width":474,"height":237},{"@type":"BreadcrumbList","@id":"https:\/\/www.aupadre.fr\/?p=1929#breadcrumb","itemListElement":[{"@type":"ListItem","position":1,"name":"Accueil","item":"http:\/\/www.aupadre.fr\/"},{"@type":"ListItem","position":2,"name":"Grand D\u00e9bat et Loi d&rsquo;Orientation des Mobilit\u00e9s : 4 ans d\u00e9j\u00e0 !"}]},{"@type":"WebSite","@id":"http:\/\/www.aupadre.fr\/#website","url":"http:\/\/www.aupadre.fr\/","name":"AUPADRE","description":"Vogue la Gal\u00e8re sur les Rails !!!","potentialAction":[{"@type":"SearchAction","target":{"@type":"EntryPoint","urlTemplate":"http:\/\/www.aupadre.fr\/?s={search_term_string}"},"query-input":{"@type":"PropertyValueSpecification","valueRequired":true,"valueName":"search_term_string"}}],"inLanguage":"fr-FR"},{"@type":"Person","@id":"http:\/\/www.aupadre.fr\/#\/schema\/person\/a4d65d0845eb7504e7ac0d30b04fc724","name":"Xavier","image":{"@type":"ImageObject","inLanguage":"fr-FR","@id":"https:\/\/secure.gravatar.com\/avatar\/ffb6d5ada7569959161d7e666c264373bd0a900188ef369643d330e156b456fa?s=96&r=g","url":"https:\/\/secure.gravatar.com\/avatar\/ffb6d5ada7569959161d7e666c264373bd0a900188ef369643d330e156b456fa?s=96&r=g","contentUrl":"https:\/\/secure.gravatar.com\/avatar\/ffb6d5ada7569959161d7e666c264373bd0a900188ef369643d330e156b456fa?s=96&r=g","caption":"Xavier"},"url":"https:\/\/www.aupadre.fr\/?author=2"}]}},"_links":{"self":[{"href":"https:\/\/www.aupadre.fr\/index.php?rest_route=\/wp\/v2\/posts\/1929","targetHints":{"allow":["GET"]}}],"collection":[{"href":"https:\/\/www.aupadre.fr\/index.php?rest_route=\/wp\/v2\/posts"}],"about":[{"href":"https:\/\/www.aupadre.fr\/index.php?rest_route=\/wp\/v2\/types\/post"}],"author":[{"embeddable":true,"href":"https:\/\/www.aupadre.fr\/index.php?rest_route=\/wp\/v2\/users\/2"}],"replies":[{"embeddable":true,"href":"https:\/\/www.aupadre.fr\/index.php?rest_route=%2Fwp%2Fv2%2Fcomments&post=1929"}],"version-history":[{"count":2,"href":"https:\/\/www.aupadre.fr\/index.php?rest_route=\/wp\/v2\/posts\/1929\/revisions"}],"predecessor-version":[{"id":1935,"href":"https:\/\/www.aupadre.fr\/index.php?rest_route=\/wp\/v2\/posts\/1929\/revisions\/1935"}],"wp:featuredmedia":[{"embeddable":true,"href":"https:\/\/www.aupadre.fr\/index.php?rest_route=\/wp\/v2\/media\/1930"}],"wp:attachment":[{"href":"https:\/\/www.aupadre.fr\/index.php?rest_route=%2Fwp%2Fv2%2Fmedia&parent=1929"}],"wp:term":[{"taxonomy":"category","embeddable":true,"href":"https:\/\/www.aupadre.fr\/index.php?rest_route=%2Fwp%2Fv2%2Fcategories&post=1929"},{"taxonomy":"post_tag","embeddable":true,"href":"https:\/\/www.aupadre.fr\/index.php?rest_route=%2Fwp%2Fv2%2Ftags&post=1929"}],"curies":[{"name":"wp","href":"https:\/\/api.w.org\/{rel}","templated":true}]}}