{"id":1887,"date":"2024-05-03T00:02:19","date_gmt":"2024-05-02T22:02:19","guid":{"rendered":"http:\/\/www.aupadre.fr\/?p=1887"},"modified":"2024-05-03T09:38:26","modified_gmt":"2024-05-03T07:38:26","slug":"un-espace-de-parole-pour-ameliorer-la-ligne-n","status":"publish","type":"post","link":"https:\/\/www.aupadre.fr\/?p=1887","title":{"rendered":"Les \u00e9lus de Villiers \u00e0 Dreux seront-ils encore absents ?"},"content":{"rendered":"\n<p>Ile de France Mobilit\u00e9s invite les acteurs de la ligne N \u00e0 un temps de travail pour l&rsquo;avenir de la ligne.<\/p>\n\n\n\n<p>Ce \u00ab\u00a0comit\u00e9 d&rsquo;offre SA2026 ligne N\u00a0\u00bb est un temps de dialogue et de concertation. Il vise \u00e0 \u00e9voquer les enjeux de la ligne N pour les ann\u00e9es qui viennent. IdF Mobilit\u00e9s invite les pr\u00e9sidents, les maires, les repr\u00e9sentants des usagers de la ligne N, et Aupadre participera. <mark style=\"background-color:rgba(0, 0, 0, 0)\" class=\"has-inline-color has-vivid-red-color\"><strong>Mais vos \u00e9lus participeront-ils<\/strong> ?<\/mark><\/p>\n\n\n\n<p>Ces derni\u00e8res ann\u00e9es, des \u00e9lus de Plaisir \u00e0 Montparnasse ont particip\u00e9, mais aucun de Villiers \u00e0 Dreux. Ceci explique les conditions d\u00e9plorables de transport pour ces usagers de la ligne N. <strong><mark style=\"background-color:rgba(0, 0, 0, 0)\" class=\"has-inline-color has-vivid-red-color\">Invitez-les !<\/mark><\/strong><\/p>\n\n\n\n<p>Cette information est \u00e0 transmettre \u00e0 tous vos \u00e9lus concern\u00e9s par le transport de ses administr\u00e9s sur la ligne N, surtout si vous prenez le train dans une des gares de Villiers \u00e0 Dreux.<\/p>\n\n\n\n<p>La r\u00e9union de concertation aura lieu <strong><mark style=\"background-color:rgba(0, 0, 0, 0)\" class=\"has-inline-color has-vivid-red-color\">le mercredi 22 mai 2024 \u00e0 18h15<\/mark><\/strong><\/p>\n","protected":false},"excerpt":{"rendered":"<p>Ile de France Mobilit\u00e9s invite les acteurs de la ligne N \u00e0 un temps de travail pour l&rsquo;avenir de la ligne. Ce \u00ab\u00a0comit\u00e9 d&rsquo;offre SA2026 ligne N\u00a0\u00bb est un temps de dialogue et de concertation. Il vise \u00e0 \u00e9voquer les&hellip; <\/p>\n","protected":false},"author":2,"featured_media":1750,"comment_status":"open","ping_status":"open","sticky":false,"template":"","format":"standard","meta":{"_monsterinsights_skip_tracking":false,"_monsterinsights_sitenote_active":false,"_monsterinsights_sitenote_note":"","_monsterinsights_sitenote_category":0,"footnotes":""},"categories":[1],"tags":[172,89,55,50,177,33],"class_list":["post-1887","post","type-post","status-publish","format-standard","has-post-thumbnail","hentry","category-actions-encours","tag-172","tag-aupadre-2","tag-dysfonctionnement","tag-elus","tag-idf-mobilites","tag-ligne-n"],"yoast_head":"<!-- This site is optimized with the Yoast SEO plugin v27.5 - https:\/\/yoast.com\/product\/yoast-seo-wordpress\/ -->\n<title>Les \u00e9lus de Villiers \u00e0 Dreux seront-ils encore absents ? - AUPADRE<\/title>\n<meta name=\"robots\" content=\"index, follow, max-snippet:-1, max-image-preview:large, max-video-preview:-1\" \/>\n<link rel=\"canonical\" href=\"https:\/\/www.aupadre.fr\/?p=1887\" \/>\n<meta property=\"og:locale\" content=\"fr_FR\" \/>\n<meta property=\"og:type\" content=\"article\" \/>\n<meta property=\"og:title\" content=\"Les \u00e9lus de Villiers \u00e0 Dreux seront-ils encore absents ? - AUPADRE\" \/>\n<meta property=\"og:description\" content=\"Ile de France Mobilit\u00e9s invite les acteurs de la ligne N \u00e0 un temps de travail pour l&rsquo;avenir de la ligne. Ce \u00ab\u00a0comit\u00e9 d&rsquo;offre SA2026 ligne N\u00a0\u00bb est un temps de dialogue et de concertation. Il vise \u00e0 \u00e9voquer les&hellip;\" \/>\n<meta property=\"og:url\" content=\"https:\/\/www.aupadre.fr\/?p=1887\" \/>\n<meta property=\"og:site_name\" content=\"AUPADRE\" \/>\n<meta property=\"article:published_time\" content=\"2024-05-02T22:02:19+00:00\" \/>\n<meta property=\"article:modified_time\" content=\"2024-05-03T07:38:26+00:00\" \/>\n<meta property=\"og:image\" content=\"https:\/\/www.aupadre.fr\/wp-content\/uploads\/2023\/03\/37d67af1557dce71f499f3fc2cfd7d7c.jpg\" \/>\n\t<meta property=\"og:image:width\" content=\"640\" \/>\n\t<meta property=\"og:image:height\" content=\"426\" \/>\n\t<meta property=\"og:image:type\" content=\"image\/jpeg\" \/>\n<meta name=\"author\" content=\"Xavier\" \/>\n<meta name=\"twitter:card\" content=\"summary_large_image\" \/>\n<meta name=\"twitter:label1\" content=\"\u00c9crit par\" \/>\n\t<meta name=\"twitter:data1\" content=\"Xavier\" \/>\n\t<meta name=\"twitter:label2\" content=\"Dur\u00e9e de lecture estim\u00e9e\" \/>\n\t<meta name=\"twitter:data2\" content=\"1 minute\" \/>\n<script type=\"application\/ld+json\" class=\"yoast-schema-graph\">{\"@context\":\"https:\\\/\\\/schema.org\",\"@graph\":[{\"@type\":\"Article\",\"@id\":\"https:\\\/\\\/www.aupadre.fr\\\/?p=1887#article\",\"isPartOf\":{\"@id\":\"https:\\\/\\\/www.aupadre.fr\\\/?p=1887\"},\"author\":{\"name\":\"Xavier\",\"@id\":\"http:\\\/\\\/www.aupadre.fr\\\/#\\\/schema\\\/person\\\/a4d65d0845eb7504e7ac0d30b04fc724\"},\"headline\":\"Les \u00e9lus de Villiers \u00e0 Dreux seront-ils encore absents ?\",\"datePublished\":\"2024-05-02T22:02:19+00:00\",\"dateModified\":\"2024-05-03T07:38:26+00:00\",\"mainEntityOfPage\":{\"@id\":\"https:\\\/\\\/www.aupadre.fr\\\/?p=1887\"},\"wordCount\":162,\"commentCount\":0,\"image\":{\"@id\":\"https:\\\/\\\/www.aupadre.fr\\\/?p=1887#primaryimage\"},\"thumbnailUrl\":\"https:\\\/\\\/www.aupadre.fr\\\/wp-content\\\/uploads\\\/2023\\\/03\\\/37d67af1557dce71f499f3fc2cfd7d7c.jpg\",\"keywords\":[\"2024\",\"Aupadre\",\"Dysfonctionnement\",\"\u00c9lus\",\"IdF Mobilit\u00e9s\",\"ligne N\"],\"articleSection\":[\"Actions en cours\"],\"inLanguage\":\"fr-FR\",\"potentialAction\":[{\"@type\":\"CommentAction\",\"name\":\"Comment\",\"target\":[\"https:\\\/\\\/www.aupadre.fr\\\/?p=1887#respond\"]}]},{\"@type\":\"WebPage\",\"@id\":\"https:\\\/\\\/www.aupadre.fr\\\/?p=1887\",\"url\":\"https:\\\/\\\/www.aupadre.fr\\\/?p=1887\",\"name\":\"Les \u00e9lus de Villiers \u00e0 Dreux seront-ils encore absents ? - AUPADRE\",\"isPartOf\":{\"@id\":\"http:\\\/\\\/www.aupadre.fr\\\/#website\"},\"primaryImageOfPage\":{\"@id\":\"https:\\\/\\\/www.aupadre.fr\\\/?p=1887#primaryimage\"},\"image\":{\"@id\":\"https:\\\/\\\/www.aupadre.fr\\\/?p=1887#primaryimage\"},\"thumbnailUrl\":\"https:\\\/\\\/www.aupadre.fr\\\/wp-content\\\/uploads\\\/2023\\\/03\\\/37d67af1557dce71f499f3fc2cfd7d7c.jpg\",\"datePublished\":\"2024-05-02T22:02:19+00:00\",\"dateModified\":\"2024-05-03T07:38:26+00:00\",\"author\":{\"@id\":\"http:\\\/\\\/www.aupadre.fr\\\/#\\\/schema\\\/person\\\/a4d65d0845eb7504e7ac0d30b04fc724\"},\"breadcrumb\":{\"@id\":\"https:\\\/\\\/www.aupadre.fr\\\/?p=1887#breadcrumb\"},\"inLanguage\":\"fr-FR\",\"potentialAction\":[{\"@type\":\"ReadAction\",\"target\":[\"https:\\\/\\\/www.aupadre.fr\\\/?p=1887\"]}]},{\"@type\":\"ImageObject\",\"inLanguage\":\"fr-FR\",\"@id\":\"https:\\\/\\\/www.aupadre.fr\\\/?p=1887#primaryimage\",\"url\":\"https:\\\/\\\/www.aupadre.fr\\\/wp-content\\\/uploads\\\/2023\\\/03\\\/37d67af1557dce71f499f3fc2cfd7d7c.jpg\",\"contentUrl\":\"https:\\\/\\\/www.aupadre.fr\\\/wp-content\\\/uploads\\\/2023\\\/03\\\/37d67af1557dce71f499f3fc2cfd7d7c.jpg\",\"width\":640,\"height\":426},{\"@type\":\"BreadcrumbList\",\"@id\":\"https:\\\/\\\/www.aupadre.fr\\\/?p=1887#breadcrumb\",\"itemListElement\":[{\"@type\":\"ListItem\",\"position\":1,\"name\":\"Accueil\",\"item\":\"http:\\\/\\\/www.aupadre.fr\\\/\"},{\"@type\":\"ListItem\",\"position\":2,\"name\":\"Les \u00e9lus de Villiers \u00e0 Dreux seront-ils encore absents ?\"}]},{\"@type\":\"WebSite\",\"@id\":\"http:\\\/\\\/www.aupadre.fr\\\/#website\",\"url\":\"http:\\\/\\\/www.aupadre.fr\\\/\",\"name\":\"AUPADRE\",\"description\":\"Vogue la Gal\u00e8re sur les Rails !!!\",\"potentialAction\":[{\"@type\":\"SearchAction\",\"target\":{\"@type\":\"EntryPoint\",\"urlTemplate\":\"http:\\\/\\\/www.aupadre.fr\\\/?s={search_term_string}\"},\"query-input\":{\"@type\":\"PropertyValueSpecification\",\"valueRequired\":true,\"valueName\":\"search_term_string\"}}],\"inLanguage\":\"fr-FR\"},{\"@type\":\"Person\",\"@id\":\"http:\\\/\\\/www.aupadre.fr\\\/#\\\/schema\\\/person\\\/a4d65d0845eb7504e7ac0d30b04fc724\",\"name\":\"Xavier\",\"image\":{\"@type\":\"ImageObject\",\"inLanguage\":\"fr-FR\",\"@id\":\"https:\\\/\\\/secure.gravatar.com\\\/avatar\\\/ffb6d5ada7569959161d7e666c264373bd0a900188ef369643d330e156b456fa?s=96&r=g\",\"url\":\"https:\\\/\\\/secure.gravatar.com\\\/avatar\\\/ffb6d5ada7569959161d7e666c264373bd0a900188ef369643d330e156b456fa?s=96&r=g\",\"contentUrl\":\"https:\\\/\\\/secure.gravatar.com\\\/avatar\\\/ffb6d5ada7569959161d7e666c264373bd0a900188ef369643d330e156b456fa?s=96&r=g\",\"caption\":\"Xavier\"},\"url\":\"https:\\\/\\\/www.aupadre.fr\\\/?author=2\"}]}<\/script>\n<!-- \/ Yoast SEO plugin. -->","yoast_head_json":{"title":"Les \u00e9lus de Villiers \u00e0 Dreux seront-ils encore absents ? - AUPADRE","robots":{"index":"index","follow":"follow","max-snippet":"max-snippet:-1","max-image-preview":"max-image-preview:large","max-video-preview":"max-video-preview:-1"},"canonical":"https:\/\/www.aupadre.fr\/?p=1887","og_locale":"fr_FR","og_type":"article","og_title":"Les \u00e9lus de Villiers \u00e0 Dreux seront-ils encore absents ? - AUPADRE","og_description":"Ile de France Mobilit\u00e9s invite les acteurs de la ligne N \u00e0 un temps de travail pour l&rsquo;avenir de la ligne. Ce \u00ab\u00a0comit\u00e9 d&rsquo;offre SA2026 ligne N\u00a0\u00bb est un temps de dialogue et de concertation. Il vise \u00e0 \u00e9voquer les&hellip;","og_url":"https:\/\/www.aupadre.fr\/?p=1887","og_site_name":"AUPADRE","article_published_time":"2024-05-02T22:02:19+00:00","article_modified_time":"2024-05-03T07:38:26+00:00","og_image":[{"width":640,"height":426,"url":"https:\/\/www.aupadre.fr\/wp-content\/uploads\/2023\/03\/37d67af1557dce71f499f3fc2cfd7d7c.jpg","type":"image\/jpeg"}],"author":"Xavier","twitter_card":"summary_large_image","twitter_misc":{"\u00c9crit par":"Xavier","Dur\u00e9e de lecture estim\u00e9e":"1 minute"},"schema":{"@context":"https:\/\/schema.org","@graph":[{"@type":"Article","@id":"https:\/\/www.aupadre.fr\/?p=1887#article","isPartOf":{"@id":"https:\/\/www.aupadre.fr\/?p=1887"},"author":{"name":"Xavier","@id":"http:\/\/www.aupadre.fr\/#\/schema\/person\/a4d65d0845eb7504e7ac0d30b04fc724"},"headline":"Les \u00e9lus de Villiers \u00e0 Dreux seront-ils encore absents ?","datePublished":"2024-05-02T22:02:19+00:00","dateModified":"2024-05-03T07:38:26+00:00","mainEntityOfPage":{"@id":"https:\/\/www.aupadre.fr\/?p=1887"},"wordCount":162,"commentCount":0,"image":{"@id":"https:\/\/www.aupadre.fr\/?p=1887#primaryimage"},"thumbnailUrl":"https:\/\/www.aupadre.fr\/wp-content\/uploads\/2023\/03\/37d67af1557dce71f499f3fc2cfd7d7c.jpg","keywords":["2024","Aupadre","Dysfonctionnement","\u00c9lus","IdF Mobilit\u00e9s","ligne N"],"articleSection":["Actions en cours"],"inLanguage":"fr-FR","potentialAction":[{"@type":"CommentAction","name":"Comment","target":["https:\/\/www.aupadre.fr\/?p=1887#respond"]}]},{"@type":"WebPage","@id":"https:\/\/www.aupadre.fr\/?p=1887","url":"https:\/\/www.aupadre.fr\/?p=1887","name":"Les \u00e9lus de Villiers \u00e0 Dreux seront-ils encore absents ? - AUPADRE","isPartOf":{"@id":"http:\/\/www.aupadre.fr\/#website"},"primaryImageOfPage":{"@id":"https:\/\/www.aupadre.fr\/?p=1887#primaryimage"},"image":{"@id":"https:\/\/www.aupadre.fr\/?p=1887#primaryimage"},"thumbnailUrl":"https:\/\/www.aupadre.fr\/wp-content\/uploads\/2023\/03\/37d67af1557dce71f499f3fc2cfd7d7c.jpg","datePublished":"2024-05-02T22:02:19+00:00","dateModified":"2024-05-03T07:38:26+00:00","author":{"@id":"http:\/\/www.aupadre.fr\/#\/schema\/person\/a4d65d0845eb7504e7ac0d30b04fc724"},"breadcrumb":{"@id":"https:\/\/www.aupadre.fr\/?p=1887#breadcrumb"},"inLanguage":"fr-FR","potentialAction":[{"@type":"ReadAction","target":["https:\/\/www.aupadre.fr\/?p=1887"]}]},{"@type":"ImageObject","inLanguage":"fr-FR","@id":"https:\/\/www.aupadre.fr\/?p=1887#primaryimage","url":"https:\/\/www.aupadre.fr\/wp-content\/uploads\/2023\/03\/37d67af1557dce71f499f3fc2cfd7d7c.jpg","contentUrl":"https:\/\/www.aupadre.fr\/wp-content\/uploads\/2023\/03\/37d67af1557dce71f499f3fc2cfd7d7c.jpg","width":640,"height":426},{"@type":"BreadcrumbList","@id":"https:\/\/www.aupadre.fr\/?p=1887#breadcrumb","itemListElement":[{"@type":"ListItem","position":1,"name":"Accueil","item":"http:\/\/www.aupadre.fr\/"},{"@type":"ListItem","position":2,"name":"Les \u00e9lus de Villiers \u00e0 Dreux seront-ils encore absents ?"}]},{"@type":"WebSite","@id":"http:\/\/www.aupadre.fr\/#website","url":"http:\/\/www.aupadre.fr\/","name":"AUPADRE","description":"Vogue la Gal\u00e8re sur les Rails !!!","potentialAction":[{"@type":"SearchAction","target":{"@type":"EntryPoint","urlTemplate":"http:\/\/www.aupadre.fr\/?s={search_term_string}"},"query-input":{"@type":"PropertyValueSpecification","valueRequired":true,"valueName":"search_term_string"}}],"inLanguage":"fr-FR"},{"@type":"Person","@id":"http:\/\/www.aupadre.fr\/#\/schema\/person\/a4d65d0845eb7504e7ac0d30b04fc724","name":"Xavier","image":{"@type":"ImageObject","inLanguage":"fr-FR","@id":"https:\/\/secure.gravatar.com\/avatar\/ffb6d5ada7569959161d7e666c264373bd0a900188ef369643d330e156b456fa?s=96&r=g","url":"https:\/\/secure.gravatar.com\/avatar\/ffb6d5ada7569959161d7e666c264373bd0a900188ef369643d330e156b456fa?s=96&r=g","contentUrl":"https:\/\/secure.gravatar.com\/avatar\/ffb6d5ada7569959161d7e666c264373bd0a900188ef369643d330e156b456fa?s=96&r=g","caption":"Xavier"},"url":"https:\/\/www.aupadre.fr\/?author=2"}]}},"_links":{"self":[{"href":"https:\/\/www.aupadre.fr\/index.php?rest_route=\/wp\/v2\/posts\/1887","targetHints":{"allow":["GET"]}}],"collection":[{"href":"https:\/\/www.aupadre.fr\/index.php?rest_route=\/wp\/v2\/posts"}],"about":[{"href":"https:\/\/www.aupadre.fr\/index.php?rest_route=\/wp\/v2\/types\/post"}],"author":[{"embeddable":true,"href":"https:\/\/www.aupadre.fr\/index.php?rest_route=\/wp\/v2\/users\/2"}],"replies":[{"embeddable":true,"href":"https:\/\/www.aupadre.fr\/index.php?rest_route=%2Fwp%2Fv2%2Fcomments&post=1887"}],"version-history":[{"count":5,"href":"https:\/\/www.aupadre.fr\/index.php?rest_route=\/wp\/v2\/posts\/1887\/revisions"}],"predecessor-version":[{"id":1896,"href":"https:\/\/www.aupadre.fr\/index.php?rest_route=\/wp\/v2\/posts\/1887\/revisions\/1896"}],"wp:featuredmedia":[{"embeddable":true,"href":"https:\/\/www.aupadre.fr\/index.php?rest_route=\/wp\/v2\/media\/1750"}],"wp:attachment":[{"href":"https:\/\/www.aupadre.fr\/index.php?rest_route=%2Fwp%2Fv2%2Fmedia&parent=1887"}],"wp:term":[{"taxonomy":"category","embeddable":true,"href":"https:\/\/www.aupadre.fr\/index.php?rest_route=%2Fwp%2Fv2%2Fcategories&post=1887"},{"taxonomy":"post_tag","embeddable":true,"href":"https:\/\/www.aupadre.fr\/index.php?rest_route=%2Fwp%2Fv2%2Ftags&post=1887"}],"curies":[{"name":"wp","href":"https:\/\/api.w.org\/{rel}","templated":true}]}}