{"id":1766,"date":"2023-12-14T00:15:09","date_gmt":"2023-12-13T23:15:09","guid":{"rendered":"http:\/\/www.aupadre.fr\/?p=1766"},"modified":"2024-05-03T00:04:27","modified_gmt":"2024-05-02T22:04:27","slug":"des-elus-recemment-lamelioration-de-la-ligne-n","status":"publish","type":"post","link":"https:\/\/www.aupadre.fr\/?p=1766","title":{"rendered":"Des \u00e9lus r\u00e9clament l&rsquo;am\u00e9lioration de la ligne N"},"content":{"rendered":"\n<p>Pour savoir si votre maire en fait partie, lisez <a href=\"https:\/\/actu.fr\/societe\/transport-ces-maires-des-yvelines-reclament-en-urgence-un-plan-daction-a-la-sncf-pour-la-ligne-n_60452759.html\" target=\"_blank\" rel=\"noopener\" title=\"\">cet article<\/a> !<\/p>\n\n\n\n<p>Pour am\u00e9liorer vos conditions de transport sur la ligne N, vous savez ce qu&rsquo;il vous reste \u00e0 faire : allez raconter vos conditions de transport \u00e0 votre Maire ! <\/p>\n\n\n\n<p>Et si vous vous sentez seul, rejoignez AUPADRE, <a href=\"http:\/\/www.aupadre.fr\/?p=1561\" target=\"_blank\" rel=\"noopener\" title=\"\">adh\u00e9rez<\/a>, \u00e0 plusieurs on est plus fort ! <\/p>\n","protected":false},"excerpt":{"rendered":"<p>Pour savoir si votre maire en fait partie, lisez cet article ! Pour am\u00e9liorer vos conditions de transport sur la ligne N, vous savez ce qu&rsquo;il vous reste \u00e0 faire : allez raconter vos conditions de transport \u00e0 votre Maire&hellip; <\/p>\n","protected":false},"author":2,"featured_media":0,"comment_status":"open","ping_status":"closed","sticky":false,"template":"","format":"standard","meta":{"_monsterinsights_skip_tracking":false,"_monsterinsights_sitenote_active":false,"_monsterinsights_sitenote_note":"","_monsterinsights_sitenote_category":0,"footnotes":""},"categories":[1],"tags":[161,89,160,166,164,33,167,165,75],"class_list":["post-1766","post","type-post","status-publish","format-standard","hentry","category-actions-encours","tag-161","tag-aupadre-2","tag-clients","tag-conditions-de-transport","tag-elus-2","tag-ligne-n","tag-reclamations","tag-retards","tag-yvelines"],"yoast_head":"<!-- This site is optimized with the Yoast SEO plugin v27.5 - https:\/\/yoast.com\/product\/yoast-seo-wordpress\/ -->\n<title>Des \u00e9lus r\u00e9clament l&#039;am\u00e9lioration de la ligne N - AUPADRE<\/title>\n<meta name=\"robots\" content=\"index, follow, max-snippet:-1, max-image-preview:large, max-video-preview:-1\" \/>\n<link rel=\"canonical\" href=\"https:\/\/www.aupadre.fr\/?p=1766\" \/>\n<meta property=\"og:locale\" content=\"fr_FR\" \/>\n<meta property=\"og:type\" content=\"article\" \/>\n<meta property=\"og:title\" content=\"Des \u00e9lus r\u00e9clament l&#039;am\u00e9lioration de la ligne N - AUPADRE\" \/>\n<meta property=\"og:description\" content=\"Pour savoir si votre maire en fait partie, lisez cet article ! Pour am\u00e9liorer vos conditions de transport sur la ligne N, vous savez ce qu&rsquo;il vous reste \u00e0 faire : allez raconter vos conditions de transport \u00e0 votre Maire&hellip;\" \/>\n<meta property=\"og:url\" content=\"https:\/\/www.aupadre.fr\/?p=1766\" \/>\n<meta property=\"og:site_name\" content=\"AUPADRE\" \/>\n<meta property=\"article:published_time\" content=\"2023-12-13T23:15:09+00:00\" \/>\n<meta property=\"article:modified_time\" content=\"2024-05-02T22:04:27+00:00\" \/>\n<meta name=\"author\" content=\"Xavier\" \/>\n<meta name=\"twitter:card\" content=\"summary_large_image\" \/>\n<meta name=\"twitter:label1\" content=\"\u00c9crit par\" \/>\n\t<meta name=\"twitter:data1\" content=\"Xavier\" \/>\n<script type=\"application\/ld+json\" class=\"yoast-schema-graph\">{\"@context\":\"https:\\\/\\\/schema.org\",\"@graph\":[{\"@type\":\"Article\",\"@id\":\"https:\\\/\\\/www.aupadre.fr\\\/?p=1766#article\",\"isPartOf\":{\"@id\":\"https:\\\/\\\/www.aupadre.fr\\\/?p=1766\"},\"author\":{\"name\":\"Xavier\",\"@id\":\"http:\\\/\\\/www.aupadre.fr\\\/#\\\/schema\\\/person\\\/a4d65d0845eb7504e7ac0d30b04fc724\"},\"headline\":\"Des \u00e9lus r\u00e9clament l&rsquo;am\u00e9lioration de la ligne N\",\"datePublished\":\"2023-12-13T23:15:09+00:00\",\"dateModified\":\"2024-05-02T22:04:27+00:00\",\"mainEntityOfPage\":{\"@id\":\"https:\\\/\\\/www.aupadre.fr\\\/?p=1766\"},\"wordCount\":64,\"commentCount\":0,\"keywords\":[\"2023\",\"Aupadre\",\"clients\",\"Conditions de transport\",\"Elus\",\"ligne N\",\"R\u00e9clamations\",\"Retards\",\"Yvelines\"],\"articleSection\":[\"Actions en cours\"],\"inLanguage\":\"fr-FR\",\"potentialAction\":[{\"@type\":\"CommentAction\",\"name\":\"Comment\",\"target\":[\"https:\\\/\\\/www.aupadre.fr\\\/?p=1766#respond\"]}]},{\"@type\":\"WebPage\",\"@id\":\"https:\\\/\\\/www.aupadre.fr\\\/?p=1766\",\"url\":\"https:\\\/\\\/www.aupadre.fr\\\/?p=1766\",\"name\":\"Des \u00e9lus r\u00e9clament l'am\u00e9lioration de la ligne N - AUPADRE\",\"isPartOf\":{\"@id\":\"http:\\\/\\\/www.aupadre.fr\\\/#website\"},\"datePublished\":\"2023-12-13T23:15:09+00:00\",\"dateModified\":\"2024-05-02T22:04:27+00:00\",\"author\":{\"@id\":\"http:\\\/\\\/www.aupadre.fr\\\/#\\\/schema\\\/person\\\/a4d65d0845eb7504e7ac0d30b04fc724\"},\"breadcrumb\":{\"@id\":\"https:\\\/\\\/www.aupadre.fr\\\/?p=1766#breadcrumb\"},\"inLanguage\":\"fr-FR\",\"potentialAction\":[{\"@type\":\"ReadAction\",\"target\":[\"https:\\\/\\\/www.aupadre.fr\\\/?p=1766\"]}]},{\"@type\":\"BreadcrumbList\",\"@id\":\"https:\\\/\\\/www.aupadre.fr\\\/?p=1766#breadcrumb\",\"itemListElement\":[{\"@type\":\"ListItem\",\"position\":1,\"name\":\"Accueil\",\"item\":\"http:\\\/\\\/www.aupadre.fr\\\/\"},{\"@type\":\"ListItem\",\"position\":2,\"name\":\"Des \u00e9lus r\u00e9clament l&rsquo;am\u00e9lioration de la ligne N\"}]},{\"@type\":\"WebSite\",\"@id\":\"http:\\\/\\\/www.aupadre.fr\\\/#website\",\"url\":\"http:\\\/\\\/www.aupadre.fr\\\/\",\"name\":\"AUPADRE\",\"description\":\"Vogue la Gal\u00e8re sur les Rails !!!\",\"potentialAction\":[{\"@type\":\"SearchAction\",\"target\":{\"@type\":\"EntryPoint\",\"urlTemplate\":\"http:\\\/\\\/www.aupadre.fr\\\/?s={search_term_string}\"},\"query-input\":{\"@type\":\"PropertyValueSpecification\",\"valueRequired\":true,\"valueName\":\"search_term_string\"}}],\"inLanguage\":\"fr-FR\"},{\"@type\":\"Person\",\"@id\":\"http:\\\/\\\/www.aupadre.fr\\\/#\\\/schema\\\/person\\\/a4d65d0845eb7504e7ac0d30b04fc724\",\"name\":\"Xavier\",\"image\":{\"@type\":\"ImageObject\",\"inLanguage\":\"fr-FR\",\"@id\":\"https:\\\/\\\/secure.gravatar.com\\\/avatar\\\/ffb6d5ada7569959161d7e666c264373bd0a900188ef369643d330e156b456fa?s=96&r=g\",\"url\":\"https:\\\/\\\/secure.gravatar.com\\\/avatar\\\/ffb6d5ada7569959161d7e666c264373bd0a900188ef369643d330e156b456fa?s=96&r=g\",\"contentUrl\":\"https:\\\/\\\/secure.gravatar.com\\\/avatar\\\/ffb6d5ada7569959161d7e666c264373bd0a900188ef369643d330e156b456fa?s=96&r=g\",\"caption\":\"Xavier\"},\"url\":\"https:\\\/\\\/www.aupadre.fr\\\/?author=2\"}]}<\/script>\n<!-- \/ Yoast SEO plugin. -->","yoast_head_json":{"title":"Des \u00e9lus r\u00e9clament l'am\u00e9lioration de la ligne N - AUPADRE","robots":{"index":"index","follow":"follow","max-snippet":"max-snippet:-1","max-image-preview":"max-image-preview:large","max-video-preview":"max-video-preview:-1"},"canonical":"https:\/\/www.aupadre.fr\/?p=1766","og_locale":"fr_FR","og_type":"article","og_title":"Des \u00e9lus r\u00e9clament l'am\u00e9lioration de la ligne N - AUPADRE","og_description":"Pour savoir si votre maire en fait partie, lisez cet article ! Pour am\u00e9liorer vos conditions de transport sur la ligne N, vous savez ce qu&rsquo;il vous reste \u00e0 faire : allez raconter vos conditions de transport \u00e0 votre Maire&hellip;","og_url":"https:\/\/www.aupadre.fr\/?p=1766","og_site_name":"AUPADRE","article_published_time":"2023-12-13T23:15:09+00:00","article_modified_time":"2024-05-02T22:04:27+00:00","author":"Xavier","twitter_card":"summary_large_image","twitter_misc":{"\u00c9crit par":"Xavier"},"schema":{"@context":"https:\/\/schema.org","@graph":[{"@type":"Article","@id":"https:\/\/www.aupadre.fr\/?p=1766#article","isPartOf":{"@id":"https:\/\/www.aupadre.fr\/?p=1766"},"author":{"name":"Xavier","@id":"http:\/\/www.aupadre.fr\/#\/schema\/person\/a4d65d0845eb7504e7ac0d30b04fc724"},"headline":"Des \u00e9lus r\u00e9clament l&rsquo;am\u00e9lioration de la ligne N","datePublished":"2023-12-13T23:15:09+00:00","dateModified":"2024-05-02T22:04:27+00:00","mainEntityOfPage":{"@id":"https:\/\/www.aupadre.fr\/?p=1766"},"wordCount":64,"commentCount":0,"keywords":["2023","Aupadre","clients","Conditions de transport","Elus","ligne N","R\u00e9clamations","Retards","Yvelines"],"articleSection":["Actions en cours"],"inLanguage":"fr-FR","potentialAction":[{"@type":"CommentAction","name":"Comment","target":["https:\/\/www.aupadre.fr\/?p=1766#respond"]}]},{"@type":"WebPage","@id":"https:\/\/www.aupadre.fr\/?p=1766","url":"https:\/\/www.aupadre.fr\/?p=1766","name":"Des \u00e9lus r\u00e9clament l'am\u00e9lioration de la ligne N - AUPADRE","isPartOf":{"@id":"http:\/\/www.aupadre.fr\/#website"},"datePublished":"2023-12-13T23:15:09+00:00","dateModified":"2024-05-02T22:04:27+00:00","author":{"@id":"http:\/\/www.aupadre.fr\/#\/schema\/person\/a4d65d0845eb7504e7ac0d30b04fc724"},"breadcrumb":{"@id":"https:\/\/www.aupadre.fr\/?p=1766#breadcrumb"},"inLanguage":"fr-FR","potentialAction":[{"@type":"ReadAction","target":["https:\/\/www.aupadre.fr\/?p=1766"]}]},{"@type":"BreadcrumbList","@id":"https:\/\/www.aupadre.fr\/?p=1766#breadcrumb","itemListElement":[{"@type":"ListItem","position":1,"name":"Accueil","item":"http:\/\/www.aupadre.fr\/"},{"@type":"ListItem","position":2,"name":"Des \u00e9lus r\u00e9clament l&rsquo;am\u00e9lioration de la ligne N"}]},{"@type":"WebSite","@id":"http:\/\/www.aupadre.fr\/#website","url":"http:\/\/www.aupadre.fr\/","name":"AUPADRE","description":"Vogue la Gal\u00e8re sur les Rails !!!","potentialAction":[{"@type":"SearchAction","target":{"@type":"EntryPoint","urlTemplate":"http:\/\/www.aupadre.fr\/?s={search_term_string}"},"query-input":{"@type":"PropertyValueSpecification","valueRequired":true,"valueName":"search_term_string"}}],"inLanguage":"fr-FR"},{"@type":"Person","@id":"http:\/\/www.aupadre.fr\/#\/schema\/person\/a4d65d0845eb7504e7ac0d30b04fc724","name":"Xavier","image":{"@type":"ImageObject","inLanguage":"fr-FR","@id":"https:\/\/secure.gravatar.com\/avatar\/ffb6d5ada7569959161d7e666c264373bd0a900188ef369643d330e156b456fa?s=96&r=g","url":"https:\/\/secure.gravatar.com\/avatar\/ffb6d5ada7569959161d7e666c264373bd0a900188ef369643d330e156b456fa?s=96&r=g","contentUrl":"https:\/\/secure.gravatar.com\/avatar\/ffb6d5ada7569959161d7e666c264373bd0a900188ef369643d330e156b456fa?s=96&r=g","caption":"Xavier"},"url":"https:\/\/www.aupadre.fr\/?author=2"}]}},"_links":{"self":[{"href":"https:\/\/www.aupadre.fr\/index.php?rest_route=\/wp\/v2\/posts\/1766","targetHints":{"allow":["GET"]}}],"collection":[{"href":"https:\/\/www.aupadre.fr\/index.php?rest_route=\/wp\/v2\/posts"}],"about":[{"href":"https:\/\/www.aupadre.fr\/index.php?rest_route=\/wp\/v2\/types\/post"}],"author":[{"embeddable":true,"href":"https:\/\/www.aupadre.fr\/index.php?rest_route=\/wp\/v2\/users\/2"}],"replies":[{"embeddable":true,"href":"https:\/\/www.aupadre.fr\/index.php?rest_route=%2Fwp%2Fv2%2Fcomments&post=1766"}],"version-history":[{"count":7,"href":"https:\/\/www.aupadre.fr\/index.php?rest_route=\/wp\/v2\/posts\/1766\/revisions"}],"predecessor-version":[{"id":1776,"href":"https:\/\/www.aupadre.fr\/index.php?rest_route=\/wp\/v2\/posts\/1766\/revisions\/1776"}],"wp:attachment":[{"href":"https:\/\/www.aupadre.fr\/index.php?rest_route=%2Fwp%2Fv2%2Fmedia&parent=1766"}],"wp:term":[{"taxonomy":"category","embeddable":true,"href":"https:\/\/www.aupadre.fr\/index.php?rest_route=%2Fwp%2Fv2%2Fcategories&post=1766"},{"taxonomy":"post_tag","embeddable":true,"href":"https:\/\/www.aupadre.fr\/index.php?rest_route=%2Fwp%2Fv2%2Ftags&post=1766"}],"curies":[{"name":"wp","href":"https:\/\/api.w.org\/{rel}","templated":true}]}}