{"id":1722,"date":"2022-12-17T11:38:42","date_gmt":"2022-12-17T10:38:42","guid":{"rendered":"http:\/\/www.aupadre.fr\/?p=1722"},"modified":"2023-03-15T22:17:09","modified_gmt":"2023-03-15T21:17:09","slug":"communique-en-reponse-a-lannonce-officielle-de-laugmentation-de-la-carte-navigo-par-la-region","status":"publish","type":"post","link":"https:\/\/www.aupadre.fr\/?p=1722","title":{"rendered":"Communiqu\u00e9 en r\u00e9ponse \u00e0 l&rsquo;annonce officielle de l&rsquo;augmentation de la carte Navigo par la R\u00e9gion"},"content":{"rendered":"\n<ul class=\"wp-block-list\"><li>On n&rsquo;a pas am\u00e9lior\u00e9 les trajets en train qui restent al\u00e9atoires sur nos lignes<\/li><li>On supprime ou retarde encore des trains d\u00e9j\u00e0 trop peu nombreux<\/li><li>On a ferm\u00e9 les guichets en gare<\/li><li>On a d\u00e9grad\u00e9 les applicatifs en temps r\u00e9el qui ne r\u00e9pondent pas au besoin d&rsquo;information<\/li><\/ul>\n\n\n\n<p>R\u00e9sultats :<br>On enclave un peu plus nos territoires \u00e0 force de ne pas couvrir les besoins de la population qui ne demande qu&rsquo;\u00e0 aller travailler, \u00e9tudier ou se soigner normalement.<\/p>\n\n\n\n<p>Et comme si \u00e7a ne suffisait pas, on augmente un titre de transport qui devrait au contraire encourager l&rsquo;usage des transports en commun !<\/p>\n\n\n\n<p>AUPADRE conteste ces d\u00e9cisions absurdes, \u00e0 contresens des enjeux \u00e9cologiques et soci\u00e9taux de la nation.<\/p>\n\n\n\n<p>Elle rappelle que quel que soit le d\u00e9cideur, Etat, R\u00e9gion, \u00e9lus territoriaux, etc. ce sont toujours nos imp\u00f4ts qui payent.<br>Elle attend donc une Union sacr\u00e9e sur le th\u00e8me des transports qui d\u00e9passe enfin les querelles de comp\u00e9tences et autres renvois de responsabilit\u00e9 dont la st\u00e9rilit\u00e9 n&rsquo;\u00e9chappe plus \u00e0 grand monde.<\/p>\n","protected":false},"excerpt":{"rendered":"<p>On n&rsquo;a pas am\u00e9lior\u00e9 les trajets en train qui restent al\u00e9atoires sur nos lignes On supprime ou retarde encore des trains d\u00e9j\u00e0 trop peu nombreux On a ferm\u00e9 les guichets en gare On a d\u00e9grad\u00e9 les applicatifs en temps r\u00e9el&hellip; <\/p>\n","protected":false},"author":2,"featured_media":0,"comment_status":"open","ping_status":"open","sticky":false,"template":"","format":"standard","meta":{"_monsterinsights_skip_tracking":false,"_monsterinsights_sitenote_active":false,"_monsterinsights_sitenote_note":"","_monsterinsights_sitenote_category":0,"footnotes":""},"categories":[1],"tags":[],"class_list":["post-1722","post","type-post","status-publish","format-standard","hentry","category-actions-encours"],"yoast_head":"<!-- This site is optimized with the Yoast SEO plugin v27.5 - https:\/\/yoast.com\/product\/yoast-seo-wordpress\/ -->\n<title>Communiqu\u00e9 en r\u00e9ponse \u00e0 l&#039;annonce officielle de l&#039;augmentation de la carte Navigo par la R\u00e9gion - AUPADRE<\/title>\n<meta name=\"robots\" content=\"index, follow, max-snippet:-1, max-image-preview:large, max-video-preview:-1\" \/>\n<link rel=\"canonical\" href=\"http:\/\/www.aupadre.fr\/?p=1722\" \/>\n<meta property=\"og:locale\" content=\"fr_FR\" \/>\n<meta property=\"og:type\" content=\"article\" \/>\n<meta property=\"og:title\" content=\"Communiqu\u00e9 en r\u00e9ponse \u00e0 l&#039;annonce officielle de l&#039;augmentation de la carte Navigo par la R\u00e9gion - AUPADRE\" \/>\n<meta property=\"og:description\" content=\"On n&rsquo;a pas am\u00e9lior\u00e9 les trajets en train qui restent al\u00e9atoires sur nos lignes On supprime ou retarde encore des trains d\u00e9j\u00e0 trop peu nombreux On a ferm\u00e9 les guichets en gare On a d\u00e9grad\u00e9 les applicatifs en temps r\u00e9el&hellip;\" \/>\n<meta property=\"og:url\" content=\"http:\/\/www.aupadre.fr\/?p=1722\" \/>\n<meta property=\"og:site_name\" content=\"AUPADRE\" \/>\n<meta property=\"article:published_time\" content=\"2022-12-17T10:38:42+00:00\" \/>\n<meta property=\"article:modified_time\" content=\"2023-03-15T21:17:09+00:00\" \/>\n<meta name=\"author\" content=\"Xavier\" \/>\n<meta name=\"twitter:card\" content=\"summary_large_image\" \/>\n<meta name=\"twitter:label1\" content=\"\u00c9crit par\" \/>\n\t<meta name=\"twitter:data1\" content=\"Xavier\" \/>\n\t<meta name=\"twitter:label2\" content=\"Dur\u00e9e de lecture estim\u00e9e\" \/>\n\t<meta name=\"twitter:data2\" content=\"1 minute\" \/>\n<script type=\"application\/ld+json\" class=\"yoast-schema-graph\">{\"@context\":\"https:\\\/\\\/schema.org\",\"@graph\":[{\"@type\":\"Article\",\"@id\":\"http:\\\/\\\/www.aupadre.fr\\\/?p=1722#article\",\"isPartOf\":{\"@id\":\"http:\\\/\\\/www.aupadre.fr\\\/?p=1722\"},\"author\":{\"name\":\"Xavier\",\"@id\":\"http:\\\/\\\/www.aupadre.fr\\\/#\\\/schema\\\/person\\\/a4d65d0845eb7504e7ac0d30b04fc724\"},\"headline\":\"Communiqu\u00e9 en r\u00e9ponse \u00e0 l&rsquo;annonce officielle de l&rsquo;augmentation de la carte Navigo par la R\u00e9gion\",\"datePublished\":\"2022-12-17T10:38:42+00:00\",\"dateModified\":\"2023-03-15T21:17:09+00:00\",\"mainEntityOfPage\":{\"@id\":\"http:\\\/\\\/www.aupadre.fr\\\/?p=1722\"},\"wordCount\":202,\"commentCount\":1,\"articleSection\":[\"Actions en cours\"],\"inLanguage\":\"fr-FR\",\"potentialAction\":[{\"@type\":\"CommentAction\",\"name\":\"Comment\",\"target\":[\"http:\\\/\\\/www.aupadre.fr\\\/?p=1722#respond\"]}]},{\"@type\":\"WebPage\",\"@id\":\"http:\\\/\\\/www.aupadre.fr\\\/?p=1722\",\"url\":\"http:\\\/\\\/www.aupadre.fr\\\/?p=1722\",\"name\":\"Communiqu\u00e9 en r\u00e9ponse \u00e0 l'annonce officielle de l'augmentation de la carte Navigo par la R\u00e9gion - AUPADRE\",\"isPartOf\":{\"@id\":\"http:\\\/\\\/www.aupadre.fr\\\/#website\"},\"datePublished\":\"2022-12-17T10:38:42+00:00\",\"dateModified\":\"2023-03-15T21:17:09+00:00\",\"author\":{\"@id\":\"http:\\\/\\\/www.aupadre.fr\\\/#\\\/schema\\\/person\\\/a4d65d0845eb7504e7ac0d30b04fc724\"},\"breadcrumb\":{\"@id\":\"http:\\\/\\\/www.aupadre.fr\\\/?p=1722#breadcrumb\"},\"inLanguage\":\"fr-FR\",\"potentialAction\":[{\"@type\":\"ReadAction\",\"target\":[\"http:\\\/\\\/www.aupadre.fr\\\/?p=1722\"]}]},{\"@type\":\"BreadcrumbList\",\"@id\":\"http:\\\/\\\/www.aupadre.fr\\\/?p=1722#breadcrumb\",\"itemListElement\":[{\"@type\":\"ListItem\",\"position\":1,\"name\":\"Accueil\",\"item\":\"http:\\\/\\\/www.aupadre.fr\\\/\"},{\"@type\":\"ListItem\",\"position\":2,\"name\":\"Communiqu\u00e9 en r\u00e9ponse \u00e0 l&rsquo;annonce officielle de l&rsquo;augmentation de la carte Navigo par la R\u00e9gion\"}]},{\"@type\":\"WebSite\",\"@id\":\"http:\\\/\\\/www.aupadre.fr\\\/#website\",\"url\":\"http:\\\/\\\/www.aupadre.fr\\\/\",\"name\":\"AUPADRE\",\"description\":\"Vogue la Gal\u00e8re sur les Rails !!!\",\"potentialAction\":[{\"@type\":\"SearchAction\",\"target\":{\"@type\":\"EntryPoint\",\"urlTemplate\":\"http:\\\/\\\/www.aupadre.fr\\\/?s={search_term_string}\"},\"query-input\":{\"@type\":\"PropertyValueSpecification\",\"valueRequired\":true,\"valueName\":\"search_term_string\"}}],\"inLanguage\":\"fr-FR\"},{\"@type\":\"Person\",\"@id\":\"http:\\\/\\\/www.aupadre.fr\\\/#\\\/schema\\\/person\\\/a4d65d0845eb7504e7ac0d30b04fc724\",\"name\":\"Xavier\",\"image\":{\"@type\":\"ImageObject\",\"inLanguage\":\"fr-FR\",\"@id\":\"https:\\\/\\\/secure.gravatar.com\\\/avatar\\\/ffb6d5ada7569959161d7e666c264373bd0a900188ef369643d330e156b456fa?s=96&r=g\",\"url\":\"https:\\\/\\\/secure.gravatar.com\\\/avatar\\\/ffb6d5ada7569959161d7e666c264373bd0a900188ef369643d330e156b456fa?s=96&r=g\",\"contentUrl\":\"https:\\\/\\\/secure.gravatar.com\\\/avatar\\\/ffb6d5ada7569959161d7e666c264373bd0a900188ef369643d330e156b456fa?s=96&r=g\",\"caption\":\"Xavier\"},\"url\":\"https:\\\/\\\/www.aupadre.fr\\\/?author=2\"}]}<\/script>\n<!-- \/ Yoast SEO plugin. -->","yoast_head_json":{"title":"Communiqu\u00e9 en r\u00e9ponse \u00e0 l'annonce officielle de l'augmentation de la carte Navigo par la R\u00e9gion - AUPADRE","robots":{"index":"index","follow":"follow","max-snippet":"max-snippet:-1","max-image-preview":"max-image-preview:large","max-video-preview":"max-video-preview:-1"},"canonical":"http:\/\/www.aupadre.fr\/?p=1722","og_locale":"fr_FR","og_type":"article","og_title":"Communiqu\u00e9 en r\u00e9ponse \u00e0 l'annonce officielle de l'augmentation de la carte Navigo par la R\u00e9gion - AUPADRE","og_description":"On n&rsquo;a pas am\u00e9lior\u00e9 les trajets en train qui restent al\u00e9atoires sur nos lignes On supprime ou retarde encore des trains d\u00e9j\u00e0 trop peu nombreux On a ferm\u00e9 les guichets en gare On a d\u00e9grad\u00e9 les applicatifs en temps r\u00e9el&hellip;","og_url":"http:\/\/www.aupadre.fr\/?p=1722","og_site_name":"AUPADRE","article_published_time":"2022-12-17T10:38:42+00:00","article_modified_time":"2023-03-15T21:17:09+00:00","author":"Xavier","twitter_card":"summary_large_image","twitter_misc":{"\u00c9crit par":"Xavier","Dur\u00e9e de lecture estim\u00e9e":"1 minute"},"schema":{"@context":"https:\/\/schema.org","@graph":[{"@type":"Article","@id":"http:\/\/www.aupadre.fr\/?p=1722#article","isPartOf":{"@id":"http:\/\/www.aupadre.fr\/?p=1722"},"author":{"name":"Xavier","@id":"http:\/\/www.aupadre.fr\/#\/schema\/person\/a4d65d0845eb7504e7ac0d30b04fc724"},"headline":"Communiqu\u00e9 en r\u00e9ponse \u00e0 l&rsquo;annonce officielle de l&rsquo;augmentation de la carte Navigo par la R\u00e9gion","datePublished":"2022-12-17T10:38:42+00:00","dateModified":"2023-03-15T21:17:09+00:00","mainEntityOfPage":{"@id":"http:\/\/www.aupadre.fr\/?p=1722"},"wordCount":202,"commentCount":1,"articleSection":["Actions en cours"],"inLanguage":"fr-FR","potentialAction":[{"@type":"CommentAction","name":"Comment","target":["http:\/\/www.aupadre.fr\/?p=1722#respond"]}]},{"@type":"WebPage","@id":"http:\/\/www.aupadre.fr\/?p=1722","url":"http:\/\/www.aupadre.fr\/?p=1722","name":"Communiqu\u00e9 en r\u00e9ponse \u00e0 l'annonce officielle de l'augmentation de la carte Navigo par la R\u00e9gion - AUPADRE","isPartOf":{"@id":"http:\/\/www.aupadre.fr\/#website"},"datePublished":"2022-12-17T10:38:42+00:00","dateModified":"2023-03-15T21:17:09+00:00","author":{"@id":"http:\/\/www.aupadre.fr\/#\/schema\/person\/a4d65d0845eb7504e7ac0d30b04fc724"},"breadcrumb":{"@id":"http:\/\/www.aupadre.fr\/?p=1722#breadcrumb"},"inLanguage":"fr-FR","potentialAction":[{"@type":"ReadAction","target":["http:\/\/www.aupadre.fr\/?p=1722"]}]},{"@type":"BreadcrumbList","@id":"http:\/\/www.aupadre.fr\/?p=1722#breadcrumb","itemListElement":[{"@type":"ListItem","position":1,"name":"Accueil","item":"http:\/\/www.aupadre.fr\/"},{"@type":"ListItem","position":2,"name":"Communiqu\u00e9 en r\u00e9ponse \u00e0 l&rsquo;annonce officielle de l&rsquo;augmentation de la carte Navigo par la R\u00e9gion"}]},{"@type":"WebSite","@id":"http:\/\/www.aupadre.fr\/#website","url":"http:\/\/www.aupadre.fr\/","name":"AUPADRE","description":"Vogue la Gal\u00e8re sur les Rails !!!","potentialAction":[{"@type":"SearchAction","target":{"@type":"EntryPoint","urlTemplate":"http:\/\/www.aupadre.fr\/?s={search_term_string}"},"query-input":{"@type":"PropertyValueSpecification","valueRequired":true,"valueName":"search_term_string"}}],"inLanguage":"fr-FR"},{"@type":"Person","@id":"http:\/\/www.aupadre.fr\/#\/schema\/person\/a4d65d0845eb7504e7ac0d30b04fc724","name":"Xavier","image":{"@type":"ImageObject","inLanguage":"fr-FR","@id":"https:\/\/secure.gravatar.com\/avatar\/ffb6d5ada7569959161d7e666c264373bd0a900188ef369643d330e156b456fa?s=96&r=g","url":"https:\/\/secure.gravatar.com\/avatar\/ffb6d5ada7569959161d7e666c264373bd0a900188ef369643d330e156b456fa?s=96&r=g","contentUrl":"https:\/\/secure.gravatar.com\/avatar\/ffb6d5ada7569959161d7e666c264373bd0a900188ef369643d330e156b456fa?s=96&r=g","caption":"Xavier"},"url":"https:\/\/www.aupadre.fr\/?author=2"}]}},"_links":{"self":[{"href":"https:\/\/www.aupadre.fr\/index.php?rest_route=\/wp\/v2\/posts\/1722","targetHints":{"allow":["GET"]}}],"collection":[{"href":"https:\/\/www.aupadre.fr\/index.php?rest_route=\/wp\/v2\/posts"}],"about":[{"href":"https:\/\/www.aupadre.fr\/index.php?rest_route=\/wp\/v2\/types\/post"}],"author":[{"embeddable":true,"href":"https:\/\/www.aupadre.fr\/index.php?rest_route=\/wp\/v2\/users\/2"}],"replies":[{"embeddable":true,"href":"https:\/\/www.aupadre.fr\/index.php?rest_route=%2Fwp%2Fv2%2Fcomments&post=1722"}],"version-history":[{"count":2,"href":"https:\/\/www.aupadre.fr\/index.php?rest_route=\/wp\/v2\/posts\/1722\/revisions"}],"predecessor-version":[{"id":1725,"href":"https:\/\/www.aupadre.fr\/index.php?rest_route=\/wp\/v2\/posts\/1722\/revisions\/1725"}],"wp:attachment":[{"href":"https:\/\/www.aupadre.fr\/index.php?rest_route=%2Fwp%2Fv2%2Fmedia&parent=1722"}],"wp:term":[{"taxonomy":"category","embeddable":true,"href":"https:\/\/www.aupadre.fr\/index.php?rest_route=%2Fwp%2Fv2%2Fcategories&post=1722"},{"taxonomy":"post_tag","embeddable":true,"href":"https:\/\/www.aupadre.fr\/index.php?rest_route=%2Fwp%2Fv2%2Ftags&post=1722"}],"curies":[{"name":"wp","href":"https:\/\/api.w.org\/{rel}","templated":true}]}}