{"id":1707,"date":"2022-12-05T21:53:25","date_gmt":"2022-12-05T20:53:25","guid":{"rendered":"http:\/\/www.aupadre.fr\/?p=1707"},"modified":"2023-03-15T22:18:35","modified_gmt":"2023-03-15T21:18:35","slug":"encore-une-hausse-du-pass-navigo","status":"publish","type":"post","link":"https:\/\/www.aupadre.fr\/?p=1707","title":{"rendered":"NON \u00e0 l&rsquo;augmentation du prix des titres de transport"},"content":{"rendered":"\n<p>Des questions nous parviennent au sujet de l&rsquo;augmentation possible du pass navigo et cette hypoth\u00e8se est inacceptable :<\/p>\n\n\n\n<p>&#8211; il y a unanimit\u00e9 pour indiquer que, compte tenu de la faiblesse du service et de ses irr\u00e9gularit\u00e9s, cette augmentation potentielle est de nature \u00e0 exclure un peu plus une population lointaine d\u00e9j\u00e0 largement fragilis\u00e9e par la crise actuelle.<\/p>\n\n\n\n<p>&#8211; Il faut rappeler que sur cette ligne certains ont maintenu leur abonnement par solidarit\u00e9 bien que leurs trajets se soient consid\u00e9rablement rar\u00e9fi\u00e9s durant les confinements. Augmenter d\u00e9sormais les tarifs tandis que le service pourrait reprendre enfin constitue une n\u00e9gation de leur effort et de leur solidarit\u00e9. Face \u00e0 la m\u00e9diocrit\u00e9 du service, la rar\u00e9faction des pr\u00e9sences en guichet et l&rsquo;incapacit\u00e9 \u00e0 fournir un service alternatif digne de ce nom en cas de rupture de l&rsquo;acc\u00e8s ferroviaire, ils en tireraient les conclusions qui s&rsquo;imposent.<\/p>\n\n\n\n<p>Le service se d\u00e9grade et est surfactur\u00e9 quant on sait que ce sont aussi nos imp\u00f4ts qui l&rsquo;acquittent. Il est d\u00e9j\u00e0 trop cher pour ce qu&rsquo;il est, d&rsquo;autant que les parkings sont devenus payants !<\/p>\n\n\n\n<p>&#8211; Cette mesure serait de surcro\u00eet &nbsp;\u00e0 l&rsquo;encontre de tout sens \u00e9cologique, ce qui montre bien qu&rsquo;aujourd&rsquo;hui la volont\u00e9 de nos \u00e9lus n&rsquo;est qu&rsquo;un \u00ab\u00a0green washing\u00a0\u00bb.<\/p>\n","protected":false},"excerpt":{"rendered":"<p>Des questions nous parviennent au sujet de l&rsquo;augmentation possible du pass navigo et cette hypoth\u00e8se est inacceptable : &#8211; il y a unanimit\u00e9 pour indiquer que, compte tenu de la faiblesse du service et de ses irr\u00e9gularit\u00e9s, cette augmentation potentielle&hellip; <\/p>\n","protected":false},"author":2,"featured_media":0,"comment_status":"open","ping_status":"open","sticky":false,"template":"","format":"standard","meta":{"_monsterinsights_skip_tracking":false,"_monsterinsights_sitenote_active":false,"_monsterinsights_sitenote_note":"","_monsterinsights_sitenote_category":0,"footnotes":""},"categories":[1],"tags":[51,89,50,33,21],"class_list":["post-1707","post","type-post","status-publish","format-standard","hentry","category-actions-encours","tag-actions","tag-aupadre-2","tag-elus","tag-ligne-n","tag-parkings"],"yoast_head":"<!-- This site is optimized with the Yoast SEO plugin v27.5 - https:\/\/yoast.com\/product\/yoast-seo-wordpress\/ -->\n<title>NON \u00e0 l&#039;augmentation du prix des titres de transport - AUPADRE<\/title>\n<meta name=\"robots\" content=\"index, follow, max-snippet:-1, max-image-preview:large, max-video-preview:-1\" \/>\n<link rel=\"canonical\" href=\"http:\/\/www.aupadre.fr\/?p=1707\" \/>\n<meta property=\"og:locale\" content=\"fr_FR\" \/>\n<meta property=\"og:type\" content=\"article\" \/>\n<meta property=\"og:title\" content=\"NON \u00e0 l&#039;augmentation du prix des titres de transport - AUPADRE\" \/>\n<meta property=\"og:description\" content=\"Des questions nous parviennent au sujet de l&rsquo;augmentation possible du pass navigo et cette hypoth\u00e8se est inacceptable : &#8211; il y a unanimit\u00e9 pour indiquer que, compte tenu de la faiblesse du service et de ses irr\u00e9gularit\u00e9s, cette augmentation potentielle&hellip;\" \/>\n<meta property=\"og:url\" content=\"http:\/\/www.aupadre.fr\/?p=1707\" \/>\n<meta property=\"og:site_name\" content=\"AUPADRE\" \/>\n<meta property=\"article:published_time\" content=\"2022-12-05T20:53:25+00:00\" \/>\n<meta property=\"article:modified_time\" content=\"2023-03-15T21:18:35+00:00\" \/>\n<meta name=\"author\" content=\"Xavier\" \/>\n<meta name=\"twitter:card\" content=\"summary_large_image\" \/>\n<meta name=\"twitter:label1\" content=\"\u00c9crit par\" \/>\n\t<meta name=\"twitter:data1\" content=\"Xavier\" \/>\n\t<meta name=\"twitter:label2\" content=\"Dur\u00e9e de lecture estim\u00e9e\" \/>\n\t<meta name=\"twitter:data2\" content=\"1 minute\" \/>\n<script type=\"application\/ld+json\" class=\"yoast-schema-graph\">{\"@context\":\"https:\\\/\\\/schema.org\",\"@graph\":[{\"@type\":\"Article\",\"@id\":\"http:\\\/\\\/www.aupadre.fr\\\/?p=1707#article\",\"isPartOf\":{\"@id\":\"http:\\\/\\\/www.aupadre.fr\\\/?p=1707\"},\"author\":{\"name\":\"Xavier\",\"@id\":\"http:\\\/\\\/www.aupadre.fr\\\/#\\\/schema\\\/person\\\/a4d65d0845eb7504e7ac0d30b04fc724\"},\"headline\":\"NON \u00e0 l&rsquo;augmentation du prix des titres de transport\",\"datePublished\":\"2022-12-05T20:53:25+00:00\",\"dateModified\":\"2023-03-15T21:18:35+00:00\",\"mainEntityOfPage\":{\"@id\":\"http:\\\/\\\/www.aupadre.fr\\\/?p=1707\"},\"wordCount\":237,\"commentCount\":1,\"keywords\":[\"actions\",\"Aupadre\",\"\u00c9lus\",\"ligne N\",\"Parkings\"],\"articleSection\":[\"Actions en cours\"],\"inLanguage\":\"fr-FR\",\"potentialAction\":[{\"@type\":\"CommentAction\",\"name\":\"Comment\",\"target\":[\"http:\\\/\\\/www.aupadre.fr\\\/?p=1707#respond\"]}]},{\"@type\":\"WebPage\",\"@id\":\"http:\\\/\\\/www.aupadre.fr\\\/?p=1707\",\"url\":\"http:\\\/\\\/www.aupadre.fr\\\/?p=1707\",\"name\":\"NON \u00e0 l'augmentation du prix des titres de transport - AUPADRE\",\"isPartOf\":{\"@id\":\"http:\\\/\\\/www.aupadre.fr\\\/#website\"},\"datePublished\":\"2022-12-05T20:53:25+00:00\",\"dateModified\":\"2023-03-15T21:18:35+00:00\",\"author\":{\"@id\":\"http:\\\/\\\/www.aupadre.fr\\\/#\\\/schema\\\/person\\\/a4d65d0845eb7504e7ac0d30b04fc724\"},\"breadcrumb\":{\"@id\":\"http:\\\/\\\/www.aupadre.fr\\\/?p=1707#breadcrumb\"},\"inLanguage\":\"fr-FR\",\"potentialAction\":[{\"@type\":\"ReadAction\",\"target\":[\"http:\\\/\\\/www.aupadre.fr\\\/?p=1707\"]}]},{\"@type\":\"BreadcrumbList\",\"@id\":\"http:\\\/\\\/www.aupadre.fr\\\/?p=1707#breadcrumb\",\"itemListElement\":[{\"@type\":\"ListItem\",\"position\":1,\"name\":\"Accueil\",\"item\":\"http:\\\/\\\/www.aupadre.fr\\\/\"},{\"@type\":\"ListItem\",\"position\":2,\"name\":\"NON \u00e0 l&rsquo;augmentation du prix des titres de transport\"}]},{\"@type\":\"WebSite\",\"@id\":\"http:\\\/\\\/www.aupadre.fr\\\/#website\",\"url\":\"http:\\\/\\\/www.aupadre.fr\\\/\",\"name\":\"AUPADRE\",\"description\":\"Vogue la Gal\u00e8re sur les Rails !!!\",\"potentialAction\":[{\"@type\":\"SearchAction\",\"target\":{\"@type\":\"EntryPoint\",\"urlTemplate\":\"http:\\\/\\\/www.aupadre.fr\\\/?s={search_term_string}\"},\"query-input\":{\"@type\":\"PropertyValueSpecification\",\"valueRequired\":true,\"valueName\":\"search_term_string\"}}],\"inLanguage\":\"fr-FR\"},{\"@type\":\"Person\",\"@id\":\"http:\\\/\\\/www.aupadre.fr\\\/#\\\/schema\\\/person\\\/a4d65d0845eb7504e7ac0d30b04fc724\",\"name\":\"Xavier\",\"image\":{\"@type\":\"ImageObject\",\"inLanguage\":\"fr-FR\",\"@id\":\"https:\\\/\\\/secure.gravatar.com\\\/avatar\\\/ffb6d5ada7569959161d7e666c264373bd0a900188ef369643d330e156b456fa?s=96&r=g\",\"url\":\"https:\\\/\\\/secure.gravatar.com\\\/avatar\\\/ffb6d5ada7569959161d7e666c264373bd0a900188ef369643d330e156b456fa?s=96&r=g\",\"contentUrl\":\"https:\\\/\\\/secure.gravatar.com\\\/avatar\\\/ffb6d5ada7569959161d7e666c264373bd0a900188ef369643d330e156b456fa?s=96&r=g\",\"caption\":\"Xavier\"},\"url\":\"https:\\\/\\\/www.aupadre.fr\\\/?author=2\"}]}<\/script>\n<!-- \/ Yoast SEO plugin. -->","yoast_head_json":{"title":"NON \u00e0 l'augmentation du prix des titres de transport - AUPADRE","robots":{"index":"index","follow":"follow","max-snippet":"max-snippet:-1","max-image-preview":"max-image-preview:large","max-video-preview":"max-video-preview:-1"},"canonical":"http:\/\/www.aupadre.fr\/?p=1707","og_locale":"fr_FR","og_type":"article","og_title":"NON \u00e0 l'augmentation du prix des titres de transport - AUPADRE","og_description":"Des questions nous parviennent au sujet de l&rsquo;augmentation possible du pass navigo et cette hypoth\u00e8se est inacceptable : &#8211; il y a unanimit\u00e9 pour indiquer que, compte tenu de la faiblesse du service et de ses irr\u00e9gularit\u00e9s, cette augmentation potentielle&hellip;","og_url":"http:\/\/www.aupadre.fr\/?p=1707","og_site_name":"AUPADRE","article_published_time":"2022-12-05T20:53:25+00:00","article_modified_time":"2023-03-15T21:18:35+00:00","author":"Xavier","twitter_card":"summary_large_image","twitter_misc":{"\u00c9crit par":"Xavier","Dur\u00e9e de lecture estim\u00e9e":"1 minute"},"schema":{"@context":"https:\/\/schema.org","@graph":[{"@type":"Article","@id":"http:\/\/www.aupadre.fr\/?p=1707#article","isPartOf":{"@id":"http:\/\/www.aupadre.fr\/?p=1707"},"author":{"name":"Xavier","@id":"http:\/\/www.aupadre.fr\/#\/schema\/person\/a4d65d0845eb7504e7ac0d30b04fc724"},"headline":"NON \u00e0 l&rsquo;augmentation du prix des titres de transport","datePublished":"2022-12-05T20:53:25+00:00","dateModified":"2023-03-15T21:18:35+00:00","mainEntityOfPage":{"@id":"http:\/\/www.aupadre.fr\/?p=1707"},"wordCount":237,"commentCount":1,"keywords":["actions","Aupadre","\u00c9lus","ligne N","Parkings"],"articleSection":["Actions en cours"],"inLanguage":"fr-FR","potentialAction":[{"@type":"CommentAction","name":"Comment","target":["http:\/\/www.aupadre.fr\/?p=1707#respond"]}]},{"@type":"WebPage","@id":"http:\/\/www.aupadre.fr\/?p=1707","url":"http:\/\/www.aupadre.fr\/?p=1707","name":"NON \u00e0 l'augmentation du prix des titres de transport - AUPADRE","isPartOf":{"@id":"http:\/\/www.aupadre.fr\/#website"},"datePublished":"2022-12-05T20:53:25+00:00","dateModified":"2023-03-15T21:18:35+00:00","author":{"@id":"http:\/\/www.aupadre.fr\/#\/schema\/person\/a4d65d0845eb7504e7ac0d30b04fc724"},"breadcrumb":{"@id":"http:\/\/www.aupadre.fr\/?p=1707#breadcrumb"},"inLanguage":"fr-FR","potentialAction":[{"@type":"ReadAction","target":["http:\/\/www.aupadre.fr\/?p=1707"]}]},{"@type":"BreadcrumbList","@id":"http:\/\/www.aupadre.fr\/?p=1707#breadcrumb","itemListElement":[{"@type":"ListItem","position":1,"name":"Accueil","item":"http:\/\/www.aupadre.fr\/"},{"@type":"ListItem","position":2,"name":"NON \u00e0 l&rsquo;augmentation du prix des titres de transport"}]},{"@type":"WebSite","@id":"http:\/\/www.aupadre.fr\/#website","url":"http:\/\/www.aupadre.fr\/","name":"AUPADRE","description":"Vogue la Gal\u00e8re sur les Rails !!!","potentialAction":[{"@type":"SearchAction","target":{"@type":"EntryPoint","urlTemplate":"http:\/\/www.aupadre.fr\/?s={search_term_string}"},"query-input":{"@type":"PropertyValueSpecification","valueRequired":true,"valueName":"search_term_string"}}],"inLanguage":"fr-FR"},{"@type":"Person","@id":"http:\/\/www.aupadre.fr\/#\/schema\/person\/a4d65d0845eb7504e7ac0d30b04fc724","name":"Xavier","image":{"@type":"ImageObject","inLanguage":"fr-FR","@id":"https:\/\/secure.gravatar.com\/avatar\/ffb6d5ada7569959161d7e666c264373bd0a900188ef369643d330e156b456fa?s=96&r=g","url":"https:\/\/secure.gravatar.com\/avatar\/ffb6d5ada7569959161d7e666c264373bd0a900188ef369643d330e156b456fa?s=96&r=g","contentUrl":"https:\/\/secure.gravatar.com\/avatar\/ffb6d5ada7569959161d7e666c264373bd0a900188ef369643d330e156b456fa?s=96&r=g","caption":"Xavier"},"url":"https:\/\/www.aupadre.fr\/?author=2"}]}},"_links":{"self":[{"href":"https:\/\/www.aupadre.fr\/index.php?rest_route=\/wp\/v2\/posts\/1707","targetHints":{"allow":["GET"]}}],"collection":[{"href":"https:\/\/www.aupadre.fr\/index.php?rest_route=\/wp\/v2\/posts"}],"about":[{"href":"https:\/\/www.aupadre.fr\/index.php?rest_route=\/wp\/v2\/types\/post"}],"author":[{"embeddable":true,"href":"https:\/\/www.aupadre.fr\/index.php?rest_route=\/wp\/v2\/users\/2"}],"replies":[{"embeddable":true,"href":"https:\/\/www.aupadre.fr\/index.php?rest_route=%2Fwp%2Fv2%2Fcomments&post=1707"}],"version-history":[{"count":3,"href":"https:\/\/www.aupadre.fr\/index.php?rest_route=\/wp\/v2\/posts\/1707\/revisions"}],"predecessor-version":[{"id":1712,"href":"https:\/\/www.aupadre.fr\/index.php?rest_route=\/wp\/v2\/posts\/1707\/revisions\/1712"}],"wp:attachment":[{"href":"https:\/\/www.aupadre.fr\/index.php?rest_route=%2Fwp%2Fv2%2Fmedia&parent=1707"}],"wp:term":[{"taxonomy":"category","embeddable":true,"href":"https:\/\/www.aupadre.fr\/index.php?rest_route=%2Fwp%2Fv2%2Fcategories&post=1707"},{"taxonomy":"post_tag","embeddable":true,"href":"https:\/\/www.aupadre.fr\/index.php?rest_route=%2Fwp%2Fv2%2Ftags&post=1707"}],"curies":[{"name":"wp","href":"https:\/\/api.w.org\/{rel}","templated":true}]}}