{"id":157,"date":"2014-06-18T21:57:52","date_gmt":"2014-06-18T20:57:52","guid":{"rendered":"http:\/\/www.aupadre.fr\/?p=157"},"modified":"2015-03-05T00:52:12","modified_gmt":"2015-03-04T23:52:12","slug":"rencontre-avec-jm-tetart-fevrier-2013","status":"publish","type":"post","link":"https:\/\/www.aupadre.fr\/?p=157","title":{"rendered":"rencontre avec JM T\u00e9tart, membre du CA du STIF, f\u00e9v.2013"},"content":{"rendered":"<p>Mr JM T\u00e9tart est d\u00e9put\u00e9 maire de Houdan, pr\u00e9sident de la communaut\u00e9 de communes du pays Houdanais, conseiller g\u00e9n\u00e9ral 78 d\u00e9l\u00e9gu\u00e9 aux transports. Nous sommes all\u00e9s le rencontrer au titre de sa participation au CA du STIF. Cette rencontre de f\u00e9vrier 2013 a permis de :<\/p>\n<p>-pr\u00e9senter \u00a0l&rsquo;association, son positionnement, son envergure, et ses attentes.<\/p>\n<p>-et remonter les dysfonctionnements de l&rsquo;information due aux voyageurs, la fr\u00e9quence des trains, les dessertes de bus vers les gares, les rencontres entre STIF et asso de voyageurs, la question des parkings aux abords des gares, l&rsquo;implication des \u00e9lus et les questions de l&#8217;emploi,<\/p>\n<p><a href=\"http:\/\/www.aupadre.fr\/wp-content\/uploads\/2014\/06\/Rencontre-Aupadre-JMTetart-D\u00e9put\u00e9-06022013.pdf\">Rencontre Aupadre JMTetart D\u00e9put\u00e9 06022013<\/a><\/p>\n","protected":false},"excerpt":{"rendered":"<p>Mr JM T\u00e9tart est d\u00e9put\u00e9 maire de Houdan, pr\u00e9sident de la communaut\u00e9 de communes du pays Houdanais, conseiller g\u00e9n\u00e9ral 78 d\u00e9l\u00e9gu\u00e9 aux transports. Nous sommes all\u00e9s le rencontrer au titre de sa participation au CA du STIF. Cette rencontre de&hellip; <\/p>\n","protected":false},"author":2,"featured_media":0,"comment_status":"open","ping_status":"open","sticky":false,"template":"","format":"standard","meta":{"_monsterinsights_skip_tracking":false,"_monsterinsights_sitenote_active":false,"_monsterinsights_sitenote_note":"","_monsterinsights_sitenote_category":0,"footnotes":""},"categories":[2],"tags":[50,73,75],"class_list":["post-157","post","type-post","status-publish","format-standard","hentry","category-actionspassees","tag-elus","tag-stif","tag-yvelines"],"yoast_head":"<!-- This site is optimized with the Yoast SEO plugin v27.5 - https:\/\/yoast.com\/product\/yoast-seo-wordpress\/ -->\n<title>rencontre avec JM T\u00e9tart, membre du CA du STIF, f\u00e9v.2013 - AUPADRE<\/title>\n<meta name=\"robots\" content=\"index, follow, max-snippet:-1, max-image-preview:large, max-video-preview:-1\" \/>\n<link rel=\"canonical\" href=\"https:\/\/www.aupadre.fr\/?p=157\" \/>\n<meta property=\"og:locale\" content=\"fr_FR\" \/>\n<meta property=\"og:type\" content=\"article\" \/>\n<meta property=\"og:title\" content=\"rencontre avec JM T\u00e9tart, membre du CA du STIF, f\u00e9v.2013 - AUPADRE\" \/>\n<meta property=\"og:description\" content=\"Mr JM T\u00e9tart est d\u00e9put\u00e9 maire de Houdan, pr\u00e9sident de la communaut\u00e9 de communes du pays Houdanais, conseiller g\u00e9n\u00e9ral 78 d\u00e9l\u00e9gu\u00e9 aux transports. Nous sommes all\u00e9s le rencontrer au titre de sa participation au CA du STIF. Cette rencontre de&hellip;\" \/>\n<meta property=\"og:url\" content=\"https:\/\/www.aupadre.fr\/?p=157\" \/>\n<meta property=\"og:site_name\" content=\"AUPADRE\" \/>\n<meta property=\"article:published_time\" content=\"2014-06-18T20:57:52+00:00\" \/>\n<meta property=\"article:modified_time\" content=\"2015-03-04T23:52:12+00:00\" \/>\n<meta name=\"author\" content=\"Xavier\" \/>\n<meta name=\"twitter:card\" content=\"summary_large_image\" \/>\n<meta name=\"twitter:label1\" content=\"\u00c9crit par\" \/>\n\t<meta name=\"twitter:data1\" content=\"Xavier\" \/>\n\t<meta name=\"twitter:label2\" content=\"Dur\u00e9e de lecture estim\u00e9e\" \/>\n\t<meta name=\"twitter:data2\" content=\"1 minute\" \/>\n<script type=\"application\/ld+json\" class=\"yoast-schema-graph\">{\"@context\":\"https:\\\/\\\/schema.org\",\"@graph\":[{\"@type\":\"Article\",\"@id\":\"https:\\\/\\\/www.aupadre.fr\\\/?p=157#article\",\"isPartOf\":{\"@id\":\"https:\\\/\\\/www.aupadre.fr\\\/?p=157\"},\"author\":{\"name\":\"Xavier\",\"@id\":\"http:\\\/\\\/www.aupadre.fr\\\/#\\\/schema\\\/person\\\/a4d65d0845eb7504e7ac0d30b04fc724\"},\"headline\":\"rencontre avec JM T\u00e9tart, membre du CA du STIF, f\u00e9v.2013\",\"datePublished\":\"2014-06-18T20:57:52+00:00\",\"dateModified\":\"2015-03-04T23:52:12+00:00\",\"mainEntityOfPage\":{\"@id\":\"https:\\\/\\\/www.aupadre.fr\\\/?p=157\"},\"wordCount\":128,\"commentCount\":0,\"keywords\":[\"\u00c9lus\",\"STIF\",\"Yvelines\"],\"articleSection\":[\"Actions pass\u00e9es\"],\"inLanguage\":\"fr-FR\",\"potentialAction\":[{\"@type\":\"CommentAction\",\"name\":\"Comment\",\"target\":[\"https:\\\/\\\/www.aupadre.fr\\\/?p=157#respond\"]}]},{\"@type\":\"WebPage\",\"@id\":\"https:\\\/\\\/www.aupadre.fr\\\/?p=157\",\"url\":\"https:\\\/\\\/www.aupadre.fr\\\/?p=157\",\"name\":\"rencontre avec JM T\u00e9tart, membre du CA du STIF, f\u00e9v.2013 - AUPADRE\",\"isPartOf\":{\"@id\":\"http:\\\/\\\/www.aupadre.fr\\\/#website\"},\"datePublished\":\"2014-06-18T20:57:52+00:00\",\"dateModified\":\"2015-03-04T23:52:12+00:00\",\"author\":{\"@id\":\"http:\\\/\\\/www.aupadre.fr\\\/#\\\/schema\\\/person\\\/a4d65d0845eb7504e7ac0d30b04fc724\"},\"breadcrumb\":{\"@id\":\"https:\\\/\\\/www.aupadre.fr\\\/?p=157#breadcrumb\"},\"inLanguage\":\"fr-FR\",\"potentialAction\":[{\"@type\":\"ReadAction\",\"target\":[\"https:\\\/\\\/www.aupadre.fr\\\/?p=157\"]}]},{\"@type\":\"BreadcrumbList\",\"@id\":\"https:\\\/\\\/www.aupadre.fr\\\/?p=157#breadcrumb\",\"itemListElement\":[{\"@type\":\"ListItem\",\"position\":1,\"name\":\"Accueil\",\"item\":\"http:\\\/\\\/www.aupadre.fr\\\/\"},{\"@type\":\"ListItem\",\"position\":2,\"name\":\"rencontre avec JM T\u00e9tart, membre du CA du STIF, f\u00e9v.2013\"}]},{\"@type\":\"WebSite\",\"@id\":\"http:\\\/\\\/www.aupadre.fr\\\/#website\",\"url\":\"http:\\\/\\\/www.aupadre.fr\\\/\",\"name\":\"AUPADRE\",\"description\":\"Vogue la Gal\u00e8re sur les Rails !!!\",\"potentialAction\":[{\"@type\":\"SearchAction\",\"target\":{\"@type\":\"EntryPoint\",\"urlTemplate\":\"http:\\\/\\\/www.aupadre.fr\\\/?s={search_term_string}\"},\"query-input\":{\"@type\":\"PropertyValueSpecification\",\"valueRequired\":true,\"valueName\":\"search_term_string\"}}],\"inLanguage\":\"fr-FR\"},{\"@type\":\"Person\",\"@id\":\"http:\\\/\\\/www.aupadre.fr\\\/#\\\/schema\\\/person\\\/a4d65d0845eb7504e7ac0d30b04fc724\",\"name\":\"Xavier\",\"image\":{\"@type\":\"ImageObject\",\"inLanguage\":\"fr-FR\",\"@id\":\"https:\\\/\\\/secure.gravatar.com\\\/avatar\\\/ffb6d5ada7569959161d7e666c264373bd0a900188ef369643d330e156b456fa?s=96&r=g\",\"url\":\"https:\\\/\\\/secure.gravatar.com\\\/avatar\\\/ffb6d5ada7569959161d7e666c264373bd0a900188ef369643d330e156b456fa?s=96&r=g\",\"contentUrl\":\"https:\\\/\\\/secure.gravatar.com\\\/avatar\\\/ffb6d5ada7569959161d7e666c264373bd0a900188ef369643d330e156b456fa?s=96&r=g\",\"caption\":\"Xavier\"},\"url\":\"https:\\\/\\\/www.aupadre.fr\\\/?author=2\"}]}<\/script>\n<!-- \/ Yoast SEO plugin. -->","yoast_head_json":{"title":"rencontre avec JM T\u00e9tart, membre du CA du STIF, f\u00e9v.2013 - AUPADRE","robots":{"index":"index","follow":"follow","max-snippet":"max-snippet:-1","max-image-preview":"max-image-preview:large","max-video-preview":"max-video-preview:-1"},"canonical":"https:\/\/www.aupadre.fr\/?p=157","og_locale":"fr_FR","og_type":"article","og_title":"rencontre avec JM T\u00e9tart, membre du CA du STIF, f\u00e9v.2013 - AUPADRE","og_description":"Mr JM T\u00e9tart est d\u00e9put\u00e9 maire de Houdan, pr\u00e9sident de la communaut\u00e9 de communes du pays Houdanais, conseiller g\u00e9n\u00e9ral 78 d\u00e9l\u00e9gu\u00e9 aux transports. Nous sommes all\u00e9s le rencontrer au titre de sa participation au CA du STIF. Cette rencontre de&hellip;","og_url":"https:\/\/www.aupadre.fr\/?p=157","og_site_name":"AUPADRE","article_published_time":"2014-06-18T20:57:52+00:00","article_modified_time":"2015-03-04T23:52:12+00:00","author":"Xavier","twitter_card":"summary_large_image","twitter_misc":{"\u00c9crit par":"Xavier","Dur\u00e9e de lecture estim\u00e9e":"1 minute"},"schema":{"@context":"https:\/\/schema.org","@graph":[{"@type":"Article","@id":"https:\/\/www.aupadre.fr\/?p=157#article","isPartOf":{"@id":"https:\/\/www.aupadre.fr\/?p=157"},"author":{"name":"Xavier","@id":"http:\/\/www.aupadre.fr\/#\/schema\/person\/a4d65d0845eb7504e7ac0d30b04fc724"},"headline":"rencontre avec JM T\u00e9tart, membre du CA du STIF, f\u00e9v.2013","datePublished":"2014-06-18T20:57:52+00:00","dateModified":"2015-03-04T23:52:12+00:00","mainEntityOfPage":{"@id":"https:\/\/www.aupadre.fr\/?p=157"},"wordCount":128,"commentCount":0,"keywords":["\u00c9lus","STIF","Yvelines"],"articleSection":["Actions pass\u00e9es"],"inLanguage":"fr-FR","potentialAction":[{"@type":"CommentAction","name":"Comment","target":["https:\/\/www.aupadre.fr\/?p=157#respond"]}]},{"@type":"WebPage","@id":"https:\/\/www.aupadre.fr\/?p=157","url":"https:\/\/www.aupadre.fr\/?p=157","name":"rencontre avec JM T\u00e9tart, membre du CA du STIF, f\u00e9v.2013 - AUPADRE","isPartOf":{"@id":"http:\/\/www.aupadre.fr\/#website"},"datePublished":"2014-06-18T20:57:52+00:00","dateModified":"2015-03-04T23:52:12+00:00","author":{"@id":"http:\/\/www.aupadre.fr\/#\/schema\/person\/a4d65d0845eb7504e7ac0d30b04fc724"},"breadcrumb":{"@id":"https:\/\/www.aupadre.fr\/?p=157#breadcrumb"},"inLanguage":"fr-FR","potentialAction":[{"@type":"ReadAction","target":["https:\/\/www.aupadre.fr\/?p=157"]}]},{"@type":"BreadcrumbList","@id":"https:\/\/www.aupadre.fr\/?p=157#breadcrumb","itemListElement":[{"@type":"ListItem","position":1,"name":"Accueil","item":"http:\/\/www.aupadre.fr\/"},{"@type":"ListItem","position":2,"name":"rencontre avec JM T\u00e9tart, membre du CA du STIF, f\u00e9v.2013"}]},{"@type":"WebSite","@id":"http:\/\/www.aupadre.fr\/#website","url":"http:\/\/www.aupadre.fr\/","name":"AUPADRE","description":"Vogue la Gal\u00e8re sur les Rails !!!","potentialAction":[{"@type":"SearchAction","target":{"@type":"EntryPoint","urlTemplate":"http:\/\/www.aupadre.fr\/?s={search_term_string}"},"query-input":{"@type":"PropertyValueSpecification","valueRequired":true,"valueName":"search_term_string"}}],"inLanguage":"fr-FR"},{"@type":"Person","@id":"http:\/\/www.aupadre.fr\/#\/schema\/person\/a4d65d0845eb7504e7ac0d30b04fc724","name":"Xavier","image":{"@type":"ImageObject","inLanguage":"fr-FR","@id":"https:\/\/secure.gravatar.com\/avatar\/ffb6d5ada7569959161d7e666c264373bd0a900188ef369643d330e156b456fa?s=96&r=g","url":"https:\/\/secure.gravatar.com\/avatar\/ffb6d5ada7569959161d7e666c264373bd0a900188ef369643d330e156b456fa?s=96&r=g","contentUrl":"https:\/\/secure.gravatar.com\/avatar\/ffb6d5ada7569959161d7e666c264373bd0a900188ef369643d330e156b456fa?s=96&r=g","caption":"Xavier"},"url":"https:\/\/www.aupadre.fr\/?author=2"}]}},"_links":{"self":[{"href":"https:\/\/www.aupadre.fr\/index.php?rest_route=\/wp\/v2\/posts\/157","targetHints":{"allow":["GET"]}}],"collection":[{"href":"https:\/\/www.aupadre.fr\/index.php?rest_route=\/wp\/v2\/posts"}],"about":[{"href":"https:\/\/www.aupadre.fr\/index.php?rest_route=\/wp\/v2\/types\/post"}],"author":[{"embeddable":true,"href":"https:\/\/www.aupadre.fr\/index.php?rest_route=\/wp\/v2\/users\/2"}],"replies":[{"embeddable":true,"href":"https:\/\/www.aupadre.fr\/index.php?rest_route=%2Fwp%2Fv2%2Fcomments&post=157"}],"version-history":[{"count":9,"href":"https:\/\/www.aupadre.fr\/index.php?rest_route=\/wp\/v2\/posts\/157\/revisions"}],"predecessor-version":[{"id":206,"href":"https:\/\/www.aupadre.fr\/index.php?rest_route=\/wp\/v2\/posts\/157\/revisions\/206"}],"wp:attachment":[{"href":"https:\/\/www.aupadre.fr\/index.php?rest_route=%2Fwp%2Fv2%2Fmedia&parent=157"}],"wp:term":[{"taxonomy":"category","embeddable":true,"href":"https:\/\/www.aupadre.fr\/index.php?rest_route=%2Fwp%2Fv2%2Fcategories&post=157"},{"taxonomy":"post_tag","embeddable":true,"href":"https:\/\/www.aupadre.fr\/index.php?rest_route=%2Fwp%2Fv2%2Ftags&post=157"}],"curies":[{"name":"wp","href":"https:\/\/api.w.org\/{rel}","templated":true}]}}