{"id":151,"date":"2014-06-18T21:52:30","date_gmt":"2014-06-18T20:52:30","guid":{"rendered":"http:\/\/www.aupadre.fr\/?p=151"},"modified":"2015-03-05T00:32:27","modified_gmt":"2015-03-04T23:32:27","slug":"communication-a-jm-tetart-depute","status":"publish","type":"post","link":"https:\/\/www.aupadre.fr\/?p=151","title":{"rendered":"communication \u00e0 JM T\u00e9tart, membre du CA du STIF, d\u00e9c 2013"},"content":{"rendered":"<p><span style=\"line-height: 1.5em;\">le message envoy\u00e9 \u00e0 JM T\u00e9tart en d\u00e9cembre 2013 :\u00a0<a href=\"http:\/\/www.aupadre.fr\/wp-content\/uploads\/2014\/06\/mail-a-JM-Tetart-d\u00e9put\u00e9-07122013.odt\">mail a JM Tetart d\u00e9put\u00e9 07122013<\/a>.<\/span><\/p>\n<p>Le message reprend substantiellement les principaux points de l\u2019ann\u00e9e 2013.\u00a0Vous trouverez en PJ le courrier que l\u2019association a fait parvenir tr\u00e8s r\u00e9cemment aux \u00e9lus locaux.<\/p>\n<p><span style=\"color: #000000;\"><span style=\"font-family: 'Times New Roman';\"><span style=\"font-size: medium;\">1) Engorgement du stationnement aux alentours des gares, notamment de celle de Montfort l\u2019Amaury M\u00e9r\u00e9 :<\/span><\/span><\/span><\/p>\n<p><span style=\"color: #000000;\"><span style=\"font-family: 'Times New Roman';\"><span style=\"font-size: medium;\">2) r\u00e9gularit\u00e9 des trains et perspective des travaux sur Versailles.<\/span><\/span><\/span><\/p>\n<p><span style=\"color: #000000;\">\u00a0 \u00a0 \u00a0 \u00a0<\/span><span style=\"color: #000000;\"><span style=\"font-family: 'Times New Roman';\"><span style=\"font-size: medium;\">R\u00e9gularit\u00e9 et respect des grilles horaires :<\/span><\/span><\/span><\/p>\n<p><span style=\"color: #000000;\">\u00a0 \u00a0 \u00a0\u00a0<\/span><span style=\"color: #000000;\"><span style=\"font-family: 'Times New Roman';\"><span style=\"font-size: medium;\">Perspective des travaux \u00e0 Versailles :<\/span><\/span><\/span><\/p>\n<p><span style=\"color: #000000;\">\u00a0<\/span><span style=\"color: #000000;\"><span style=\"font-family: 'Times New Roman';\"><span style=\"font-size: medium;\">3) Evolution du parc mat\u00e9riel :<\/span><\/span><\/span><\/p>\n<p><span style=\"color: #000000;\">\u00a04) A<\/span><span style=\"font-size: medium; font-family: 'Times New Roman'; color: #000000; line-height: 1.5em;\">daptation de l\u2019offre et du parc mat\u00e9riel :<\/span><span style=\"color: #000000;\"><span style=\"font-family: 'Times New Roman';\"><span style=\"font-size: medium;\">\u00a0des rames \u00e0 6 voitures au lieu de 7 sont parfois mises en service aux heures de pointe.<\/span><\/span><\/span><\/p>\n","protected":false},"excerpt":{"rendered":"<p>le message envoy\u00e9 \u00e0 JM T\u00e9tart en d\u00e9cembre 2013 :\u00a0mail a JM Tetart d\u00e9put\u00e9 07122013. Le message reprend substantiellement les principaux points de l\u2019ann\u00e9e 2013.\u00a0Vous trouverez en PJ le courrier que l\u2019association a fait parvenir tr\u00e8s r\u00e9cemment aux \u00e9lus locaux.&hellip; <\/p>\n","protected":false},"author":2,"featured_media":0,"comment_status":"open","ping_status":"open","sticky":false,"template":"","format":"standard","meta":{"_monsterinsights_skip_tracking":false,"_monsterinsights_sitenote_active":false,"_monsterinsights_sitenote_note":"","_monsterinsights_sitenote_category":0,"footnotes":""},"categories":[2],"tags":[89,50,21],"class_list":["post-151","post","type-post","status-publish","format-standard","hentry","category-actionspassees","tag-aupadre-2","tag-elus","tag-parkings"],"yoast_head":"<!-- This site is optimized with the Yoast SEO plugin v27.5 - https:\/\/yoast.com\/product\/yoast-seo-wordpress\/ -->\n<title>communication \u00e0 JM T\u00e9tart, membre du CA du STIF, d\u00e9c 2013 - AUPADRE<\/title>\n<meta name=\"robots\" content=\"index, follow, max-snippet:-1, max-image-preview:large, max-video-preview:-1\" \/>\n<link rel=\"canonical\" href=\"https:\/\/www.aupadre.fr\/?p=151\" \/>\n<meta property=\"og:locale\" content=\"fr_FR\" \/>\n<meta property=\"og:type\" content=\"article\" \/>\n<meta property=\"og:title\" content=\"communication \u00e0 JM T\u00e9tart, membre du CA du STIF, d\u00e9c 2013 - AUPADRE\" \/>\n<meta property=\"og:description\" content=\"le message envoy\u00e9 \u00e0 JM T\u00e9tart en d\u00e9cembre 2013 :\u00a0mail a JM Tetart d\u00e9put\u00e9 07122013. Le message reprend substantiellement les principaux points de l\u2019ann\u00e9e 2013.\u00a0Vous trouverez en PJ le courrier que l\u2019association a fait parvenir tr\u00e8s r\u00e9cemment aux \u00e9lus locaux.&hellip;\" \/>\n<meta property=\"og:url\" content=\"https:\/\/www.aupadre.fr\/?p=151\" \/>\n<meta property=\"og:site_name\" content=\"AUPADRE\" \/>\n<meta property=\"article:published_time\" content=\"2014-06-18T20:52:30+00:00\" \/>\n<meta property=\"article:modified_time\" content=\"2015-03-04T23:32:27+00:00\" \/>\n<meta name=\"author\" content=\"Xavier\" \/>\n<meta name=\"twitter:card\" content=\"summary_large_image\" \/>\n<meta name=\"twitter:label1\" content=\"\u00c9crit par\" \/>\n\t<meta name=\"twitter:data1\" content=\"Xavier\" \/>\n\t<meta name=\"twitter:label2\" content=\"Dur\u00e9e de lecture estim\u00e9e\" \/>\n\t<meta name=\"twitter:data2\" content=\"1 minute\" \/>\n<script type=\"application\/ld+json\" class=\"yoast-schema-graph\">{\"@context\":\"https:\\\/\\\/schema.org\",\"@graph\":[{\"@type\":\"Article\",\"@id\":\"https:\\\/\\\/www.aupadre.fr\\\/?p=151#article\",\"isPartOf\":{\"@id\":\"https:\\\/\\\/www.aupadre.fr\\\/?p=151\"},\"author\":{\"name\":\"Xavier\",\"@id\":\"http:\\\/\\\/www.aupadre.fr\\\/#\\\/schema\\\/person\\\/a4d65d0845eb7504e7ac0d30b04fc724\"},\"headline\":\"communication \u00e0 JM T\u00e9tart, membre du CA du STIF, d\u00e9c 2013\",\"datePublished\":\"2014-06-18T20:52:30+00:00\",\"dateModified\":\"2015-03-04T23:32:27+00:00\",\"mainEntityOfPage\":{\"@id\":\"https:\\\/\\\/www.aupadre.fr\\\/?p=151\"},\"wordCount\":123,\"commentCount\":0,\"keywords\":[\"Aupadre\",\"\u00c9lus\",\"Parkings\"],\"articleSection\":[\"Actions pass\u00e9es\"],\"inLanguage\":\"fr-FR\",\"potentialAction\":[{\"@type\":\"CommentAction\",\"name\":\"Comment\",\"target\":[\"https:\\\/\\\/www.aupadre.fr\\\/?p=151#respond\"]}]},{\"@type\":\"WebPage\",\"@id\":\"https:\\\/\\\/www.aupadre.fr\\\/?p=151\",\"url\":\"https:\\\/\\\/www.aupadre.fr\\\/?p=151\",\"name\":\"communication \u00e0 JM T\u00e9tart, membre du CA du STIF, d\u00e9c 2013 - AUPADRE\",\"isPartOf\":{\"@id\":\"http:\\\/\\\/www.aupadre.fr\\\/#website\"},\"datePublished\":\"2014-06-18T20:52:30+00:00\",\"dateModified\":\"2015-03-04T23:32:27+00:00\",\"author\":{\"@id\":\"http:\\\/\\\/www.aupadre.fr\\\/#\\\/schema\\\/person\\\/a4d65d0845eb7504e7ac0d30b04fc724\"},\"breadcrumb\":{\"@id\":\"https:\\\/\\\/www.aupadre.fr\\\/?p=151#breadcrumb\"},\"inLanguage\":\"fr-FR\",\"potentialAction\":[{\"@type\":\"ReadAction\",\"target\":[\"https:\\\/\\\/www.aupadre.fr\\\/?p=151\"]}]},{\"@type\":\"BreadcrumbList\",\"@id\":\"https:\\\/\\\/www.aupadre.fr\\\/?p=151#breadcrumb\",\"itemListElement\":[{\"@type\":\"ListItem\",\"position\":1,\"name\":\"Accueil\",\"item\":\"http:\\\/\\\/www.aupadre.fr\\\/\"},{\"@type\":\"ListItem\",\"position\":2,\"name\":\"communication \u00e0 JM T\u00e9tart, membre du CA du STIF, d\u00e9c 2013\"}]},{\"@type\":\"WebSite\",\"@id\":\"http:\\\/\\\/www.aupadre.fr\\\/#website\",\"url\":\"http:\\\/\\\/www.aupadre.fr\\\/\",\"name\":\"AUPADRE\",\"description\":\"Vogue la Gal\u00e8re sur les Rails !!!\",\"potentialAction\":[{\"@type\":\"SearchAction\",\"target\":{\"@type\":\"EntryPoint\",\"urlTemplate\":\"http:\\\/\\\/www.aupadre.fr\\\/?s={search_term_string}\"},\"query-input\":{\"@type\":\"PropertyValueSpecification\",\"valueRequired\":true,\"valueName\":\"search_term_string\"}}],\"inLanguage\":\"fr-FR\"},{\"@type\":\"Person\",\"@id\":\"http:\\\/\\\/www.aupadre.fr\\\/#\\\/schema\\\/person\\\/a4d65d0845eb7504e7ac0d30b04fc724\",\"name\":\"Xavier\",\"image\":{\"@type\":\"ImageObject\",\"inLanguage\":\"fr-FR\",\"@id\":\"https:\\\/\\\/secure.gravatar.com\\\/avatar\\\/ffb6d5ada7569959161d7e666c264373bd0a900188ef369643d330e156b456fa?s=96&r=g\",\"url\":\"https:\\\/\\\/secure.gravatar.com\\\/avatar\\\/ffb6d5ada7569959161d7e666c264373bd0a900188ef369643d330e156b456fa?s=96&r=g\",\"contentUrl\":\"https:\\\/\\\/secure.gravatar.com\\\/avatar\\\/ffb6d5ada7569959161d7e666c264373bd0a900188ef369643d330e156b456fa?s=96&r=g\",\"caption\":\"Xavier\"},\"url\":\"https:\\\/\\\/www.aupadre.fr\\\/?author=2\"}]}<\/script>\n<!-- \/ Yoast SEO plugin. -->","yoast_head_json":{"title":"communication \u00e0 JM T\u00e9tart, membre du CA du STIF, d\u00e9c 2013 - AUPADRE","robots":{"index":"index","follow":"follow","max-snippet":"max-snippet:-1","max-image-preview":"max-image-preview:large","max-video-preview":"max-video-preview:-1"},"canonical":"https:\/\/www.aupadre.fr\/?p=151","og_locale":"fr_FR","og_type":"article","og_title":"communication \u00e0 JM T\u00e9tart, membre du CA du STIF, d\u00e9c 2013 - AUPADRE","og_description":"le message envoy\u00e9 \u00e0 JM T\u00e9tart en d\u00e9cembre 2013 :\u00a0mail a JM Tetart d\u00e9put\u00e9 07122013. Le message reprend substantiellement les principaux points de l\u2019ann\u00e9e 2013.\u00a0Vous trouverez en PJ le courrier que l\u2019association a fait parvenir tr\u00e8s r\u00e9cemment aux \u00e9lus locaux.&hellip;","og_url":"https:\/\/www.aupadre.fr\/?p=151","og_site_name":"AUPADRE","article_published_time":"2014-06-18T20:52:30+00:00","article_modified_time":"2015-03-04T23:32:27+00:00","author":"Xavier","twitter_card":"summary_large_image","twitter_misc":{"\u00c9crit par":"Xavier","Dur\u00e9e de lecture estim\u00e9e":"1 minute"},"schema":{"@context":"https:\/\/schema.org","@graph":[{"@type":"Article","@id":"https:\/\/www.aupadre.fr\/?p=151#article","isPartOf":{"@id":"https:\/\/www.aupadre.fr\/?p=151"},"author":{"name":"Xavier","@id":"http:\/\/www.aupadre.fr\/#\/schema\/person\/a4d65d0845eb7504e7ac0d30b04fc724"},"headline":"communication \u00e0 JM T\u00e9tart, membre du CA du STIF, d\u00e9c 2013","datePublished":"2014-06-18T20:52:30+00:00","dateModified":"2015-03-04T23:32:27+00:00","mainEntityOfPage":{"@id":"https:\/\/www.aupadre.fr\/?p=151"},"wordCount":123,"commentCount":0,"keywords":["Aupadre","\u00c9lus","Parkings"],"articleSection":["Actions pass\u00e9es"],"inLanguage":"fr-FR","potentialAction":[{"@type":"CommentAction","name":"Comment","target":["https:\/\/www.aupadre.fr\/?p=151#respond"]}]},{"@type":"WebPage","@id":"https:\/\/www.aupadre.fr\/?p=151","url":"https:\/\/www.aupadre.fr\/?p=151","name":"communication \u00e0 JM T\u00e9tart, membre du CA du STIF, d\u00e9c 2013 - AUPADRE","isPartOf":{"@id":"http:\/\/www.aupadre.fr\/#website"},"datePublished":"2014-06-18T20:52:30+00:00","dateModified":"2015-03-04T23:32:27+00:00","author":{"@id":"http:\/\/www.aupadre.fr\/#\/schema\/person\/a4d65d0845eb7504e7ac0d30b04fc724"},"breadcrumb":{"@id":"https:\/\/www.aupadre.fr\/?p=151#breadcrumb"},"inLanguage":"fr-FR","potentialAction":[{"@type":"ReadAction","target":["https:\/\/www.aupadre.fr\/?p=151"]}]},{"@type":"BreadcrumbList","@id":"https:\/\/www.aupadre.fr\/?p=151#breadcrumb","itemListElement":[{"@type":"ListItem","position":1,"name":"Accueil","item":"http:\/\/www.aupadre.fr\/"},{"@type":"ListItem","position":2,"name":"communication \u00e0 JM T\u00e9tart, membre du CA du STIF, d\u00e9c 2013"}]},{"@type":"WebSite","@id":"http:\/\/www.aupadre.fr\/#website","url":"http:\/\/www.aupadre.fr\/","name":"AUPADRE","description":"Vogue la Gal\u00e8re sur les Rails !!!","potentialAction":[{"@type":"SearchAction","target":{"@type":"EntryPoint","urlTemplate":"http:\/\/www.aupadre.fr\/?s={search_term_string}"},"query-input":{"@type":"PropertyValueSpecification","valueRequired":true,"valueName":"search_term_string"}}],"inLanguage":"fr-FR"},{"@type":"Person","@id":"http:\/\/www.aupadre.fr\/#\/schema\/person\/a4d65d0845eb7504e7ac0d30b04fc724","name":"Xavier","image":{"@type":"ImageObject","inLanguage":"fr-FR","@id":"https:\/\/secure.gravatar.com\/avatar\/ffb6d5ada7569959161d7e666c264373bd0a900188ef369643d330e156b456fa?s=96&r=g","url":"https:\/\/secure.gravatar.com\/avatar\/ffb6d5ada7569959161d7e666c264373bd0a900188ef369643d330e156b456fa?s=96&r=g","contentUrl":"https:\/\/secure.gravatar.com\/avatar\/ffb6d5ada7569959161d7e666c264373bd0a900188ef369643d330e156b456fa?s=96&r=g","caption":"Xavier"},"url":"https:\/\/www.aupadre.fr\/?author=2"}]}},"_links":{"self":[{"href":"https:\/\/www.aupadre.fr\/index.php?rest_route=\/wp\/v2\/posts\/151","targetHints":{"allow":["GET"]}}],"collection":[{"href":"https:\/\/www.aupadre.fr\/index.php?rest_route=\/wp\/v2\/posts"}],"about":[{"href":"https:\/\/www.aupadre.fr\/index.php?rest_route=\/wp\/v2\/types\/post"}],"author":[{"embeddable":true,"href":"https:\/\/www.aupadre.fr\/index.php?rest_route=\/wp\/v2\/users\/2"}],"replies":[{"embeddable":true,"href":"https:\/\/www.aupadre.fr\/index.php?rest_route=%2Fwp%2Fv2%2Fcomments&post=151"}],"version-history":[{"count":6,"href":"https:\/\/www.aupadre.fr\/index.php?rest_route=\/wp\/v2\/posts\/151\/revisions"}],"predecessor-version":[{"id":207,"href":"https:\/\/www.aupadre.fr\/index.php?rest_route=\/wp\/v2\/posts\/151\/revisions\/207"}],"wp:attachment":[{"href":"https:\/\/www.aupadre.fr\/index.php?rest_route=%2Fwp%2Fv2%2Fmedia&parent=151"}],"wp:term":[{"taxonomy":"category","embeddable":true,"href":"https:\/\/www.aupadre.fr\/index.php?rest_route=%2Fwp%2Fv2%2Fcategories&post=151"},{"taxonomy":"post_tag","embeddable":true,"href":"https:\/\/www.aupadre.fr\/index.php?rest_route=%2Fwp%2Fv2%2Ftags&post=151"}],"curies":[{"name":"wp","href":"https:\/\/api.w.org\/{rel}","templated":true}]}}