{"id":130,"date":"2014-06-16T09:12:16","date_gmt":"2014-06-16T08:12:16","guid":{"rendered":"http:\/\/www.aupadre.fr\/?p=130"},"modified":"2015-03-05T00:35:42","modified_gmt":"2015-03-04T23:35:42","slug":"des-trains-bus-rer-metro-toute-la-nuit-du-21-juin-2014","status":"publish","type":"post","link":"https:\/\/www.aupadre.fr\/?p=130","title":{"rendered":"Des Trains-Bus-RER-M\u00e9tro toute la nuit du 21 juin 2014"},"content":{"rendered":"<p>Le STIF se met au diapason de la F\u00eate de la Musique 2014 et propose des transports en commun toute la nuit aux Franciliens. Des m\u00e9tros, bus, trains et RER circuleront toute la nuit du samedi 21 juin au dimanche 22 juin.<\/p>\n<p>cliquez sur la carte pour tout connaitre : <a href=\"http:\/\/www.stif.info\/le-21-juin-pour-la-fete-de-la-musique-des-transports-toute-la-nuit.html\"><img loading=\"lazy\" decoding=\"async\" class=\"alignright size-full wp-image-131\" alt=\"fete musique STIF\" src=\"http:\/\/www.aupadre.fr\/wp-content\/uploads\/2014\/06\/fete-musique-STIF.png\" width=\"300\" height=\"169\" \/><\/a><\/p>\n","protected":false},"excerpt":{"rendered":"<p>Le STIF se met au diapason de la F\u00eate de la Musique 2014 et propose des transports en commun toute la nuit aux Franciliens. Des m\u00e9tros, bus, trains et RER circuleront toute la nuit du samedi 21 juin au dimanche&hellip; <\/p>\n","protected":false},"author":2,"featured_media":0,"comment_status":"open","ping_status":"open","sticky":false,"template":"","format":"standard","meta":{"_monsterinsights_skip_tracking":false,"_monsterinsights_sitenote_active":false,"_monsterinsights_sitenote_note":"","_monsterinsights_sitenote_category":0,"footnotes":""},"categories":[2],"tags":[22,20],"class_list":["post-130","post","type-post","status-publish","format-standard","hentry","category-actionspassees","tag-gratuite","tag-transports"],"yoast_head":"<!-- This site is optimized with the Yoast SEO plugin v27.5 - https:\/\/yoast.com\/product\/yoast-seo-wordpress\/ -->\n<title>Des Trains-Bus-RER-M\u00e9tro toute la nuit du 21 juin 2014 - AUPADRE<\/title>\n<meta name=\"robots\" content=\"index, follow, max-snippet:-1, max-image-preview:large, max-video-preview:-1\" \/>\n<link rel=\"canonical\" href=\"https:\/\/www.aupadre.fr\/?p=130\" \/>\n<meta property=\"og:locale\" content=\"fr_FR\" \/>\n<meta property=\"og:type\" content=\"article\" \/>\n<meta property=\"og:title\" content=\"Des Trains-Bus-RER-M\u00e9tro toute la nuit du 21 juin 2014 - AUPADRE\" \/>\n<meta property=\"og:description\" content=\"Le STIF se met au diapason de la F\u00eate de la Musique 2014 et propose des transports en commun toute la nuit aux Franciliens. Des m\u00e9tros, bus, trains et RER circuleront toute la nuit du samedi 21 juin au dimanche&hellip;\" \/>\n<meta property=\"og:url\" content=\"https:\/\/www.aupadre.fr\/?p=130\" \/>\n<meta property=\"og:site_name\" content=\"AUPADRE\" \/>\n<meta property=\"article:published_time\" content=\"2014-06-16T08:12:16+00:00\" \/>\n<meta property=\"article:modified_time\" content=\"2015-03-04T23:35:42+00:00\" \/>\n<meta property=\"og:image\" content=\"http:\/\/www.aupadre.fr\/wp-content\/uploads\/2014\/06\/fete-musique-STIF.png\" \/>\n<meta name=\"author\" content=\"Xavier\" \/>\n<meta name=\"twitter:card\" content=\"summary_large_image\" \/>\n<meta name=\"twitter:label1\" content=\"\u00c9crit par\" \/>\n\t<meta name=\"twitter:data1\" content=\"Xavier\" \/>\n<script type=\"application\/ld+json\" class=\"yoast-schema-graph\">{\"@context\":\"https:\\\/\\\/schema.org\",\"@graph\":[{\"@type\":\"Article\",\"@id\":\"https:\\\/\\\/www.aupadre.fr\\\/?p=130#article\",\"isPartOf\":{\"@id\":\"https:\\\/\\\/www.aupadre.fr\\\/?p=130\"},\"author\":{\"name\":\"Xavier\",\"@id\":\"http:\\\/\\\/www.aupadre.fr\\\/#\\\/schema\\\/person\\\/a4d65d0845eb7504e7ac0d30b04fc724\"},\"headline\":\"Des Trains-Bus-RER-M\u00e9tro toute la nuit du 21 juin 2014\",\"datePublished\":\"2014-06-16T08:12:16+00:00\",\"dateModified\":\"2015-03-04T23:35:42+00:00\",\"mainEntityOfPage\":{\"@id\":\"https:\\\/\\\/www.aupadre.fr\\\/?p=130\"},\"wordCount\":56,\"commentCount\":0,\"image\":{\"@id\":\"https:\\\/\\\/www.aupadre.fr\\\/?p=130#primaryimage\"},\"thumbnailUrl\":\"http:\\\/\\\/www.aupadre.fr\\\/wp-content\\\/uploads\\\/2014\\\/06\\\/fete-musique-STIF.png\",\"keywords\":[\"gratuit\u00e9\",\"transports\"],\"articleSection\":[\"Actions pass\u00e9es\"],\"inLanguage\":\"fr-FR\",\"potentialAction\":[{\"@type\":\"CommentAction\",\"name\":\"Comment\",\"target\":[\"https:\\\/\\\/www.aupadre.fr\\\/?p=130#respond\"]}]},{\"@type\":\"WebPage\",\"@id\":\"https:\\\/\\\/www.aupadre.fr\\\/?p=130\",\"url\":\"https:\\\/\\\/www.aupadre.fr\\\/?p=130\",\"name\":\"Des Trains-Bus-RER-M\u00e9tro toute la nuit du 21 juin 2014 - AUPADRE\",\"isPartOf\":{\"@id\":\"http:\\\/\\\/www.aupadre.fr\\\/#website\"},\"primaryImageOfPage\":{\"@id\":\"https:\\\/\\\/www.aupadre.fr\\\/?p=130#primaryimage\"},\"image\":{\"@id\":\"https:\\\/\\\/www.aupadre.fr\\\/?p=130#primaryimage\"},\"thumbnailUrl\":\"http:\\\/\\\/www.aupadre.fr\\\/wp-content\\\/uploads\\\/2014\\\/06\\\/fete-musique-STIF.png\",\"datePublished\":\"2014-06-16T08:12:16+00:00\",\"dateModified\":\"2015-03-04T23:35:42+00:00\",\"author\":{\"@id\":\"http:\\\/\\\/www.aupadre.fr\\\/#\\\/schema\\\/person\\\/a4d65d0845eb7504e7ac0d30b04fc724\"},\"breadcrumb\":{\"@id\":\"https:\\\/\\\/www.aupadre.fr\\\/?p=130#breadcrumb\"},\"inLanguage\":\"fr-FR\",\"potentialAction\":[{\"@type\":\"ReadAction\",\"target\":[\"https:\\\/\\\/www.aupadre.fr\\\/?p=130\"]}]},{\"@type\":\"ImageObject\",\"inLanguage\":\"fr-FR\",\"@id\":\"https:\\\/\\\/www.aupadre.fr\\\/?p=130#primaryimage\",\"url\":\"\",\"contentUrl\":\"\"},{\"@type\":\"BreadcrumbList\",\"@id\":\"https:\\\/\\\/www.aupadre.fr\\\/?p=130#breadcrumb\",\"itemListElement\":[{\"@type\":\"ListItem\",\"position\":1,\"name\":\"Accueil\",\"item\":\"http:\\\/\\\/www.aupadre.fr\\\/\"},{\"@type\":\"ListItem\",\"position\":2,\"name\":\"Des Trains-Bus-RER-M\u00e9tro toute la nuit du 21 juin 2014\"}]},{\"@type\":\"WebSite\",\"@id\":\"http:\\\/\\\/www.aupadre.fr\\\/#website\",\"url\":\"http:\\\/\\\/www.aupadre.fr\\\/\",\"name\":\"AUPADRE\",\"description\":\"Vogue la Gal\u00e8re sur les Rails !!!\",\"potentialAction\":[{\"@type\":\"SearchAction\",\"target\":{\"@type\":\"EntryPoint\",\"urlTemplate\":\"http:\\\/\\\/www.aupadre.fr\\\/?s={search_term_string}\"},\"query-input\":{\"@type\":\"PropertyValueSpecification\",\"valueRequired\":true,\"valueName\":\"search_term_string\"}}],\"inLanguage\":\"fr-FR\"},{\"@type\":\"Person\",\"@id\":\"http:\\\/\\\/www.aupadre.fr\\\/#\\\/schema\\\/person\\\/a4d65d0845eb7504e7ac0d30b04fc724\",\"name\":\"Xavier\",\"image\":{\"@type\":\"ImageObject\",\"inLanguage\":\"fr-FR\",\"@id\":\"https:\\\/\\\/secure.gravatar.com\\\/avatar\\\/ffb6d5ada7569959161d7e666c264373bd0a900188ef369643d330e156b456fa?s=96&r=g\",\"url\":\"https:\\\/\\\/secure.gravatar.com\\\/avatar\\\/ffb6d5ada7569959161d7e666c264373bd0a900188ef369643d330e156b456fa?s=96&r=g\",\"contentUrl\":\"https:\\\/\\\/secure.gravatar.com\\\/avatar\\\/ffb6d5ada7569959161d7e666c264373bd0a900188ef369643d330e156b456fa?s=96&r=g\",\"caption\":\"Xavier\"},\"url\":\"https:\\\/\\\/www.aupadre.fr\\\/?author=2\"}]}<\/script>\n<!-- \/ Yoast SEO plugin. -->","yoast_head_json":{"title":"Des Trains-Bus-RER-M\u00e9tro toute la nuit du 21 juin 2014 - AUPADRE","robots":{"index":"index","follow":"follow","max-snippet":"max-snippet:-1","max-image-preview":"max-image-preview:large","max-video-preview":"max-video-preview:-1"},"canonical":"https:\/\/www.aupadre.fr\/?p=130","og_locale":"fr_FR","og_type":"article","og_title":"Des Trains-Bus-RER-M\u00e9tro toute la nuit du 21 juin 2014 - AUPADRE","og_description":"Le STIF se met au diapason de la F\u00eate de la Musique 2014 et propose des transports en commun toute la nuit aux Franciliens. Des m\u00e9tros, bus, trains et RER circuleront toute la nuit du samedi 21 juin au dimanche&hellip;","og_url":"https:\/\/www.aupadre.fr\/?p=130","og_site_name":"AUPADRE","article_published_time":"2014-06-16T08:12:16+00:00","article_modified_time":"2015-03-04T23:35:42+00:00","og_image":[{"url":"http:\/\/www.aupadre.fr\/wp-content\/uploads\/2014\/06\/fete-musique-STIF.png","type":"","width":"","height":""}],"author":"Xavier","twitter_card":"summary_large_image","twitter_misc":{"\u00c9crit par":"Xavier"},"schema":{"@context":"https:\/\/schema.org","@graph":[{"@type":"Article","@id":"https:\/\/www.aupadre.fr\/?p=130#article","isPartOf":{"@id":"https:\/\/www.aupadre.fr\/?p=130"},"author":{"name":"Xavier","@id":"http:\/\/www.aupadre.fr\/#\/schema\/person\/a4d65d0845eb7504e7ac0d30b04fc724"},"headline":"Des Trains-Bus-RER-M\u00e9tro toute la nuit du 21 juin 2014","datePublished":"2014-06-16T08:12:16+00:00","dateModified":"2015-03-04T23:35:42+00:00","mainEntityOfPage":{"@id":"https:\/\/www.aupadre.fr\/?p=130"},"wordCount":56,"commentCount":0,"image":{"@id":"https:\/\/www.aupadre.fr\/?p=130#primaryimage"},"thumbnailUrl":"http:\/\/www.aupadre.fr\/wp-content\/uploads\/2014\/06\/fete-musique-STIF.png","keywords":["gratuit\u00e9","transports"],"articleSection":["Actions pass\u00e9es"],"inLanguage":"fr-FR","potentialAction":[{"@type":"CommentAction","name":"Comment","target":["https:\/\/www.aupadre.fr\/?p=130#respond"]}]},{"@type":"WebPage","@id":"https:\/\/www.aupadre.fr\/?p=130","url":"https:\/\/www.aupadre.fr\/?p=130","name":"Des Trains-Bus-RER-M\u00e9tro toute la nuit du 21 juin 2014 - AUPADRE","isPartOf":{"@id":"http:\/\/www.aupadre.fr\/#website"},"primaryImageOfPage":{"@id":"https:\/\/www.aupadre.fr\/?p=130#primaryimage"},"image":{"@id":"https:\/\/www.aupadre.fr\/?p=130#primaryimage"},"thumbnailUrl":"http:\/\/www.aupadre.fr\/wp-content\/uploads\/2014\/06\/fete-musique-STIF.png","datePublished":"2014-06-16T08:12:16+00:00","dateModified":"2015-03-04T23:35:42+00:00","author":{"@id":"http:\/\/www.aupadre.fr\/#\/schema\/person\/a4d65d0845eb7504e7ac0d30b04fc724"},"breadcrumb":{"@id":"https:\/\/www.aupadre.fr\/?p=130#breadcrumb"},"inLanguage":"fr-FR","potentialAction":[{"@type":"ReadAction","target":["https:\/\/www.aupadre.fr\/?p=130"]}]},{"@type":"ImageObject","inLanguage":"fr-FR","@id":"https:\/\/www.aupadre.fr\/?p=130#primaryimage","url":"","contentUrl":""},{"@type":"BreadcrumbList","@id":"https:\/\/www.aupadre.fr\/?p=130#breadcrumb","itemListElement":[{"@type":"ListItem","position":1,"name":"Accueil","item":"http:\/\/www.aupadre.fr\/"},{"@type":"ListItem","position":2,"name":"Des Trains-Bus-RER-M\u00e9tro toute la nuit du 21 juin 2014"}]},{"@type":"WebSite","@id":"http:\/\/www.aupadre.fr\/#website","url":"http:\/\/www.aupadre.fr\/","name":"AUPADRE","description":"Vogue la Gal\u00e8re sur les Rails !!!","potentialAction":[{"@type":"SearchAction","target":{"@type":"EntryPoint","urlTemplate":"http:\/\/www.aupadre.fr\/?s={search_term_string}"},"query-input":{"@type":"PropertyValueSpecification","valueRequired":true,"valueName":"search_term_string"}}],"inLanguage":"fr-FR"},{"@type":"Person","@id":"http:\/\/www.aupadre.fr\/#\/schema\/person\/a4d65d0845eb7504e7ac0d30b04fc724","name":"Xavier","image":{"@type":"ImageObject","inLanguage":"fr-FR","@id":"https:\/\/secure.gravatar.com\/avatar\/ffb6d5ada7569959161d7e666c264373bd0a900188ef369643d330e156b456fa?s=96&r=g","url":"https:\/\/secure.gravatar.com\/avatar\/ffb6d5ada7569959161d7e666c264373bd0a900188ef369643d330e156b456fa?s=96&r=g","contentUrl":"https:\/\/secure.gravatar.com\/avatar\/ffb6d5ada7569959161d7e666c264373bd0a900188ef369643d330e156b456fa?s=96&r=g","caption":"Xavier"},"url":"https:\/\/www.aupadre.fr\/?author=2"}]}},"_links":{"self":[{"href":"https:\/\/www.aupadre.fr\/index.php?rest_route=\/wp\/v2\/posts\/130","targetHints":{"allow":["GET"]}}],"collection":[{"href":"https:\/\/www.aupadre.fr\/index.php?rest_route=\/wp\/v2\/posts"}],"about":[{"href":"https:\/\/www.aupadre.fr\/index.php?rest_route=\/wp\/v2\/types\/post"}],"author":[{"embeddable":true,"href":"https:\/\/www.aupadre.fr\/index.php?rest_route=\/wp\/v2\/users\/2"}],"replies":[{"embeddable":true,"href":"https:\/\/www.aupadre.fr\/index.php?rest_route=%2Fwp%2Fv2%2Fcomments&post=130"}],"version-history":[{"count":1,"href":"https:\/\/www.aupadre.fr\/index.php?rest_route=\/wp\/v2\/posts\/130\/revisions"}],"predecessor-version":[{"id":132,"href":"https:\/\/www.aupadre.fr\/index.php?rest_route=\/wp\/v2\/posts\/130\/revisions\/132"}],"wp:attachment":[{"href":"https:\/\/www.aupadre.fr\/index.php?rest_route=%2Fwp%2Fv2%2Fmedia&parent=130"}],"wp:term":[{"taxonomy":"category","embeddable":true,"href":"https:\/\/www.aupadre.fr\/index.php?rest_route=%2Fwp%2Fv2%2Fcategories&post=130"},{"taxonomy":"post_tag","embeddable":true,"href":"https:\/\/www.aupadre.fr\/index.php?rest_route=%2Fwp%2Fv2%2Ftags&post=130"}],"curies":[{"name":"wp","href":"https:\/\/api.w.org\/{rel}","templated":true}]}}