{"id":1212,"date":"2019-12-05T23:46:06","date_gmt":"2019-12-05T22:46:06","guid":{"rendered":"http:\/\/www.aupadre.fr\/?p=1212"},"modified":"2019-12-06T00:01:54","modified_gmt":"2019-12-05T23:01:54","slug":"communique-sncf-greve-1","status":"publish","type":"post","link":"https:\/\/www.aupadre.fr\/?p=1212","title":{"rendered":"Communiqu\u00e9 SITTER GREVE"},"content":{"rendered":"\n<p>Bonjour,<\/p>\n\n\n\n<p><strong>Communiqu\u00e9\n du SITERR en date du 04 d\u00e9cembre 2019&nbsp;: l\u2019exploitation des lignes \nr\u00e9guli\u00e8res et des circuits sp\u00e9ciaux scolaires supervis\u00e9es par le SITERR<\/strong><\/p>\n\n\n\n<p>Au\n vu des mouvements de gr\u00e8ve&nbsp; annonc\u00e9s sur les journ\u00e9es des 5 &amp; 6 \nd\u00e9cembre 2020, je vous prie de bien vouloir prendre connaissance des \ninformations ci-apr\u00e8s&nbsp;:<\/p>\n\n\n\n<p>&#8211;&nbsp;&nbsp;&nbsp;&nbsp;&nbsp;&nbsp;&nbsp;&nbsp;&nbsp; <strong>L\u2019exploitation\n des lignes r\u00e9guli\u00e8res et des circuits sp\u00e9ciaux scolaires supervis\u00e9es \npar le SITERR sera assur\u00e9e par les op\u00e9rateurs de transport <\/strong><\/p>\n\n\n\n<p>&#8211;&nbsp;&nbsp;&nbsp;&nbsp;&nbsp;&nbsp;&nbsp;&nbsp;&nbsp; Sur demande d\u2019Ile de Frances Mobilit\u00e9s et du SITERR, les lignes r\u00e9guli\u00e8res express <strong>67<\/strong> (Houdan \u2013 Saint Quentin en Yvelines)&nbsp;; <strong>78<\/strong> (Mantes \u2013 Saint Quentin en Yvelines) <strong>12 <\/strong>(Rambouillet \u2013 Saint Quentin en Yvelines)&nbsp; seront renforc\u00e9es aux heures de pointe.<\/p>\n\n\n\n<p>&#8211;&nbsp;&nbsp;&nbsp;&nbsp;&nbsp;&nbsp;&nbsp;&nbsp;&nbsp; Des\n agents des op\u00e9rateurs de transport seront en gare de Saint Quentin en \nYvelines et de Rambouillet pour guider les voyageurs aux heures de \npointe.<\/p>\n\n\n\n<p>&#8211;&nbsp;&nbsp;&nbsp;&nbsp;&nbsp;&nbsp;&nbsp;&nbsp;&nbsp; Des\n messages ont \u00e9t\u00e9 diffus\u00e9s sur les r\u00e9seaux sociaux des op\u00e9rateurs de \ntransports (twitter, facebook, snapchat). Vous retrouvez sur ces comptes\n les infotrafics et les actualit\u00e9s<\/p>\n\n\n\n<p>&#8211;&nbsp;&nbsp;&nbsp;&nbsp;&nbsp;&nbsp;&nbsp;&nbsp;&nbsp; Il est possible de s\u2019enregistrer sur <a href=\"https:\/\/siterr.citiyway.fr\" target=\"_blank\" rel=\"noreferrer noopener\">https:\/\/siterr.citiyway.fr<\/a> (info trafic en temps r\u00e9el par mail\/sms) <\/p>\n\n\n\n<p>Nous vous tiendrons inform\u00e9 de toute \u00e9volution dans l\u2019organisation de l\u2019exploitation des lignes r\u00e9guli\u00e8res supervis\u00e9es par le SITERR.<\/p>\n\n\n\n<p>Cordialement.<\/p>\n\n\n\n<figure class=\"wp-block-table\"><table class=\"\"><tbody><tr><td><\/td><td>PM MICHELSITERR<\/td><\/tr><\/tbody><\/table><\/figure>\n\n\n\n<p><em>Communiqu\u00e9 diffus\u00e9 aupr\u00e8s des d\u00e9l\u00e9gu\u00e9s du SITERR et de ses communes membres.<\/em><\/p>\n","protected":false},"excerpt":{"rendered":"<p>Bonjour, Communiqu\u00e9 du SITERR en date du 04 d\u00e9cembre 2019&nbsp;: l\u2019exploitation des lignes r\u00e9guli\u00e8res et des circuits sp\u00e9ciaux scolaires supervis\u00e9es par le SITERR Au vu des mouvements de gr\u00e8ve&nbsp; annonc\u00e9s sur les journ\u00e9es des 5 &amp; 6 d\u00e9cembre 2020, je&hellip; <\/p>\n","protected":false},"author":2,"featured_media":0,"comment_status":"open","ping_status":"closed","sticky":false,"template":"","format":"standard","meta":{"_monsterinsights_skip_tracking":false,"_monsterinsights_sitenote_active":false,"_monsterinsights_sitenote_note":"","_monsterinsights_sitenote_category":0,"footnotes":""},"categories":[5],"tags":[118,18,33],"class_list":["post-1212","post","type-post","status-publish","format-standard","hentry","category-liens","tag-118","tag-greve","tag-ligne-n"],"yoast_head":"<!-- This site is optimized with the Yoast SEO plugin v27.5 - https:\/\/yoast.com\/product\/yoast-seo-wordpress\/ -->\n<title>Communiqu\u00e9 SITTER GREVE - AUPADRE<\/title>\n<meta name=\"robots\" content=\"index, follow, max-snippet:-1, max-image-preview:large, max-video-preview:-1\" \/>\n<link rel=\"canonical\" href=\"http:\/\/www.aupadre.fr\/?p=1212\" \/>\n<meta property=\"og:locale\" content=\"fr_FR\" \/>\n<meta property=\"og:type\" content=\"article\" \/>\n<meta property=\"og:title\" content=\"Communiqu\u00e9 SITTER GREVE - AUPADRE\" \/>\n<meta property=\"og:description\" content=\"Bonjour, Communiqu\u00e9 du SITERR en date du 04 d\u00e9cembre 2019&nbsp;: l\u2019exploitation des lignes r\u00e9guli\u00e8res et des circuits sp\u00e9ciaux scolaires supervis\u00e9es par le SITERR Au vu des mouvements de gr\u00e8ve&nbsp; annonc\u00e9s sur les journ\u00e9es des 5 &amp; 6 d\u00e9cembre 2020, je&hellip;\" \/>\n<meta property=\"og:url\" content=\"http:\/\/www.aupadre.fr\/?p=1212\" \/>\n<meta property=\"og:site_name\" content=\"AUPADRE\" \/>\n<meta property=\"article:published_time\" content=\"2019-12-05T22:46:06+00:00\" \/>\n<meta property=\"article:modified_time\" content=\"2019-12-05T23:01:54+00:00\" \/>\n<meta name=\"author\" content=\"Xavier\" \/>\n<meta name=\"twitter:card\" content=\"summary_large_image\" \/>\n<meta name=\"twitter:label1\" content=\"\u00c9crit par\" \/>\n\t<meta name=\"twitter:data1\" content=\"Xavier\" \/>\n\t<meta name=\"twitter:label2\" content=\"Dur\u00e9e de lecture estim\u00e9e\" \/>\n\t<meta name=\"twitter:data2\" content=\"1 minute\" \/>\n<script type=\"application\/ld+json\" class=\"yoast-schema-graph\">{\"@context\":\"https:\\\/\\\/schema.org\",\"@graph\":[{\"@type\":\"Article\",\"@id\":\"http:\\\/\\\/www.aupadre.fr\\\/?p=1212#article\",\"isPartOf\":{\"@id\":\"http:\\\/\\\/www.aupadre.fr\\\/?p=1212\"},\"author\":{\"name\":\"Xavier\",\"@id\":\"http:\\\/\\\/www.aupadre.fr\\\/#\\\/schema\\\/person\\\/a4d65d0845eb7504e7ac0d30b04fc724\"},\"headline\":\"Communiqu\u00e9 SITTER GREVE\",\"datePublished\":\"2019-12-05T22:46:06+00:00\",\"dateModified\":\"2019-12-05T23:01:54+00:00\",\"mainEntityOfPage\":{\"@id\":\"http:\\\/\\\/www.aupadre.fr\\\/?p=1212\"},\"wordCount\":298,\"commentCount\":0,\"keywords\":[\"2019\",\"gr\u00e8ve\",\"ligne N\"],\"articleSection\":[\"Liens et astuces\"],\"inLanguage\":\"fr-FR\",\"potentialAction\":[{\"@type\":\"CommentAction\",\"name\":\"Comment\",\"target\":[\"http:\\\/\\\/www.aupadre.fr\\\/?p=1212#respond\"]}]},{\"@type\":\"WebPage\",\"@id\":\"http:\\\/\\\/www.aupadre.fr\\\/?p=1212\",\"url\":\"http:\\\/\\\/www.aupadre.fr\\\/?p=1212\",\"name\":\"Communiqu\u00e9 SITTER GREVE - AUPADRE\",\"isPartOf\":{\"@id\":\"http:\\\/\\\/www.aupadre.fr\\\/#website\"},\"datePublished\":\"2019-12-05T22:46:06+00:00\",\"dateModified\":\"2019-12-05T23:01:54+00:00\",\"author\":{\"@id\":\"http:\\\/\\\/www.aupadre.fr\\\/#\\\/schema\\\/person\\\/a4d65d0845eb7504e7ac0d30b04fc724\"},\"breadcrumb\":{\"@id\":\"http:\\\/\\\/www.aupadre.fr\\\/?p=1212#breadcrumb\"},\"inLanguage\":\"fr-FR\",\"potentialAction\":[{\"@type\":\"ReadAction\",\"target\":[\"http:\\\/\\\/www.aupadre.fr\\\/?p=1212\"]}]},{\"@type\":\"BreadcrumbList\",\"@id\":\"http:\\\/\\\/www.aupadre.fr\\\/?p=1212#breadcrumb\",\"itemListElement\":[{\"@type\":\"ListItem\",\"position\":1,\"name\":\"Accueil\",\"item\":\"http:\\\/\\\/www.aupadre.fr\\\/\"},{\"@type\":\"ListItem\",\"position\":2,\"name\":\"Communiqu\u00e9 SITTER GREVE\"}]},{\"@type\":\"WebSite\",\"@id\":\"http:\\\/\\\/www.aupadre.fr\\\/#website\",\"url\":\"http:\\\/\\\/www.aupadre.fr\\\/\",\"name\":\"AUPADRE\",\"description\":\"Vogue la Gal\u00e8re sur les Rails !!!\",\"potentialAction\":[{\"@type\":\"SearchAction\",\"target\":{\"@type\":\"EntryPoint\",\"urlTemplate\":\"http:\\\/\\\/www.aupadre.fr\\\/?s={search_term_string}\"},\"query-input\":{\"@type\":\"PropertyValueSpecification\",\"valueRequired\":true,\"valueName\":\"search_term_string\"}}],\"inLanguage\":\"fr-FR\"},{\"@type\":\"Person\",\"@id\":\"http:\\\/\\\/www.aupadre.fr\\\/#\\\/schema\\\/person\\\/a4d65d0845eb7504e7ac0d30b04fc724\",\"name\":\"Xavier\",\"image\":{\"@type\":\"ImageObject\",\"inLanguage\":\"fr-FR\",\"@id\":\"https:\\\/\\\/secure.gravatar.com\\\/avatar\\\/ffb6d5ada7569959161d7e666c264373bd0a900188ef369643d330e156b456fa?s=96&r=g\",\"url\":\"https:\\\/\\\/secure.gravatar.com\\\/avatar\\\/ffb6d5ada7569959161d7e666c264373bd0a900188ef369643d330e156b456fa?s=96&r=g\",\"contentUrl\":\"https:\\\/\\\/secure.gravatar.com\\\/avatar\\\/ffb6d5ada7569959161d7e666c264373bd0a900188ef369643d330e156b456fa?s=96&r=g\",\"caption\":\"Xavier\"},\"url\":\"https:\\\/\\\/www.aupadre.fr\\\/?author=2\"}]}<\/script>\n<!-- \/ Yoast SEO plugin. -->","yoast_head_json":{"title":"Communiqu\u00e9 SITTER GREVE - AUPADRE","robots":{"index":"index","follow":"follow","max-snippet":"max-snippet:-1","max-image-preview":"max-image-preview:large","max-video-preview":"max-video-preview:-1"},"canonical":"http:\/\/www.aupadre.fr\/?p=1212","og_locale":"fr_FR","og_type":"article","og_title":"Communiqu\u00e9 SITTER GREVE - AUPADRE","og_description":"Bonjour, Communiqu\u00e9 du SITERR en date du 04 d\u00e9cembre 2019&nbsp;: l\u2019exploitation des lignes r\u00e9guli\u00e8res et des circuits sp\u00e9ciaux scolaires supervis\u00e9es par le SITERR Au vu des mouvements de gr\u00e8ve&nbsp; annonc\u00e9s sur les journ\u00e9es des 5 &amp; 6 d\u00e9cembre 2020, je&hellip;","og_url":"http:\/\/www.aupadre.fr\/?p=1212","og_site_name":"AUPADRE","article_published_time":"2019-12-05T22:46:06+00:00","article_modified_time":"2019-12-05T23:01:54+00:00","author":"Xavier","twitter_card":"summary_large_image","twitter_misc":{"\u00c9crit par":"Xavier","Dur\u00e9e de lecture estim\u00e9e":"1 minute"},"schema":{"@context":"https:\/\/schema.org","@graph":[{"@type":"Article","@id":"http:\/\/www.aupadre.fr\/?p=1212#article","isPartOf":{"@id":"http:\/\/www.aupadre.fr\/?p=1212"},"author":{"name":"Xavier","@id":"http:\/\/www.aupadre.fr\/#\/schema\/person\/a4d65d0845eb7504e7ac0d30b04fc724"},"headline":"Communiqu\u00e9 SITTER GREVE","datePublished":"2019-12-05T22:46:06+00:00","dateModified":"2019-12-05T23:01:54+00:00","mainEntityOfPage":{"@id":"http:\/\/www.aupadre.fr\/?p=1212"},"wordCount":298,"commentCount":0,"keywords":["2019","gr\u00e8ve","ligne N"],"articleSection":["Liens et astuces"],"inLanguage":"fr-FR","potentialAction":[{"@type":"CommentAction","name":"Comment","target":["http:\/\/www.aupadre.fr\/?p=1212#respond"]}]},{"@type":"WebPage","@id":"http:\/\/www.aupadre.fr\/?p=1212","url":"http:\/\/www.aupadre.fr\/?p=1212","name":"Communiqu\u00e9 SITTER GREVE - AUPADRE","isPartOf":{"@id":"http:\/\/www.aupadre.fr\/#website"},"datePublished":"2019-12-05T22:46:06+00:00","dateModified":"2019-12-05T23:01:54+00:00","author":{"@id":"http:\/\/www.aupadre.fr\/#\/schema\/person\/a4d65d0845eb7504e7ac0d30b04fc724"},"breadcrumb":{"@id":"http:\/\/www.aupadre.fr\/?p=1212#breadcrumb"},"inLanguage":"fr-FR","potentialAction":[{"@type":"ReadAction","target":["http:\/\/www.aupadre.fr\/?p=1212"]}]},{"@type":"BreadcrumbList","@id":"http:\/\/www.aupadre.fr\/?p=1212#breadcrumb","itemListElement":[{"@type":"ListItem","position":1,"name":"Accueil","item":"http:\/\/www.aupadre.fr\/"},{"@type":"ListItem","position":2,"name":"Communiqu\u00e9 SITTER GREVE"}]},{"@type":"WebSite","@id":"http:\/\/www.aupadre.fr\/#website","url":"http:\/\/www.aupadre.fr\/","name":"AUPADRE","description":"Vogue la Gal\u00e8re sur les Rails !!!","potentialAction":[{"@type":"SearchAction","target":{"@type":"EntryPoint","urlTemplate":"http:\/\/www.aupadre.fr\/?s={search_term_string}"},"query-input":{"@type":"PropertyValueSpecification","valueRequired":true,"valueName":"search_term_string"}}],"inLanguage":"fr-FR"},{"@type":"Person","@id":"http:\/\/www.aupadre.fr\/#\/schema\/person\/a4d65d0845eb7504e7ac0d30b04fc724","name":"Xavier","image":{"@type":"ImageObject","inLanguage":"fr-FR","@id":"https:\/\/secure.gravatar.com\/avatar\/ffb6d5ada7569959161d7e666c264373bd0a900188ef369643d330e156b456fa?s=96&r=g","url":"https:\/\/secure.gravatar.com\/avatar\/ffb6d5ada7569959161d7e666c264373bd0a900188ef369643d330e156b456fa?s=96&r=g","contentUrl":"https:\/\/secure.gravatar.com\/avatar\/ffb6d5ada7569959161d7e666c264373bd0a900188ef369643d330e156b456fa?s=96&r=g","caption":"Xavier"},"url":"https:\/\/www.aupadre.fr\/?author=2"}]}},"_links":{"self":[{"href":"https:\/\/www.aupadre.fr\/index.php?rest_route=\/wp\/v2\/posts\/1212","targetHints":{"allow":["GET"]}}],"collection":[{"href":"https:\/\/www.aupadre.fr\/index.php?rest_route=\/wp\/v2\/posts"}],"about":[{"href":"https:\/\/www.aupadre.fr\/index.php?rest_route=\/wp\/v2\/types\/post"}],"author":[{"embeddable":true,"href":"https:\/\/www.aupadre.fr\/index.php?rest_route=\/wp\/v2\/users\/2"}],"replies":[{"embeddable":true,"href":"https:\/\/www.aupadre.fr\/index.php?rest_route=%2Fwp%2Fv2%2Fcomments&post=1212"}],"version-history":[{"count":4,"href":"https:\/\/www.aupadre.fr\/index.php?rest_route=\/wp\/v2\/posts\/1212\/revisions"}],"predecessor-version":[{"id":1221,"href":"https:\/\/www.aupadre.fr\/index.php?rest_route=\/wp\/v2\/posts\/1212\/revisions\/1221"}],"wp:attachment":[{"href":"https:\/\/www.aupadre.fr\/index.php?rest_route=%2Fwp%2Fv2%2Fmedia&parent=1212"}],"wp:term":[{"taxonomy":"category","embeddable":true,"href":"https:\/\/www.aupadre.fr\/index.php?rest_route=%2Fwp%2Fv2%2Fcategories&post=1212"},{"taxonomy":"post_tag","embeddable":true,"href":"https:\/\/www.aupadre.fr\/index.php?rest_route=%2Fwp%2Fv2%2Ftags&post=1212"}],"curies":[{"name":"wp","href":"https:\/\/api.w.org\/{rel}","templated":true}]}}