{"id":1168,"date":"2019-11-01T00:25:22","date_gmt":"2019-10-31T23:25:22","guid":{"rendered":"http:\/\/www.aupadre.fr\/?p=1168"},"modified":"2019-11-01T00:25:24","modified_gmt":"2019-10-31T23:25:24","slug":"demande-de-retrait","status":"publish","type":"post","link":"https:\/\/www.aupadre.fr\/?p=1168","title":{"rendered":"DEMANDE DE RETRAIT"},"content":{"rendered":"\n<p>Communiqu\u00e9, au sujet d&rsquo;une campagne surr\u00e9aliste de communication SNCF STIF RATP &#8211; Octobre 2019<\/p>\n\n\n\n<div class=\"wp-block-media-text alignwide\"><figure class=\"wp-block-media-text__media\"><img loading=\"lazy\" decoding=\"async\" width=\"1024\" height=\"1012\" src=\"http:\/\/www.aupadre.fr\/wp-content\/uploads\/2019\/10\/IMG-20191031-WA0000-1024x1012.jpg\" alt=\"\" class=\"wp-image-1169\"\/><\/figure><div class=\"wp-block-media-text__content\">\n<p class=\"has-large-font-size\"><img decoding=\"async\" class=\"wp-image-1170\" style=\"width: 320px;\" src=\"http:\/\/www.aupadre.fr\/wp-content\/uploads\/2019\/10\/IMG-20191031-WA0007.jpg\" alt=\"\"><\/p>\n<\/div><\/div>\n\n\n\n<p>AUPADRE s\u2019interroge sur les sommes vers\u00e9es (sur nos\nimp\u00f4ts et le prix de nos titres de transport&nbsp;! ) au communiquant qui a\npens\u00e9 cette campagne, et encore plus sur les intentions des d\u00e9cideurs qui l\u2019ont\nvalid\u00e9e&nbsp;! <\/p>\n\n\n\n<p>O\u00f9 il\nappara\u00eet qu\u2019en se levant plus t\u00f4t, on subirait moins la sur-fr\u00e9quentation d\u2019un\ntrafic mal calibr\u00e9 et qui n\u2019a pas tenu compte des besoins clients avec une\nr\u00e9elle prise en compte de l\u2019expansion d\u00e9mographique.<\/p>\n\n\n\n<p>O\u00f9 il\nappara\u00eet qu\u2019il appartient au salari\u00e9 de d\u00e9cider de son t\u00e9l\u00e9travail, comme si\nc\u2019\u00e9tait toujours le cas&nbsp;! C\u2019est d\u00e9sormais au client de s\u2019adapter.<\/p>\n\n\n\n<p>Le\nrenvoi de responsabilit\u00e9 est un peu fort, quand on sait que les parents qui\naccompagnent leurs enfants \u00e0 l\u2019\u00e9cole dans nos territoires sont captifs des\nhoraires scolaires, quand on sait que les salari\u00e9s ont du mal \u00e0 obtenir des\naccords de la part de leurs employeurs en mati\u00e8re de t\u00e9l\u00e9travail et quand on\nsait que certains, notamment dans les emplois de service, ne pourront jamais\nt\u00e9l\u00e9travailler (hospitali\u00e8re, commerce, etc.).<\/p>\n\n\n\n<p>Dans\nun territoire mal desservi, o\u00f9 la ligne de train est unique et satur\u00e9e en\nquasi-permanence, qui ne dispose d\u2019aucune autre alternative suffisante en\nmati\u00e8re de transport en commun, AUPADRE r\u00e9clame le retrait de cette campagne provocatrice\npour les usagers, et l\u2019adaptation -enfin- du service aux besoins des\nhabitants.&nbsp; <\/p>\n","protected":false},"excerpt":{"rendered":"<p>Communiqu\u00e9, au sujet d&rsquo;une campagne surr\u00e9aliste de communication SNCF STIF RATP &#8211; Octobre 2019 AUPADRE s\u2019interroge sur les sommes vers\u00e9es (sur nos imp\u00f4ts et le prix de nos titres de transport&nbsp;! ) au communiquant qui a pens\u00e9 cette campagne, et&hellip; <\/p>\n","protected":false},"author":2,"featured_media":0,"comment_status":"open","ping_status":"open","sticky":false,"template":"","format":"standard","meta":{"_monsterinsights_skip_tracking":false,"_monsterinsights_sitenote_active":false,"_monsterinsights_sitenote_note":"","_monsterinsights_sitenote_category":0,"footnotes":""},"categories":[1],"tags":[],"class_list":["post-1168","post","type-post","status-publish","format-standard","hentry","category-actions-encours"],"yoast_head":"<!-- This site is optimized with the Yoast SEO plugin v27.5 - https:\/\/yoast.com\/product\/yoast-seo-wordpress\/ -->\n<title>DEMANDE DE RETRAIT - AUPADRE<\/title>\n<meta name=\"robots\" content=\"index, follow, max-snippet:-1, max-image-preview:large, max-video-preview:-1\" \/>\n<link rel=\"canonical\" href=\"https:\/\/www.aupadre.fr\/?p=1168\" \/>\n<meta property=\"og:locale\" content=\"fr_FR\" \/>\n<meta property=\"og:type\" content=\"article\" \/>\n<meta property=\"og:title\" content=\"DEMANDE DE RETRAIT - AUPADRE\" \/>\n<meta property=\"og:description\" content=\"Communiqu\u00e9, au sujet d&rsquo;une campagne surr\u00e9aliste de communication SNCF STIF RATP &#8211; Octobre 2019 AUPADRE s\u2019interroge sur les sommes vers\u00e9es (sur nos imp\u00f4ts et le prix de nos titres de transport&nbsp;! ) au communiquant qui a pens\u00e9 cette campagne, et&hellip;\" \/>\n<meta property=\"og:url\" content=\"https:\/\/www.aupadre.fr\/?p=1168\" \/>\n<meta property=\"og:site_name\" content=\"AUPADRE\" \/>\n<meta property=\"article:published_time\" content=\"2019-10-31T23:25:22+00:00\" \/>\n<meta property=\"article:modified_time\" content=\"2019-10-31T23:25:24+00:00\" \/>\n<meta property=\"og:image\" content=\"http:\/\/www.aupadre.fr\/wp-content\/uploads\/2019\/10\/IMG-20191031-WA0000-1024x1012.jpg\" \/>\n<meta name=\"author\" content=\"Xavier\" \/>\n<meta name=\"twitter:card\" content=\"summary_large_image\" \/>\n<meta name=\"twitter:label1\" content=\"\u00c9crit par\" \/>\n\t<meta name=\"twitter:data1\" content=\"Xavier\" \/>\n\t<meta name=\"twitter:label2\" content=\"Dur\u00e9e de lecture estim\u00e9e\" \/>\n\t<meta name=\"twitter:data2\" content=\"1 minute\" \/>\n<script type=\"application\/ld+json\" class=\"yoast-schema-graph\">{\"@context\":\"https:\\\/\\\/schema.org\",\"@graph\":[{\"@type\":\"Article\",\"@id\":\"https:\\\/\\\/www.aupadre.fr\\\/?p=1168#article\",\"isPartOf\":{\"@id\":\"https:\\\/\\\/www.aupadre.fr\\\/?p=1168\"},\"author\":{\"name\":\"Xavier\",\"@id\":\"http:\\\/\\\/www.aupadre.fr\\\/#\\\/schema\\\/person\\\/a4d65d0845eb7504e7ac0d30b04fc724\"},\"headline\":\"DEMANDE DE RETRAIT\",\"datePublished\":\"2019-10-31T23:25:22+00:00\",\"dateModified\":\"2019-10-31T23:25:24+00:00\",\"mainEntityOfPage\":{\"@id\":\"https:\\\/\\\/www.aupadre.fr\\\/?p=1168\"},\"wordCount\":270,\"commentCount\":4,\"image\":{\"@id\":\"https:\\\/\\\/www.aupadre.fr\\\/?p=1168#primaryimage\"},\"thumbnailUrl\":\"http:\\\/\\\/www.aupadre.fr\\\/wp-content\\\/uploads\\\/2019\\\/10\\\/IMG-20191031-WA0000-1024x1012.jpg\",\"articleSection\":[\"Actions en cours\"],\"inLanguage\":\"fr-FR\",\"potentialAction\":[{\"@type\":\"CommentAction\",\"name\":\"Comment\",\"target\":[\"https:\\\/\\\/www.aupadre.fr\\\/?p=1168#respond\"]}]},{\"@type\":\"WebPage\",\"@id\":\"https:\\\/\\\/www.aupadre.fr\\\/?p=1168\",\"url\":\"https:\\\/\\\/www.aupadre.fr\\\/?p=1168\",\"name\":\"DEMANDE DE RETRAIT - AUPADRE\",\"isPartOf\":{\"@id\":\"http:\\\/\\\/www.aupadre.fr\\\/#website\"},\"primaryImageOfPage\":{\"@id\":\"https:\\\/\\\/www.aupadre.fr\\\/?p=1168#primaryimage\"},\"image\":{\"@id\":\"https:\\\/\\\/www.aupadre.fr\\\/?p=1168#primaryimage\"},\"thumbnailUrl\":\"http:\\\/\\\/www.aupadre.fr\\\/wp-content\\\/uploads\\\/2019\\\/10\\\/IMG-20191031-WA0000-1024x1012.jpg\",\"datePublished\":\"2019-10-31T23:25:22+00:00\",\"dateModified\":\"2019-10-31T23:25:24+00:00\",\"author\":{\"@id\":\"http:\\\/\\\/www.aupadre.fr\\\/#\\\/schema\\\/person\\\/a4d65d0845eb7504e7ac0d30b04fc724\"},\"breadcrumb\":{\"@id\":\"https:\\\/\\\/www.aupadre.fr\\\/?p=1168#breadcrumb\"},\"inLanguage\":\"fr-FR\",\"potentialAction\":[{\"@type\":\"ReadAction\",\"target\":[\"https:\\\/\\\/www.aupadre.fr\\\/?p=1168\"]}]},{\"@type\":\"ImageObject\",\"inLanguage\":\"fr-FR\",\"@id\":\"https:\\\/\\\/www.aupadre.fr\\\/?p=1168#primaryimage\",\"url\":\"https:\\\/\\\/www.aupadre.fr\\\/wp-content\\\/uploads\\\/2019\\\/10\\\/IMG-20191031-WA0000-e1572562477405.jpg\",\"contentUrl\":\"https:\\\/\\\/www.aupadre.fr\\\/wp-content\\\/uploads\\\/2019\\\/10\\\/IMG-20191031-WA0000-e1572562477405.jpg\",\"width\":150,\"height\":148},{\"@type\":\"BreadcrumbList\",\"@id\":\"https:\\\/\\\/www.aupadre.fr\\\/?p=1168#breadcrumb\",\"itemListElement\":[{\"@type\":\"ListItem\",\"position\":1,\"name\":\"Accueil\",\"item\":\"http:\\\/\\\/www.aupadre.fr\\\/\"},{\"@type\":\"ListItem\",\"position\":2,\"name\":\"DEMANDE DE RETRAIT\"}]},{\"@type\":\"WebSite\",\"@id\":\"http:\\\/\\\/www.aupadre.fr\\\/#website\",\"url\":\"http:\\\/\\\/www.aupadre.fr\\\/\",\"name\":\"AUPADRE\",\"description\":\"Vogue la Gal\u00e8re sur les Rails !!!\",\"potentialAction\":[{\"@type\":\"SearchAction\",\"target\":{\"@type\":\"EntryPoint\",\"urlTemplate\":\"http:\\\/\\\/www.aupadre.fr\\\/?s={search_term_string}\"},\"query-input\":{\"@type\":\"PropertyValueSpecification\",\"valueRequired\":true,\"valueName\":\"search_term_string\"}}],\"inLanguage\":\"fr-FR\"},{\"@type\":\"Person\",\"@id\":\"http:\\\/\\\/www.aupadre.fr\\\/#\\\/schema\\\/person\\\/a4d65d0845eb7504e7ac0d30b04fc724\",\"name\":\"Xavier\",\"image\":{\"@type\":\"ImageObject\",\"inLanguage\":\"fr-FR\",\"@id\":\"https:\\\/\\\/secure.gravatar.com\\\/avatar\\\/ffb6d5ada7569959161d7e666c264373bd0a900188ef369643d330e156b456fa?s=96&r=g\",\"url\":\"https:\\\/\\\/secure.gravatar.com\\\/avatar\\\/ffb6d5ada7569959161d7e666c264373bd0a900188ef369643d330e156b456fa?s=96&r=g\",\"contentUrl\":\"https:\\\/\\\/secure.gravatar.com\\\/avatar\\\/ffb6d5ada7569959161d7e666c264373bd0a900188ef369643d330e156b456fa?s=96&r=g\",\"caption\":\"Xavier\"},\"url\":\"https:\\\/\\\/www.aupadre.fr\\\/?author=2\"}]}<\/script>\n<!-- \/ Yoast SEO plugin. -->","yoast_head_json":{"title":"DEMANDE DE RETRAIT - AUPADRE","robots":{"index":"index","follow":"follow","max-snippet":"max-snippet:-1","max-image-preview":"max-image-preview:large","max-video-preview":"max-video-preview:-1"},"canonical":"https:\/\/www.aupadre.fr\/?p=1168","og_locale":"fr_FR","og_type":"article","og_title":"DEMANDE DE RETRAIT - AUPADRE","og_description":"Communiqu\u00e9, au sujet d&rsquo;une campagne surr\u00e9aliste de communication SNCF STIF RATP &#8211; Octobre 2019 AUPADRE s\u2019interroge sur les sommes vers\u00e9es (sur nos imp\u00f4ts et le prix de nos titres de transport&nbsp;! ) au communiquant qui a pens\u00e9 cette campagne, et&hellip;","og_url":"https:\/\/www.aupadre.fr\/?p=1168","og_site_name":"AUPADRE","article_published_time":"2019-10-31T23:25:22+00:00","article_modified_time":"2019-10-31T23:25:24+00:00","og_image":[{"url":"http:\/\/www.aupadre.fr\/wp-content\/uploads\/2019\/10\/IMG-20191031-WA0000-1024x1012.jpg","type":"","width":"","height":""}],"author":"Xavier","twitter_card":"summary_large_image","twitter_misc":{"\u00c9crit par":"Xavier","Dur\u00e9e de lecture estim\u00e9e":"1 minute"},"schema":{"@context":"https:\/\/schema.org","@graph":[{"@type":"Article","@id":"https:\/\/www.aupadre.fr\/?p=1168#article","isPartOf":{"@id":"https:\/\/www.aupadre.fr\/?p=1168"},"author":{"name":"Xavier","@id":"http:\/\/www.aupadre.fr\/#\/schema\/person\/a4d65d0845eb7504e7ac0d30b04fc724"},"headline":"DEMANDE DE RETRAIT","datePublished":"2019-10-31T23:25:22+00:00","dateModified":"2019-10-31T23:25:24+00:00","mainEntityOfPage":{"@id":"https:\/\/www.aupadre.fr\/?p=1168"},"wordCount":270,"commentCount":4,"image":{"@id":"https:\/\/www.aupadre.fr\/?p=1168#primaryimage"},"thumbnailUrl":"http:\/\/www.aupadre.fr\/wp-content\/uploads\/2019\/10\/IMG-20191031-WA0000-1024x1012.jpg","articleSection":["Actions en cours"],"inLanguage":"fr-FR","potentialAction":[{"@type":"CommentAction","name":"Comment","target":["https:\/\/www.aupadre.fr\/?p=1168#respond"]}]},{"@type":"WebPage","@id":"https:\/\/www.aupadre.fr\/?p=1168","url":"https:\/\/www.aupadre.fr\/?p=1168","name":"DEMANDE DE RETRAIT - AUPADRE","isPartOf":{"@id":"http:\/\/www.aupadre.fr\/#website"},"primaryImageOfPage":{"@id":"https:\/\/www.aupadre.fr\/?p=1168#primaryimage"},"image":{"@id":"https:\/\/www.aupadre.fr\/?p=1168#primaryimage"},"thumbnailUrl":"http:\/\/www.aupadre.fr\/wp-content\/uploads\/2019\/10\/IMG-20191031-WA0000-1024x1012.jpg","datePublished":"2019-10-31T23:25:22+00:00","dateModified":"2019-10-31T23:25:24+00:00","author":{"@id":"http:\/\/www.aupadre.fr\/#\/schema\/person\/a4d65d0845eb7504e7ac0d30b04fc724"},"breadcrumb":{"@id":"https:\/\/www.aupadre.fr\/?p=1168#breadcrumb"},"inLanguage":"fr-FR","potentialAction":[{"@type":"ReadAction","target":["https:\/\/www.aupadre.fr\/?p=1168"]}]},{"@type":"ImageObject","inLanguage":"fr-FR","@id":"https:\/\/www.aupadre.fr\/?p=1168#primaryimage","url":"https:\/\/www.aupadre.fr\/wp-content\/uploads\/2019\/10\/IMG-20191031-WA0000-e1572562477405.jpg","contentUrl":"https:\/\/www.aupadre.fr\/wp-content\/uploads\/2019\/10\/IMG-20191031-WA0000-e1572562477405.jpg","width":150,"height":148},{"@type":"BreadcrumbList","@id":"https:\/\/www.aupadre.fr\/?p=1168#breadcrumb","itemListElement":[{"@type":"ListItem","position":1,"name":"Accueil","item":"http:\/\/www.aupadre.fr\/"},{"@type":"ListItem","position":2,"name":"DEMANDE DE RETRAIT"}]},{"@type":"WebSite","@id":"http:\/\/www.aupadre.fr\/#website","url":"http:\/\/www.aupadre.fr\/","name":"AUPADRE","description":"Vogue la Gal\u00e8re sur les Rails !!!","potentialAction":[{"@type":"SearchAction","target":{"@type":"EntryPoint","urlTemplate":"http:\/\/www.aupadre.fr\/?s={search_term_string}"},"query-input":{"@type":"PropertyValueSpecification","valueRequired":true,"valueName":"search_term_string"}}],"inLanguage":"fr-FR"},{"@type":"Person","@id":"http:\/\/www.aupadre.fr\/#\/schema\/person\/a4d65d0845eb7504e7ac0d30b04fc724","name":"Xavier","image":{"@type":"ImageObject","inLanguage":"fr-FR","@id":"https:\/\/secure.gravatar.com\/avatar\/ffb6d5ada7569959161d7e666c264373bd0a900188ef369643d330e156b456fa?s=96&r=g","url":"https:\/\/secure.gravatar.com\/avatar\/ffb6d5ada7569959161d7e666c264373bd0a900188ef369643d330e156b456fa?s=96&r=g","contentUrl":"https:\/\/secure.gravatar.com\/avatar\/ffb6d5ada7569959161d7e666c264373bd0a900188ef369643d330e156b456fa?s=96&r=g","caption":"Xavier"},"url":"https:\/\/www.aupadre.fr\/?author=2"}]}},"_links":{"self":[{"href":"https:\/\/www.aupadre.fr\/index.php?rest_route=\/wp\/v2\/posts\/1168","targetHints":{"allow":["GET"]}}],"collection":[{"href":"https:\/\/www.aupadre.fr\/index.php?rest_route=\/wp\/v2\/posts"}],"about":[{"href":"https:\/\/www.aupadre.fr\/index.php?rest_route=\/wp\/v2\/types\/post"}],"author":[{"embeddable":true,"href":"https:\/\/www.aupadre.fr\/index.php?rest_route=\/wp\/v2\/users\/2"}],"replies":[{"embeddable":true,"href":"https:\/\/www.aupadre.fr\/index.php?rest_route=%2Fwp%2Fv2%2Fcomments&post=1168"}],"version-history":[{"count":2,"href":"https:\/\/www.aupadre.fr\/index.php?rest_route=\/wp\/v2\/posts\/1168\/revisions"}],"predecessor-version":[{"id":1172,"href":"https:\/\/www.aupadre.fr\/index.php?rest_route=\/wp\/v2\/posts\/1168\/revisions\/1172"}],"wp:attachment":[{"href":"https:\/\/www.aupadre.fr\/index.php?rest_route=%2Fwp%2Fv2%2Fmedia&parent=1168"}],"wp:term":[{"taxonomy":"category","embeddable":true,"href":"https:\/\/www.aupadre.fr\/index.php?rest_route=%2Fwp%2Fv2%2Fcategories&post=1168"},{"taxonomy":"post_tag","embeddable":true,"href":"https:\/\/www.aupadre.fr\/index.php?rest_route=%2Fwp%2Fv2%2Ftags&post=1168"}],"curies":[{"name":"wp","href":"https:\/\/api.w.org\/{rel}","templated":true}]}}