{"id":1148,"date":"2019-10-27T18:20:30","date_gmt":"2019-10-27T17:20:30","guid":{"rendered":"http:\/\/www.aupadre.fr\/?p=1148"},"modified":"2019-12-09T17:27:00","modified_gmt":"2019-12-09T16:27:00","slug":"calendrier-4-trimestre-2019","status":"publish","type":"post","link":"https:\/\/www.aupadre.fr\/?p=1148","title":{"rendered":"Agenda AUPADRE"},"content":{"rendered":"\n<p><em>&#8211; A compter du 2e semestre 2019 &#8211;<\/em><\/p>\n\n\n\n<ul class=\"wp-block-list\"><li><strong><span style=\"text-decoration: underline;\">Juillet<\/span>&nbsp;: <\/strong>Test SNCF AUPADRE&nbsp;avec le groupe utilisateurs de la ligne N d\u2019un affichage des quais plus tardif pour am\u00e9liorer l\u2019acc\u00e8s aux trains<\/li><\/ul>\n\n\n\n<ul class=\"wp-block-list\"><li><strong><span style=\"text-decoration: underline;\">23 juillet<\/span>&nbsp;:<\/strong> R\u00e9union SNCF &#8211; Retour d\u2019exp\u00e9rience affichage \u00e0 10 minutes <\/li><\/ul>\n\n\n\n<ul class=\"wp-block-list\"><li><strong><span style=\"text-decoration: underline;\">27 ao\u00fbt<\/span>&nbsp;:<\/strong> R\u00e9union SNCF direction lignes N &amp; U AUPADRE point de rentr\u00e9e, perspectives de travaux, information voyageurs, etc.<\/li><\/ul>\n\n\n\n<ul class=\"wp-block-list\"><li><strong><span style=\"text-decoration: underline;\">Courant septembre<\/span>&nbsp;:<\/strong> Lancement de la p\u00e9tition pour la gratuit\u00e9 des acc\u00e8s aux parkings au local &#8211; Contacts presse<\/li><\/ul>\n\n\n\n<ul class=\"wp-block-list\"><li><strong><span style=\"text-decoration: underline;\">21 septembre<\/span>&nbsp;:<\/strong> Envois des courriers relatifs aux acc\u00e8s aux stationnement aux abords des gares aux \u00e9lus de proximit\u00e9, aux d\u00e9put\u00e9s, \u00e0 Ile-de-France Mobilit\u00e9<\/li><\/ul>\n\n\n\n<ul class=\"wp-block-list\"><li><strong><span style=\"text-decoration: underline;\">5 octobre<\/span>&nbsp;:<\/strong>&nbsp; Rencontre avec des \u00e9lus ou personnalit\u00e9s publiques souhaitant comprendre la situation des clients de la ligne et les positions d\u2019AUPADRE<\/li><\/ul>\n\n\n\n<ul class=\"wp-block-list\"><li><strong><span style=\"text-decoration: underline;\">15 octobre<\/span>&nbsp;:<\/strong> Rencontre avec les \u00e9lus de Villiers-Saint-Fr\u00e9d\u00e9ric<\/li><\/ul>\n\n\n\n<ul class=\"wp-block-list\"><li><strong><span style=\"text-decoration: underline;\">17 octobre<\/span>&nbsp;:<\/strong> R\u00e9union IDFM Information Voyageurs Austerlitz<\/li><\/ul>\n\n\n\n<ul class=\"wp-block-list\"><li><strong><span style=\"text-decoration: underline;\">Courant octobre<\/span>&nbsp;:<\/strong> Prise de contact avec les \u00e9lus locaux pour les rendez-vous par commune, IDFM et la SNCF<\/li><\/ul>\n\n\n\n<ul class=\"wp-block-list\"><li><strong><span style=\"text-decoration: underline;\">22 octobre<\/span>&nbsp;:<\/strong> Contact avec les usagers de Marchezais-Brou\u00e9<\/li><\/ul>\n\n\n\n<ul class=\"wp-block-list\"><li><strong><span style=\"text-decoration: underline;\">23 octobre<\/span>&nbsp;:<\/strong> Assembl\u00e9e Nationale rencontre avec Mme la D\u00e9put\u00e9e Aurore Berg\u00e9<\/li><\/ul>\n\n\n\n<ul class=\"wp-block-list\"><li><strong><span style=\"text-decoration: underline;\">26 octobre<\/span>&nbsp;:<\/strong> R\u00e9union avec les \u00e9lus de La-Queue-Lez-Yvelines<\/li><\/ul>\n\n\n\n<ul class=\"wp-block-list\"><li><strong><span style=\"text-decoration: underline;\">31 octobre<\/span>&nbsp;:<\/strong> R\u00e9union avec le Maire de Montfort l\u2019Amaury (report\u00e9)<\/li><\/ul>\n\n\n\n<ul class=\"wp-block-list\"><li><strong><span style=\"text-decoration: underline;\">2 novembre<\/span><\/strong> : AUPADRE : demande de retrait d&rsquo;une campagne de communication IDFM-SNCF \u00ab\u00a0responsabilit\u00e9 usagers\u00a0\u00bb<\/li><\/ul>\n\n\n\n<ul class=\"wp-block-list\"><li><strong><span style=\"text-decoration: underline;\">6 novembre<\/span><\/strong> : Conseil Communautaire C\u0153ur d&rsquo;Yvelines (vote sur tarification parkings Villiers et Montfort) &#8211; Pr\u00e9sence d&rsquo;AUPADRE<\/li><\/ul>\n\n\n\n<ul class=\"wp-block-list\"><li><strong><span style=\"text-decoration: underline;\">7 novembre<\/span><\/strong>&nbsp;: R\u00e9union avec C\u0153ur d\u2019Yvelines<\/li><\/ul>\n\n\n\n<ul class=\"wp-block-list\"><li><strong><span style=\"text-decoration: underline;\">13 novembre<\/span><\/strong>&nbsp;: R\u00e9union Ile-de-France Mobilit\u00e9s <\/li><\/ul>\n\n\n\n<ul class=\"wp-block-list\"><li><strong><span style=\"text-decoration: underline;\">16 novembre<\/span>&nbsp;:<\/strong> R\u00e9union avec le maire de Houdan<\/li><\/ul>\n\n\n\n<ul class=\"wp-block-list\"><li><strong><span style=\"text-decoration: underline;\">19 novembre<\/span>&nbsp;:<\/strong>&nbsp; R\u00e9union SNCF direction des lignes N&amp;U<\/li><\/ul>\n\n\n\n<ul class=\"wp-block-list\"><li><strong><span style=\"text-decoration: underline;\">26 novembre<\/span><\/strong> : R\u00e9union AUPADRE avec le SITERR et les deux principaux transporteurs HOURTOULE et TRANSDEV<\/li><\/ul>\n\n\n\n<ul class=\"wp-block-list\"><li><strong><span style=\"text-decoration: underline;\">3 d\u00e9cembre<\/span><\/strong> : Assembl\u00e9e Nationale, Rencontre avec Mme la d\u00e9put\u00e9e Florence Granjus.<\/li><\/ul>\n\n\n\n<ul class=\"wp-block-list\"><li><strong><span style=\"text-decoration: underline;\">11 d\u00e9cembre<\/span><\/strong> : R\u00e9union du CA AUPADRE<\/li><\/ul>\n\n\n\n<ul class=\"wp-block-list\"><li><strong><span style=\"text-decoration: underline;\">15 d\u00e9cembre<\/span><\/strong> : Point avec le SITERR<\/li><\/ul>\n\n\n\n<ul class=\"wp-block-list\"><li><strong><span style=\"text-decoration: underline;\">15 janvier<\/span><\/strong> : R\u00e9union regroupant IDFM, le SITERR,  la SNCF et AUPADRE <\/li><\/ul>\n","protected":false},"excerpt":{"rendered":"<p>&#8211; A compter du 2e semestre 2019 &#8211; Juillet&nbsp;: Test SNCF AUPADRE&nbsp;avec le groupe utilisateurs de la ligne N d\u2019un affichage des quais plus tardif pour am\u00e9liorer l\u2019acc\u00e8s aux trains 23 juillet&nbsp;: R\u00e9union SNCF &#8211; Retour d\u2019exp\u00e9rience affichage \u00e0 10&hellip; <\/p>\n","protected":false},"author":2,"featured_media":0,"comment_status":"open","ping_status":"open","sticky":false,"template":"","format":"standard","meta":{"_monsterinsights_skip_tracking":false,"_monsterinsights_sitenote_active":false,"_monsterinsights_sitenote_note":"","_monsterinsights_sitenote_category":0,"footnotes":""},"categories":[1],"tags":[118,89,33],"class_list":["post-1148","post","type-post","status-publish","format-standard","hentry","category-actions-encours","tag-118","tag-aupadre-2","tag-ligne-n"],"yoast_head":"<!-- This site is optimized with the Yoast SEO plugin v27.5 - https:\/\/yoast.com\/product\/yoast-seo-wordpress\/ -->\n<title>Agenda AUPADRE - AUPADRE<\/title>\n<meta name=\"robots\" content=\"index, follow, max-snippet:-1, max-image-preview:large, max-video-preview:-1\" \/>\n<link rel=\"canonical\" href=\"http:\/\/www.aupadre.fr\/?p=1148\" \/>\n<meta property=\"og:locale\" content=\"fr_FR\" \/>\n<meta property=\"og:type\" content=\"article\" \/>\n<meta property=\"og:title\" content=\"Agenda AUPADRE - AUPADRE\" \/>\n<meta property=\"og:description\" content=\"&#8211; A compter du 2e semestre 2019 &#8211; Juillet&nbsp;: Test SNCF AUPADRE&nbsp;avec le groupe utilisateurs de la ligne N d\u2019un affichage des quais plus tardif pour am\u00e9liorer l\u2019acc\u00e8s aux trains 23 juillet&nbsp;: R\u00e9union SNCF &#8211; Retour d\u2019exp\u00e9rience affichage \u00e0 10&hellip;\" \/>\n<meta property=\"og:url\" content=\"http:\/\/www.aupadre.fr\/?p=1148\" \/>\n<meta property=\"og:site_name\" content=\"AUPADRE\" \/>\n<meta property=\"article:published_time\" content=\"2019-10-27T17:20:30+00:00\" \/>\n<meta property=\"article:modified_time\" content=\"2019-12-09T16:27:00+00:00\" \/>\n<meta name=\"author\" content=\"Xavier\" \/>\n<meta name=\"twitter:card\" content=\"summary_large_image\" \/>\n<meta name=\"twitter:label1\" content=\"\u00c9crit par\" \/>\n\t<meta name=\"twitter:data1\" content=\"Xavier\" \/>\n\t<meta name=\"twitter:label2\" content=\"Dur\u00e9e de lecture estim\u00e9e\" \/>\n\t<meta name=\"twitter:data2\" content=\"2 minutes\" \/>\n<script type=\"application\/ld+json\" class=\"yoast-schema-graph\">{\"@context\":\"https:\\\/\\\/schema.org\",\"@graph\":[{\"@type\":\"Article\",\"@id\":\"http:\\\/\\\/www.aupadre.fr\\\/?p=1148#article\",\"isPartOf\":{\"@id\":\"http:\\\/\\\/www.aupadre.fr\\\/?p=1148\"},\"author\":{\"name\":\"Xavier\",\"@id\":\"http:\\\/\\\/www.aupadre.fr\\\/#\\\/schema\\\/person\\\/a4d65d0845eb7504e7ac0d30b04fc724\"},\"headline\":\"Agenda AUPADRE\",\"datePublished\":\"2019-10-27T17:20:30+00:00\",\"dateModified\":\"2019-12-09T16:27:00+00:00\",\"mainEntityOfPage\":{\"@id\":\"http:\\\/\\\/www.aupadre.fr\\\/?p=1148\"},\"wordCount\":345,\"commentCount\":3,\"keywords\":[\"2019\",\"Aupadre\",\"ligne N\"],\"articleSection\":[\"Actions en cours\"],\"inLanguage\":\"fr-FR\",\"potentialAction\":[{\"@type\":\"CommentAction\",\"name\":\"Comment\",\"target\":[\"http:\\\/\\\/www.aupadre.fr\\\/?p=1148#respond\"]}]},{\"@type\":\"WebPage\",\"@id\":\"http:\\\/\\\/www.aupadre.fr\\\/?p=1148\",\"url\":\"http:\\\/\\\/www.aupadre.fr\\\/?p=1148\",\"name\":\"Agenda AUPADRE - AUPADRE\",\"isPartOf\":{\"@id\":\"http:\\\/\\\/www.aupadre.fr\\\/#website\"},\"datePublished\":\"2019-10-27T17:20:30+00:00\",\"dateModified\":\"2019-12-09T16:27:00+00:00\",\"author\":{\"@id\":\"http:\\\/\\\/www.aupadre.fr\\\/#\\\/schema\\\/person\\\/a4d65d0845eb7504e7ac0d30b04fc724\"},\"breadcrumb\":{\"@id\":\"http:\\\/\\\/www.aupadre.fr\\\/?p=1148#breadcrumb\"},\"inLanguage\":\"fr-FR\",\"potentialAction\":[{\"@type\":\"ReadAction\",\"target\":[\"http:\\\/\\\/www.aupadre.fr\\\/?p=1148\"]}]},{\"@type\":\"BreadcrumbList\",\"@id\":\"http:\\\/\\\/www.aupadre.fr\\\/?p=1148#breadcrumb\",\"itemListElement\":[{\"@type\":\"ListItem\",\"position\":1,\"name\":\"Accueil\",\"item\":\"http:\\\/\\\/www.aupadre.fr\\\/\"},{\"@type\":\"ListItem\",\"position\":2,\"name\":\"Agenda AUPADRE\"}]},{\"@type\":\"WebSite\",\"@id\":\"http:\\\/\\\/www.aupadre.fr\\\/#website\",\"url\":\"http:\\\/\\\/www.aupadre.fr\\\/\",\"name\":\"AUPADRE\",\"description\":\"Vogue la Gal\u00e8re sur les Rails !!!\",\"potentialAction\":[{\"@type\":\"SearchAction\",\"target\":{\"@type\":\"EntryPoint\",\"urlTemplate\":\"http:\\\/\\\/www.aupadre.fr\\\/?s={search_term_string}\"},\"query-input\":{\"@type\":\"PropertyValueSpecification\",\"valueRequired\":true,\"valueName\":\"search_term_string\"}}],\"inLanguage\":\"fr-FR\"},{\"@type\":\"Person\",\"@id\":\"http:\\\/\\\/www.aupadre.fr\\\/#\\\/schema\\\/person\\\/a4d65d0845eb7504e7ac0d30b04fc724\",\"name\":\"Xavier\",\"image\":{\"@type\":\"ImageObject\",\"inLanguage\":\"fr-FR\",\"@id\":\"https:\\\/\\\/secure.gravatar.com\\\/avatar\\\/ffb6d5ada7569959161d7e666c264373bd0a900188ef369643d330e156b456fa?s=96&r=g\",\"url\":\"https:\\\/\\\/secure.gravatar.com\\\/avatar\\\/ffb6d5ada7569959161d7e666c264373bd0a900188ef369643d330e156b456fa?s=96&r=g\",\"contentUrl\":\"https:\\\/\\\/secure.gravatar.com\\\/avatar\\\/ffb6d5ada7569959161d7e666c264373bd0a900188ef369643d330e156b456fa?s=96&r=g\",\"caption\":\"Xavier\"},\"url\":\"https:\\\/\\\/www.aupadre.fr\\\/?author=2\"}]}<\/script>\n<!-- \/ Yoast SEO plugin. -->","yoast_head_json":{"title":"Agenda AUPADRE - AUPADRE","robots":{"index":"index","follow":"follow","max-snippet":"max-snippet:-1","max-image-preview":"max-image-preview:large","max-video-preview":"max-video-preview:-1"},"canonical":"http:\/\/www.aupadre.fr\/?p=1148","og_locale":"fr_FR","og_type":"article","og_title":"Agenda AUPADRE - AUPADRE","og_description":"&#8211; A compter du 2e semestre 2019 &#8211; Juillet&nbsp;: Test SNCF AUPADRE&nbsp;avec le groupe utilisateurs de la ligne N d\u2019un affichage des quais plus tardif pour am\u00e9liorer l\u2019acc\u00e8s aux trains 23 juillet&nbsp;: R\u00e9union SNCF &#8211; Retour d\u2019exp\u00e9rience affichage \u00e0 10&hellip;","og_url":"http:\/\/www.aupadre.fr\/?p=1148","og_site_name":"AUPADRE","article_published_time":"2019-10-27T17:20:30+00:00","article_modified_time":"2019-12-09T16:27:00+00:00","author":"Xavier","twitter_card":"summary_large_image","twitter_misc":{"\u00c9crit par":"Xavier","Dur\u00e9e de lecture estim\u00e9e":"2 minutes"},"schema":{"@context":"https:\/\/schema.org","@graph":[{"@type":"Article","@id":"http:\/\/www.aupadre.fr\/?p=1148#article","isPartOf":{"@id":"http:\/\/www.aupadre.fr\/?p=1148"},"author":{"name":"Xavier","@id":"http:\/\/www.aupadre.fr\/#\/schema\/person\/a4d65d0845eb7504e7ac0d30b04fc724"},"headline":"Agenda AUPADRE","datePublished":"2019-10-27T17:20:30+00:00","dateModified":"2019-12-09T16:27:00+00:00","mainEntityOfPage":{"@id":"http:\/\/www.aupadre.fr\/?p=1148"},"wordCount":345,"commentCount":3,"keywords":["2019","Aupadre","ligne N"],"articleSection":["Actions en cours"],"inLanguage":"fr-FR","potentialAction":[{"@type":"CommentAction","name":"Comment","target":["http:\/\/www.aupadre.fr\/?p=1148#respond"]}]},{"@type":"WebPage","@id":"http:\/\/www.aupadre.fr\/?p=1148","url":"http:\/\/www.aupadre.fr\/?p=1148","name":"Agenda AUPADRE - AUPADRE","isPartOf":{"@id":"http:\/\/www.aupadre.fr\/#website"},"datePublished":"2019-10-27T17:20:30+00:00","dateModified":"2019-12-09T16:27:00+00:00","author":{"@id":"http:\/\/www.aupadre.fr\/#\/schema\/person\/a4d65d0845eb7504e7ac0d30b04fc724"},"breadcrumb":{"@id":"http:\/\/www.aupadre.fr\/?p=1148#breadcrumb"},"inLanguage":"fr-FR","potentialAction":[{"@type":"ReadAction","target":["http:\/\/www.aupadre.fr\/?p=1148"]}]},{"@type":"BreadcrumbList","@id":"http:\/\/www.aupadre.fr\/?p=1148#breadcrumb","itemListElement":[{"@type":"ListItem","position":1,"name":"Accueil","item":"http:\/\/www.aupadre.fr\/"},{"@type":"ListItem","position":2,"name":"Agenda AUPADRE"}]},{"@type":"WebSite","@id":"http:\/\/www.aupadre.fr\/#website","url":"http:\/\/www.aupadre.fr\/","name":"AUPADRE","description":"Vogue la Gal\u00e8re sur les Rails !!!","potentialAction":[{"@type":"SearchAction","target":{"@type":"EntryPoint","urlTemplate":"http:\/\/www.aupadre.fr\/?s={search_term_string}"},"query-input":{"@type":"PropertyValueSpecification","valueRequired":true,"valueName":"search_term_string"}}],"inLanguage":"fr-FR"},{"@type":"Person","@id":"http:\/\/www.aupadre.fr\/#\/schema\/person\/a4d65d0845eb7504e7ac0d30b04fc724","name":"Xavier","image":{"@type":"ImageObject","inLanguage":"fr-FR","@id":"https:\/\/secure.gravatar.com\/avatar\/ffb6d5ada7569959161d7e666c264373bd0a900188ef369643d330e156b456fa?s=96&r=g","url":"https:\/\/secure.gravatar.com\/avatar\/ffb6d5ada7569959161d7e666c264373bd0a900188ef369643d330e156b456fa?s=96&r=g","contentUrl":"https:\/\/secure.gravatar.com\/avatar\/ffb6d5ada7569959161d7e666c264373bd0a900188ef369643d330e156b456fa?s=96&r=g","caption":"Xavier"},"url":"https:\/\/www.aupadre.fr\/?author=2"}]}},"_links":{"self":[{"href":"https:\/\/www.aupadre.fr\/index.php?rest_route=\/wp\/v2\/posts\/1148","targetHints":{"allow":["GET"]}}],"collection":[{"href":"https:\/\/www.aupadre.fr\/index.php?rest_route=\/wp\/v2\/posts"}],"about":[{"href":"https:\/\/www.aupadre.fr\/index.php?rest_route=\/wp\/v2\/types\/post"}],"author":[{"embeddable":true,"href":"https:\/\/www.aupadre.fr\/index.php?rest_route=\/wp\/v2\/users\/2"}],"replies":[{"embeddable":true,"href":"https:\/\/www.aupadre.fr\/index.php?rest_route=%2Fwp%2Fv2%2Fcomments&post=1148"}],"version-history":[{"count":11,"href":"https:\/\/www.aupadre.fr\/index.php?rest_route=\/wp\/v2\/posts\/1148\/revisions"}],"predecessor-version":[{"id":1224,"href":"https:\/\/www.aupadre.fr\/index.php?rest_route=\/wp\/v2\/posts\/1148\/revisions\/1224"}],"wp:attachment":[{"href":"https:\/\/www.aupadre.fr\/index.php?rest_route=%2Fwp%2Fv2%2Fmedia&parent=1148"}],"wp:term":[{"taxonomy":"category","embeddable":true,"href":"https:\/\/www.aupadre.fr\/index.php?rest_route=%2Fwp%2Fv2%2Fcategories&post=1148"},{"taxonomy":"post_tag","embeddable":true,"href":"https:\/\/www.aupadre.fr\/index.php?rest_route=%2Fwp%2Fv2%2Ftags&post=1148"}],"curies":[{"name":"wp","href":"https:\/\/api.w.org\/{rel}","templated":true}]}}